{"id":125566,"date":"2025-07-01T11:30:14","date_gmt":"2025-07-01T08:30:14","guid":{"rendered":"https:\/\/realitatearutiera.ro\/?p=125566"},"modified":"2025-07-01T11:30:16","modified_gmt":"2025-07-01T08:30:16","slug":"ambulanta-rasturnata-pe-bulevardul-libertatii-din-capitala","status":"publish","type":"post","link":"https:\/\/realitatearutiera.ro\/?p=125566","title":{"rendered":"Ambulan\u021b\u0103 r\u0103sturnat\u0103 pe bulevardul Libert\u0103\u021bii din Capital\u0103"},"content":{"rendered":"\n<h2 class=\"wp-block-heading\">O ambulan\u021b\u0103 a fost implicat\u0103 \u00eentr-un accident rutier ce a avut loc \u00een cursul zilei de mar\u021bi, 1 Iulie 2025, pe bulevardul Libert\u0103\u021bii din Bucure\u0219ti.<\/h2>\n\n\n\n<figure class=\"wp-block-image size-large is-resized\"><img loading=\"lazy\" decoding=\"async\" width=\"800\" height=\"450\" data-attachment-id=\"125568\" data-permalink=\"https:\/\/realitatearutiera.ro\/?attachment_id=125568\" data-orig-file=\"https:\/\/i2.wp.com\/realitatearutiera.ro\/wp-content\/uploads\/2025\/07\/image-4.png?fit=2048%2C1152&amp;ssl=1\" data-orig-size=\"2048,1152\" data-comments-opened=\"1\" data-image-meta=\"{&quot;aperture&quot;:&quot;0&quot;,&quot;credit&quot;:&quot;&quot;,&quot;camera&quot;:&quot;&quot;,&quot;caption&quot;:&quot;&quot;,&quot;created_timestamp&quot;:&quot;0&quot;,&quot;copyright&quot;:&quot;&quot;,&quot;focal_length&quot;:&quot;0&quot;,&quot;iso&quot;:&quot;0&quot;,&quot;shutter_speed&quot;:&quot;0&quot;,&quot;title&quot;:&quot;&quot;,&quot;orientation&quot;:&quot;0&quot;}\" data-image-title=\"image\" data-image-description=\"\" data-medium-file=\"https:\/\/i2.wp.com\/realitatearutiera.ro\/wp-content\/uploads\/2025\/07\/image-4.png?fit=300%2C169&amp;ssl=1\" data-large-file=\"https:\/\/i2.wp.com\/realitatearutiera.ro\/wp-content\/uploads\/2025\/07\/image-4.png?fit=800%2C450&amp;ssl=1\" src=\"https:\/\/i2.wp.com\/realitatearutiera.ro\/wp-content\/uploads\/2025\/07\/image-4-1024x576.png?resize=800%2C450&#038;ssl=1\" alt=\"\" class=\"wp-image-125568\" style=\"width:557px;height:auto\" srcset=\"https:\/\/i2.wp.com\/realitatearutiera.ro\/wp-content\/uploads\/2025\/07\/image-4.png?resize=1024%2C576&amp;ssl=1 1024w, https:\/\/i2.wp.com\/realitatearutiera.ro\/wp-content\/uploads\/2025\/07\/image-4.png?resize=300%2C169&amp;ssl=1 300w, https:\/\/i2.wp.com\/realitatearutiera.ro\/wp-content\/uploads\/2025\/07\/image-4.png?resize=768%2C432&amp;ssl=1 768w, https:\/\/i2.wp.com\/realitatearutiera.ro\/wp-content\/uploads\/2025\/07\/image-4.png?resize=1536%2C864&amp;ssl=1 1536w, https:\/\/i2.wp.com\/realitatearutiera.ro\/wp-content\/uploads\/2025\/07\/image-4.png?w=2048&amp;ssl=1 2048w, https:\/\/i2.wp.com\/realitatearutiera.ro\/wp-content\/uploads\/2025\/07\/image-4.png?w=1600 1600w\" sizes=\"auto, (max-width: 800px) 100vw, 800px\" data-recalc-dims=\"1\" \/><\/figure>\n\n\n\n<p>\u00cen jurul orei 08:30, Brigada Rutier\u0103 a fost sesizat\u0103 prin apel 112, cu privire la producerea unui accident de circula\u021bie, ce a avut loc la intersec\u021bia dintre bulevardul Libert\u0103\u021bii cu bulevardul Na\u021biunile Unite, unde o autospecial\u0103 din cadrul Serviciului Mobil de Urgen\u021b\u0103, Reanimare \u0219i Descarcerare, care se deplasa pe bd. Libert\u0103\u021bii, av\u00e2nd semnalele acustice \u0219i luminoase \u00een func\u021biune \u0219i fiind \u00een misiune, c\u00e2nd a ajuns la intersec\u021bia cu bd. Na\u021biunile Unite a intrat \u00een coliziune cu un autoturism condus de c\u0103tre un b\u0103rbat \u00een v\u00e2rst\u0103 de 50 de ani.<\/p>\n\n\n\n<p>\u00cen urma coliziunii dintre cele dou\u0103 vehicule, autospeciala SMURD s-a r\u0103sturnat pe lateral.<br>Nicio persoan\u0103 nu a suferit v\u0103t\u0103m\u0103ri, evenimentul rutier fiind soldat exclusiv cu pagube materiale.<\/p>\n\n\n\n<p>Ambii conduc\u0103tori de vehicule au fost testa\u021bi cu aparatul etilotest, rezultatele fiind \u201czero\u201d.<br>Ace\u0219tia au fost \u00eendruma\u021bi la sediul Biroului Accidente U\u0219oare, \u00een vederea \u00eentocmirii documentelor de constatare.<\/p>\n\n\n\n<p>Sursa:infotraficromania<\/p>\n\n\n\n<p><\/p>\n","protected":false},"excerpt":{"rendered":"<p>O ambulan\u021b\u0103 a fost implicat\u0103 \u00eentr-un accident rutier ce a avut loc \u00een cursul zilei de mar\u021bi, 1 Iulie 2025,<\/p>\n","protected":false},"author":1,"featured_media":98109,"comment_status":"open","ping_status":"closed","sticky":false,"template":"","format":"standard","meta":{"spay_email":"","footnotes":"","jetpack_publicize_message":""},"categories":[1],"tags":[],"class_list":["post-125566","post","type-post","status-publish","format-standard","has-post-thumbnail","hentry","category-uncategorized"],"jetpack_featured_media_url":"https:\/\/realitatearutiera.ro\/wp-content\/uploads\/2023\/04\/accident.webp","jetpack_publicize_connections":[],"jetpack_sharing_enabled":true,"jetpack_shortlink":"https:\/\/wp.me\/p61naM-wFg","jetpack-related-posts":[],"_links":{"self":[{"href":"https:\/\/realitatearutiera.ro\/index.php?rest_route=\/wp\/v2\/posts\/125566","targetHints":{"allow":["GET"]}}],"collection":[{"href":"https:\/\/realitatearutiera.ro\/index.php?rest_route=\/wp\/v2\/posts"}],"about":[{"href":"https:\/\/realitatearutiera.ro\/index.php?rest_route=\/wp\/v2\/types\/post"}],"author":[{"embeddable":true,"href":"https:\/\/realitatearutiera.ro\/index.php?rest_route=\/wp\/v2\/users\/1"}],"replies":[{"embeddable":true,"href":"https:\/\/realitatearutiera.ro\/index.php?rest_route=%2Fwp%2Fv2%2Fcomments&post=125566"}],"version-history":[{"count":1,"href":"https:\/\/realitatearutiera.ro\/index.php?rest_route=\/wp\/v2\/posts\/125566\/revisions"}],"predecessor-version":[{"id":125569,"href":"https:\/\/realitatearutiera.ro\/index.php?rest_route=\/wp\/v2\/posts\/125566\/revisions\/125569"}],"wp:featuredmedia":[{"embeddable":true,"href":"https:\/\/realitatearutiera.ro\/index.php?rest_route=\/wp\/v2\/media\/98109"}],"wp:attachment":[{"href":"https:\/\/realitatearutiera.ro\/index.php?rest_route=%2Fwp%2Fv2%2Fmedia&parent=125566"}],"wp:term":[{"taxonomy":"category","embeddable":true,"href":"https:\/\/realitatearutiera.ro\/index.php?rest_route=%2Fwp%2Fv2%2Fcategories&post=125566"},{"taxonomy":"post_tag","embeddable":true,"href":"https:\/\/realitatearutiera.ro\/index.php?rest_route=%2Fwp%2Fv2%2Ftags&post=125566"}],"curies":[{"name":"wp","href":"https:\/\/api.w.org\/{rel}","templated":true}]}}