{"id":125667,"date":"2025-07-03T10:36:06","date_gmt":"2025-07-03T07:36:06","guid":{"rendered":"http:\/\/realitatearutiera.ro\/?p=125667"},"modified":"2025-07-03T10:36:08","modified_gmt":"2025-07-03T07:36:08","slug":"mae-avertizare-cu-privire-la-calatoriile-in-grecia","status":"publish","type":"post","link":"https:\/\/realitatearutiera.ro\/?p=125667","title":{"rendered":"MAE: Avertizare cu privire la c\u0103l\u0103toriile \u00een Grecia"},"content":{"rendered":"\n<p>MAE \u00eei alerteaz\u0103 pe cet\u0103\u021benii rom\u00e2ni care se afl\u0103 sau inten\u021bioneaz\u0103 s\u0103 c\u0103l\u0103toreasc\u0103 \u00een Grecia c\u0103 \u00een urm\u0103toarele zile riscul de incendii va cre\u0219te semnificativ, din cauza temperaturilor ridicate, lipsei precipita\u021biilor \u0219i v\u00e2ntului puternic.<img loading=\"lazy\" decoding=\"async\" src=\"https:\/\/i1.wp.com\/cdn.adh.reperio.news\/image-e\/ef9b93d6-5db5-4a0e-8e09-06914eb8588a\/index.jpeg?resize=800%2C429&#038;ssl=1\" alt=\"MAE a emis un avertisment de c\u0103l\u0103torie pentru Grecia FOTO: Arhiv\u0103\" width=\"800\" height=\"429\"  data-recalc-dims=\"1\"><\/p>\n\n\n\n<p>MAE a emis un avertisment de c\u0103l\u0103torie pentru Grecia FOTO: Arhiv\u0103<\/p>\n\n\n\n<p>Ministerul Afacerilor Externe&nbsp;<a href=\"https:\/\/adevarul.ro\/stiri-interne\/evenimente\/atentionare-de-calatorie-in-franta-mae-anunta-2454976.html\">(MAE) \u00eei avertizeaz\u0103 pe cet\u0103\u021benii rom\u00e2ni care se afl\u0103, tranziteaz\u0103<\/a>&nbsp;sau inten\u021bioneaz\u0103 s\u0103 c\u0103l\u0103toreasc\u0103 \u00een Grecia c\u0103, potrivit Serviciului Na\u021bional de Meteorologie elen, \u00een urm\u0103toarele zile exist\u0103&nbsp;<a href=\"https:\/\/adevarul.ro\/stiri-externe\/europa\/turisti-evacuati-dintr-o-statiune-din-apropiere-de-2453580.html\">un risc crescut de incendii de vegeta\u021bie.<\/a>&nbsp;Avertismentul vizeaz\u0103 \u00een special zonele \u00eemp\u0103durite, unde temperaturile ridicate, lipsa precipita\u021biilor, umiditatea sc\u0103zut\u0103 \u0219i v\u00e2ntul puternic pot favoriza izbucnirea focarelor.<\/p>\n\n\n\n<h2 class=\"wp-block-heading\">Recomand\u0103ri pentru cet\u0103\u021benii rom\u00e2ni<\/h2>\n\n\n\n<p>MAE \u00eei sf\u0103tuie\u0219te pe rom\u00e2ni s\u0103 consulte pagina oficial\u0103 a Ministerului elen al Protec\u0163iei Civile \u015fi al Crizelor Climatice, care ofer\u0103 informa\u021bii actualizate despre riscul de incendii, h\u0103r\u021bi zilnice de prognoz\u0103 \u0219i un ghid de autoprotec\u021bie. Acestea sunt disponibile la adresa:&nbsp;<a href=\"https:\/\/civilprotection.gov.gr\/xartis\">https:\/\/civilprotection.gov.gr\/xartis<\/a>.<\/p>\n\n\n\n<p>\u00cen plus, autorit\u0103\u021bile elene avertizeaz\u0103 c\u0103, \u00een perioada urm\u0103toare, este posibil\u0103 restric\u021bionarea circula\u021biei pe unele drumuri publice. \u0218oferii sunt \u00eendemna\u021bi s\u0103 verifice starea drumurilor acces\u00e2nd site-ul oficial al Poli\u021biei elene:&nbsp;<a href=\"http:\/\/www.astynomia.gr\/\">www.astynomia.gr<\/a>.<\/p>\n\n\n\n<p>Cet\u0103\u021benii rom\u00e2ni afla\u021bi \u00een Grecia care primesc mesaje de avertizare prin serviciul 112 sunt ruga\u021bi s\u0103 urmeze cu stricte\u021be instruc\u021biunile autorit\u0103\u021bilor, fie pentru evitarea zonelor periculoase, fie pentru evacuare, dac\u0103 este cazul.<\/p>\n\n\n\n<h2 class=\"wp-block-heading\">Contact \u0219i asisten\u021b\u0103 consular\u0103<\/h2>\n\n\n\n<p>Pentru sprijin consular, rom\u00e2nii pot contacta Ambasada Rom\u00e2niei la Atena la numerele: +30 210 6728875 sau +30 210 6728879, respectiv Consulatul General al Rom\u00e2niei la Salonic la +30 2310 340088. Apelurile sunt preluate permanent de Centrul de Contact \u0219i Suport al Cet\u0103\u021benilor Rom\u00e2ni din Str\u0103in\u0103tate.<\/p>\n\n\n\n<p>\u00cen cazuri urgente, pot fi folosite \u0219i telefoanele de urgen\u021b\u0103:<\/p>\n\n\n\n<ul class=\"wp-block-list\">\n<li>Ambasada Rom\u00e2niei la Atena: +306978996222<\/li>\n\n\n\n<li>Consulatul General al Rom\u00e2niei la Salonic: +306946049076<\/li>\n<\/ul>\n\n\n\n<h2 class=\"wp-block-heading\">Informa\u021bii suplimentare<\/h2>\n\n\n\n<p>Rom\u00e2nii care c\u0103l\u0103toresc \u00een Grecia sunt sf\u0103tui\u021bi s\u0103 consulte \u0219i paginile de internet:&nbsp;<a href=\"http:\/\/www.mae.ro\/\">www.mae.ro<\/a>,&nbsp;<a href=\"http:\/\/atena.mae.ro\/\">atena.mae.ro<\/a>&nbsp;\u0219i&nbsp;<a href=\"http:\/\/salonic.mae.ro\/\">salonic.mae.ro<\/a>.<\/p>\n\n\n\n<p>Totodat\u0103, este disponibil\u0103 aplica\u021bia digital\u0103 \u201emAIGreece\u201d, dezvoltat\u0103 de Ministerul elen al Turismului, care ofer\u0103 informa\u021bii utile \u0219i este disponibil\u0103 \u0219i \u00een limba rom\u00e2n\u0103:&nbsp;<a href=\"https:\/\/www.gov.gr\/en\/upourgeia\/upourgeio-tourismou\/tourismou\/maigreece\">https:\/\/www.gov.gr\/en\/upourgeia\/upourgeio-tourismou\/tourismou\/maigreece<\/a>.<\/p>\n\n\n\n<p>Sursafoto:adevarul<\/p>\n","protected":false},"excerpt":{"rendered":"<p>MAE \u00eei alerteaz\u0103 pe cet\u0103\u021benii rom\u00e2ni care se afl\u0103 sau inten\u021bioneaz\u0103 s\u0103 c\u0103l\u0103toreasc\u0103 \u00een Grecia c\u0103 \u00een urm\u0103toarele zile riscul<\/p>\n","protected":false},"author":1,"featured_media":125668,"comment_status":"open","ping_status":"closed","sticky":false,"template":"","format":"standard","meta":{"spay_email":"","footnotes":"","jetpack_publicize_message":""},"categories":[11],"tags":[],"class_list":["post-125667","post","type-post","status-publish","format-standard","has-post-thumbnail","hentry","category-stiri-interne"],"jetpack_featured_media_url":"https:\/\/realitatearutiera.ro\/wp-content\/uploads\/2025\/07\/index-1-1.webp","jetpack_publicize_connections":[],"jetpack_sharing_enabled":true,"jetpack_shortlink":"https:\/\/wp.me\/p61naM-wGT","jetpack-related-posts":[],"_links":{"self":[{"href":"https:\/\/realitatearutiera.ro\/index.php?rest_route=\/wp\/v2\/posts\/125667","targetHints":{"allow":["GET"]}}],"collection":[{"href":"https:\/\/realitatearutiera.ro\/index.php?rest_route=\/wp\/v2\/posts"}],"about":[{"href":"https:\/\/realitatearutiera.ro\/index.php?rest_route=\/wp\/v2\/types\/post"}],"author":[{"embeddable":true,"href":"https:\/\/realitatearutiera.ro\/index.php?rest_route=\/wp\/v2\/users\/1"}],"replies":[{"embeddable":true,"href":"https:\/\/realitatearutiera.ro\/index.php?rest_route=%2Fwp%2Fv2%2Fcomments&post=125667"}],"version-history":[{"count":1,"href":"https:\/\/realitatearutiera.ro\/index.php?rest_route=\/wp\/v2\/posts\/125667\/revisions"}],"predecessor-version":[{"id":125669,"href":"https:\/\/realitatearutiera.ro\/index.php?rest_route=\/wp\/v2\/posts\/125667\/revisions\/125669"}],"wp:featuredmedia":[{"embeddable":true,"href":"https:\/\/realitatearutiera.ro\/index.php?rest_route=\/wp\/v2\/media\/125668"}],"wp:attachment":[{"href":"https:\/\/realitatearutiera.ro\/index.php?rest_route=%2Fwp%2Fv2%2Fmedia&parent=125667"}],"wp:term":[{"taxonomy":"category","embeddable":true,"href":"https:\/\/realitatearutiera.ro\/index.php?rest_route=%2Fwp%2Fv2%2Fcategories&post=125667"},{"taxonomy":"post_tag","embeddable":true,"href":"https:\/\/realitatearutiera.ro\/index.php?rest_route=%2Fwp%2Fv2%2Ftags&post=125667"}],"curies":[{"name":"wp","href":"https:\/\/api.w.org\/{rel}","templated":true}]}}