{"id":125822,"date":"2025-07-15T10:11:37","date_gmt":"2025-07-15T07:11:37","guid":{"rendered":"https:\/\/realitatearutiera.ro\/?p=125822"},"modified":"2025-07-15T10:11:39","modified_gmt":"2025-07-15T07:11:39","slug":"grav-accident-in-timis-un-mort-si-doi-raniti-dupa-ce-o-masina-a-fost-prinsa-intre-tir-uri","status":"publish","type":"post","link":"https:\/\/realitatearutiera.ro\/?p=125822","title":{"rendered":"Grav accident  \u00een Timi\u0219. Un mort \u0219i doi r\u0103ni\u021bi dup\u0103 ce o ma\u0219in\u0103 a fost prins\u0103 \u00eentre TIR-uri"},"content":{"rendered":"\n<p>Tragedie pe \u0219osea, \u00een jude\u021bul Timi\u0219. Un b\u0103rbat \u0219i-a pierdut via\u021ba, iar al\u021bi doi oameni au ajuns la spital, dup\u0103 un accident violent \u00eentre un autoturism \u0219i dou\u0103 TIR-uri, produs mar\u021bi diminea\u021b\u0103, \u00een zona localit\u0103\u021bii Remetea Mare.<a href=\"https:\/\/observatornews.ro\/autori\/redactia-observator-id29.html\"><\/a><\/p>\n\n\n\n<p><img loading=\"lazy\" decoding=\"async\" src=\"https:\/\/img.observatornews.ro\/0\/2025\/7\/15\/625381\/coliziune-intre-doua-tir-uri-si-o-masina-in-timis-un-d7819e62.webp?w=430&amp;f=2&amp;v=2\" alt=\"Accident grav \u00een Timi\u0219, la Remetea Mare\" width=\"430\" height=\"320\"><\/p>\n\n\n\n<p>Accident rutier grav \u00een Timi\u0219. Un mort \u0219i doi r\u0103ni\u021bi dup\u0103 ce o ma\u0219in\u0103 a fost prins\u0103 \u00eentre TIR-uri<\/p>\n\n\n\n<ul class=\"wp-block-list\"><\/ul>\n\n\n\n<p>O persoan\u0103 a murit \u015fi alte dou\u0103 au fost r\u0103nite \u00een urma unui accident \u00een care au fost implicate un autoturism \u015fi dou\u0103 autotrenuri, produs mar\u0163i, pe DN6G, \u00een zona localit\u0103\u0163ii Remetea Mare, din jude\u0163ul Timi\u015f.<\/p>\n\n\n\n<p><em>&#8220;Mar\u0163i, 15.07.2025, la ora 07:00, am fost solicita\u0163i s\u0103 intervenim pentru asigurarea m\u0103surilor PSI \u015fi prim ajutor \u00een urma unui accident rutier produs \u00een Remetea Mare, spre A1&#8221;,<\/em>&nbsp;anun\u0163\u0103 ISU Timi\u015f.<\/p>\n\n\n\n<p>La locul evenimentului s-au deplasat de urgen\u0163\u0103 pompierii din cadrul Deta\u015famentului 1 Timi\u015foara cu dou\u0103 autospeciale de prim\u0103 interven\u0163ie si comand\u0103, o autospecial\u0103 de descarcerare \u0219i trei echipaje SMURD, dintre care unul cu medic.<\/p>\n\n\n\n<p>\u00cen accidentul rutier au fost implicate dou\u0103 autotrenuri \u015fi un autoturism, \u00een care se aflau cinci persoane.<\/p>\n\n\n\n<p>Un b\u0103rbat a fost declarat decedat de c\u0103tre medic. \u00cen urma evenimentului, alte dou\u0103 victime din autoturism au fost transportate la spital, \u00een stare con\u015ftient\u0103 \u015fi cooperant\u0103.<\/p>\n\n\n\n<p>Sursa:observatornews<\/p>\n","protected":false},"excerpt":{"rendered":"<p>Tragedie pe \u0219osea, \u00een jude\u021bul Timi\u0219. Un b\u0103rbat \u0219i-a pierdut via\u021ba, iar al\u021bi doi oameni au ajuns la spital, dup\u0103<\/p>\n","protected":false},"author":1,"featured_media":0,"comment_status":"open","ping_status":"closed","sticky":false,"template":"","format":"standard","meta":{"spay_email":"","footnotes":"","jetpack_publicize_message":""},"categories":[1],"tags":[],"class_list":["post-125822","post","type-post","status-publish","format-standard","hentry","category-uncategorized"],"jetpack_featured_media_url":"","jetpack_publicize_connections":[],"jetpack_sharing_enabled":true,"jetpack_shortlink":"https:\/\/wp.me\/p61naM-wJo","jetpack-related-posts":[],"_links":{"self":[{"href":"https:\/\/realitatearutiera.ro\/index.php?rest_route=\/wp\/v2\/posts\/125822","targetHints":{"allow":["GET"]}}],"collection":[{"href":"https:\/\/realitatearutiera.ro\/index.php?rest_route=\/wp\/v2\/posts"}],"about":[{"href":"https:\/\/realitatearutiera.ro\/index.php?rest_route=\/wp\/v2\/types\/post"}],"author":[{"embeddable":true,"href":"https:\/\/realitatearutiera.ro\/index.php?rest_route=\/wp\/v2\/users\/1"}],"replies":[{"embeddable":true,"href":"https:\/\/realitatearutiera.ro\/index.php?rest_route=%2Fwp%2Fv2%2Fcomments&post=125822"}],"version-history":[{"count":1,"href":"https:\/\/realitatearutiera.ro\/index.php?rest_route=\/wp\/v2\/posts\/125822\/revisions"}],"predecessor-version":[{"id":125823,"href":"https:\/\/realitatearutiera.ro\/index.php?rest_route=\/wp\/v2\/posts\/125822\/revisions\/125823"}],"wp:attachment":[{"href":"https:\/\/realitatearutiera.ro\/index.php?rest_route=%2Fwp%2Fv2%2Fmedia&parent=125822"}],"wp:term":[{"taxonomy":"category","embeddable":true,"href":"https:\/\/realitatearutiera.ro\/index.php?rest_route=%2Fwp%2Fv2%2Fcategories&post=125822"},{"taxonomy":"post_tag","embeddable":true,"href":"https:\/\/realitatearutiera.ro\/index.php?rest_route=%2Fwp%2Fv2%2Ftags&post=125822"}],"curies":[{"name":"wp","href":"https:\/\/api.w.org\/{rel}","templated":true}]}}