{"id":125883,"date":"2025-07-16T10:18:13","date_gmt":"2025-07-16T07:18:13","guid":{"rendered":"https:\/\/realitatearutiera.ro\/?p=125883"},"modified":"2025-07-16T10:18:15","modified_gmt":"2025-07-16T07:18:15","slug":"sofer-prins-la-volan-fara-permis-de-conducere-cu-ajutorul-aplicatiei-edac","status":"publish","type":"post","link":"https:\/\/realitatearutiera.ro\/?p=125883","title":{"rendered":"\u0218ofer prins la volan f\u0103r\u0103 permis de conducere cu ajutorul aplica\u021biei eDAC"},"content":{"rendered":"\n<p><strong>Poli\u0163i\u015ftii de frontier\u0103 de la Berezeni au depistat \u00een trafic un b\u0103rbat care conducea un autoturism, de\u0219i avea suspendat permisul de conducere.<\/strong><\/p>\n\n\n\n<figure class=\"wp-block-image\"><img decoding=\"async\" src=\"https:\/\/i1.wp.com\/www.monitoruldevaslui.ro\/wp-content\/uploads\/2025\/07\/Politia-de-frontiera-strada-control-oprire-Berezeni.png?w=800&#038;ssl=1\" alt=\"\" class=\"wp-image-95492\" data-recalc-dims=\"1\"\/><\/figure>\n\n\n\n<p>Pe&nbsp;14 iulie, \u00een jurul orei 17.00, pe timpul desf\u0103\u015fur\u0103rii unei misiuni specifice \u00een zona de competen\u0163\u0103, un echipaj al poli\u0163iei de frontier\u0103 din cadrul Sectorului Poli\u0163iei de Frontier\u0103 Berezeni a oprit pentru control, pe DN24A, \u00een apropierea localit\u0103\u021bii de frontier\u0103 Lunca Veche, un autoturism condus de un b\u0103rbat de 34 de ani, cu cet\u0103\u021benie rom\u00e2n\u0103 \u0219i Republica Moldova.<\/p>\n\n\n\n<p>\u201eB\u0103rbatul nu a putut prezenta la control permisul de conducere, motiv pentru care colegii no\u0219tri au efectuat verific\u0103ri cu ajutorul aplica\u021biei eDAC, ocazie cu care au constatat c\u0103 acesta figureaz\u0103 \u00een bazele de date cu dreptul de a conduce suspendat\u201d, au transmis poli\u021bi\u0219tii de frontier\u0103, care au precizat c\u0103 acum&nbsp;efectueaz\u0103 cercet\u0103ri sub aspectul s\u0103v\u00e2r\u015firii infrac\u0163iunii de conducerea pe drumurile publice a unui autovehicul de c\u0103tre o persoan\u0103 c\u0103reia exercitarea dreptului de a conduce i-a fost suspendat\u0103.<\/p>\n\n\n\n<p>Sursa:monitoruldevaslui<\/p>\n","protected":false},"excerpt":{"rendered":"<p>Poli\u0163i\u015ftii de frontier\u0103 de la Berezeni au depistat \u00een trafic un b\u0103rbat care conducea un autoturism, de\u0219i avea suspendat permisul<\/p>\n","protected":false},"author":1,"featured_media":108046,"comment_status":"open","ping_status":"closed","sticky":false,"template":"","format":"standard","meta":{"spay_email":"","footnotes":"","jetpack_publicize_message":""},"categories":[6],"tags":[],"class_list":["post-125883","post","type-post","status-publish","format-standard","has-post-thumbnail","hentry","category-social"],"jetpack_featured_media_url":"https:\/\/i0.wp.com\/realitatearutiera.ro\/wp-content\/uploads\/2024\/02\/masini-politie-politia-2-3ldz.jpg?fit=1224%2C816&ssl=1","jetpack_publicize_connections":[],"jetpack_sharing_enabled":true,"jetpack_shortlink":"https:\/\/wp.me\/p61naM-wKn","jetpack-related-posts":[],"_links":{"self":[{"href":"https:\/\/realitatearutiera.ro\/index.php?rest_route=\/wp\/v2\/posts\/125883","targetHints":{"allow":["GET"]}}],"collection":[{"href":"https:\/\/realitatearutiera.ro\/index.php?rest_route=\/wp\/v2\/posts"}],"about":[{"href":"https:\/\/realitatearutiera.ro\/index.php?rest_route=\/wp\/v2\/types\/post"}],"author":[{"embeddable":true,"href":"https:\/\/realitatearutiera.ro\/index.php?rest_route=\/wp\/v2\/users\/1"}],"replies":[{"embeddable":true,"href":"https:\/\/realitatearutiera.ro\/index.php?rest_route=%2Fwp%2Fv2%2Fcomments&post=125883"}],"version-history":[{"count":1,"href":"https:\/\/realitatearutiera.ro\/index.php?rest_route=\/wp\/v2\/posts\/125883\/revisions"}],"predecessor-version":[{"id":125884,"href":"https:\/\/realitatearutiera.ro\/index.php?rest_route=\/wp\/v2\/posts\/125883\/revisions\/125884"}],"wp:featuredmedia":[{"embeddable":true,"href":"https:\/\/realitatearutiera.ro\/index.php?rest_route=\/wp\/v2\/media\/108046"}],"wp:attachment":[{"href":"https:\/\/realitatearutiera.ro\/index.php?rest_route=%2Fwp%2Fv2%2Fmedia&parent=125883"}],"wp:term":[{"taxonomy":"category","embeddable":true,"href":"https:\/\/realitatearutiera.ro\/index.php?rest_route=%2Fwp%2Fv2%2Fcategories&post=125883"},{"taxonomy":"post_tag","embeddable":true,"href":"https:\/\/realitatearutiera.ro\/index.php?rest_route=%2Fwp%2Fv2%2Ftags&post=125883"}],"curies":[{"name":"wp","href":"https:\/\/api.w.org\/{rel}","templated":true}]}}