{"id":126400,"date":"2025-07-29T08:48:58","date_gmt":"2025-07-29T05:48:58","guid":{"rendered":"https:\/\/realitatearutiera.ro\/?p=126400"},"modified":"2025-07-29T08:49:00","modified_gmt":"2025-07-29T05:49:00","slug":"cod-galben-de-inundatii-pe-rauri-din-judetele-constanta-si-tulcea","status":"publish","type":"post","link":"https:\/\/realitatearutiera.ro\/?p=126400","title":{"rendered":"Cod galben de inunda\u021bii pe r\u00e2uri din jude\u0163ele Constan\u021ba \u0219i Tulcea"},"content":{"rendered":"\n<p>Institutul Na\u0163ional de Hidrologie \u015fi Gospod\u0103rire a Apelor a emis o aten\u0163ionare Cod galben de inunda\u0163ii pentru r\u00e2uri din jude\u0163ele Constan\u0163a \u015fi Tulcea, valabil\u0103 p\u00e2n\u0103 la ora 12:00.<img loading=\"lazy\" decoding=\"async\" src=\"https:\/\/i2.wp.com\/cdn.adh.reperio.news\/image-e\/e3635ecd-97d4-4d08-a9f9-7394b36053b1\/index.jpeg?resize=800%2C385&#038;ssl=1\" alt=\"Inunda\u021bii \u00een Tulcea FOTO: ISU, Arhiv\u0103\" width=\"800\" height=\"385\"  data-recalc-dims=\"1\"><\/p>\n\n\n\n<p>Inunda\u021bii \u00een Tulcea FOTO: ISU, Arhiv\u0103<\/p>\n\n\n\n<p>Potrivit meteorologilor, ca urmare a precipita\u0163iilor \u00eenregistrate, a celor prognozate \u015fi propag\u0103rii, se pot produce scurgeri importante pe versan\u0163i, toren\u0163i, p\u00e2raie, viituri rapide pe r\u00e2urile mici, cu posibile efecte de inunda\u021bii locale, \u015fi cre\u0219teri de debite \u015fi niveluri cu posibile dep\u0103\u0219iri ale Cotelor de aten\u021bie pe r\u00e2urile mici din nord-vestul jude\u021bului Constan\u021ba \u015fi r\u00e2urile din jude\u021bul Tulcea.&nbsp; &nbsp;<\/p>\n\n\n\n<p><a href=\"https:\/\/adevarul.ro\/stiri-interne\/meteo\/judetele-sub-cod-portocaliu-de-vijelii-si-ploi-2460761.html\">Administra\u021bia Na\u021bional\u0103 de Meteorologie&nbsp;<\/a>a emis pentru mar\u021bi, 29 iulie, un Cod portocaliu&nbsp;de de instabilitate atmosferic\u0103, ploi, vijelii \u0219i grindin\u0103 pentru mai multe jude\u021be din \u021bar\u0103.<\/p>\n\n\n\n<p>Potrivit meteorologilor,&nbsp;<a href=\"https:\/\/adevarul.ro\/stiri-interne\/meteo\/judetele-care-intra-sub-cod-portocaliu-de-vijelii-2460679.html\">Cod Portocaliu de instabilitate atmosferic\u0103&nbsp;<\/a>accentuat\u0103 este \u00een vigoare mar\u021bi 29&nbsp;iulie, ora 10.00- 29 iulie, ora 22.00. Zone afectate: Sibiu, Bra\u0219ov, Covasna, Harghita \u0219i \u00een zona de munte a jude\u021belor Gorj, Hunedoara, Alba, V\u00e2lcea, Arge\u0219, D\u00e2mbovi\u021ba \u0219i Prahova.&nbsp;<\/p>\n\n\n\n<p><em>\u201e\u00cen jude\u021bele Sibiu, Bra\u0219ov, Covasna, Harghita \u0219i \u00een zona de munte a jude\u021belor Gorj, Hunedoara, Alba, V\u00e2lcea, Arge\u0219, D\u00e2mbovi\u021ba \u0219i Prahova, vor fi averse importante cantitativ, \u00eenso\u021bite de desc\u0103rc\u0103ri electrice, vijelii \u0219i grindin\u0103. \u00cen timp scurt sau prin acumulare cantit\u0103\u021bile de ap\u0103 vor fi de 30&#8230;40 l\/mp \u0219i izolat de 50&#8230;60 l\/mp\u201d,<\/em>&nbsp;sus\u021bine ANM.&nbsp;&nbsp;<\/p>\n\n\n\n<p>Sursa:adevarul   Foto:agerpres<\/p>\n\n\n\n<p><\/p>\n","protected":false},"excerpt":{"rendered":"<p>Institutul Na\u0163ional de Hidrologie \u015fi Gospod\u0103rire a Apelor a emis o aten\u0163ionare Cod galben de inunda\u0163ii pentru r\u00e2uri din jude\u0163ele<\/p>\n","protected":false},"author":1,"featured_media":126401,"comment_status":"open","ping_status":"closed","sticky":false,"template":"","format":"standard","meta":{"spay_email":"","footnotes":"","jetpack_publicize_message":""},"categories":[6],"tags":[],"class_list":["post-126400","post","type-post","status-publish","format-standard","has-post-thumbnail","hentry","category-social"],"jetpack_featured_media_url":"https:\/\/i0.wp.com\/realitatearutiera.ro\/wp-content\/uploads\/2025\/07\/8045059.jpg?fit=1000%2C667&ssl=1","jetpack_publicize_connections":[],"jetpack_sharing_enabled":true,"jetpack_shortlink":"https:\/\/wp.me\/p61naM-wSI","jetpack-related-posts":[],"_links":{"self":[{"href":"https:\/\/realitatearutiera.ro\/index.php?rest_route=\/wp\/v2\/posts\/126400","targetHints":{"allow":["GET"]}}],"collection":[{"href":"https:\/\/realitatearutiera.ro\/index.php?rest_route=\/wp\/v2\/posts"}],"about":[{"href":"https:\/\/realitatearutiera.ro\/index.php?rest_route=\/wp\/v2\/types\/post"}],"author":[{"embeddable":true,"href":"https:\/\/realitatearutiera.ro\/index.php?rest_route=\/wp\/v2\/users\/1"}],"replies":[{"embeddable":true,"href":"https:\/\/realitatearutiera.ro\/index.php?rest_route=%2Fwp%2Fv2%2Fcomments&post=126400"}],"version-history":[{"count":1,"href":"https:\/\/realitatearutiera.ro\/index.php?rest_route=\/wp\/v2\/posts\/126400\/revisions"}],"predecessor-version":[{"id":126402,"href":"https:\/\/realitatearutiera.ro\/index.php?rest_route=\/wp\/v2\/posts\/126400\/revisions\/126402"}],"wp:featuredmedia":[{"embeddable":true,"href":"https:\/\/realitatearutiera.ro\/index.php?rest_route=\/wp\/v2\/media\/126401"}],"wp:attachment":[{"href":"https:\/\/realitatearutiera.ro\/index.php?rest_route=%2Fwp%2Fv2%2Fmedia&parent=126400"}],"wp:term":[{"taxonomy":"category","embeddable":true,"href":"https:\/\/realitatearutiera.ro\/index.php?rest_route=%2Fwp%2Fv2%2Fcategories&post=126400"},{"taxonomy":"post_tag","embeddable":true,"href":"https:\/\/realitatearutiera.ro\/index.php?rest_route=%2Fwp%2Fv2%2Ftags&post=126400"}],"curies":[{"name":"wp","href":"https:\/\/api.w.org\/{rel}","templated":true}]}}