{"id":126710,"date":"2025-08-05T11:06:04","date_gmt":"2025-08-05T08:06:04","guid":{"rendered":"https:\/\/realitatearutiera.ro\/?p=126710"},"modified":"2025-08-05T11:06:07","modified_gmt":"2025-08-05T08:06:07","slug":"restrictii-temporare-de-circulatie-pentru-efectuarea-unor-lucrari-pe-podul-jandarmeriei-din-capitala","status":"publish","type":"post","link":"https:\/\/realitatearutiera.ro\/?p=126710","title":{"rendered":"Restric\u021bii temporare de circula\u021bie pentru efectuarea unor lucr\u0103ri pe Podul Jandarmeriei din Capital\u0103"},"content":{"rendered":"\n<p>\u00cencep\u00e2nd cu data de 9 august 2025, se vor institui restric\u021bii temporare de circula\u021bie, pentru repara\u021bia \u0219i \u00eenlocuirea rosturilor de dilatare de pe Podul Jandarmeriei din Capital\u0103.<img loading=\"lazy\" decoding=\"async\" src=\"https:\/\/i2.wp.com\/cdn.adh.reperio.news\/image-5\/52b6c616-b808-4ca8-8c00-9a3a58ffe02a\/index.jpeg?resize=800%2C429&#038;ssl=1\" alt=\"Restric\u021biile \u00eencep  s\u00e2mb\u0103t\u0103. FOTO Shutterstock\" width=\"800\" height=\"429\"  data-recalc-dims=\"1\"><\/p>\n\n\n\n<p>Restric\u021biile \u00eencep s\u00e2mb\u0103t\u0103. FOTO Shutterstock<\/p>\n\n\n\n<p>Brigada Rutier\u0103 a Capitalei anun\u021b\u0103 c\u0103 lucr\u0103rile se vor executa \u00een trei etape, dup\u0103 cum urmeaz\u0103:<\/p>\n\n\n\n<p>Etapa 1: restric\u021bionarea benzii I de circula\u021bie pe fiecare sens al podului, cu asigurarea circula\u021biei pe banda II \u0219i III &#8211; \u00eencep\u00e2nd cu data de o august 2025;<\/p>\n\n\n\n<p>Etapa 2: restric\u021bionarea benzii II de circula\u021bie pe fiecare sens al podului, cu asigurarea circula\u021biei pe banda I \u0219i III;<\/p>\n\n\n\n<p>Etapa 3: restric\u021bionarea benzii III de circula\u021bie pe fiecare sens al podului, cu asigurarea circula\u021biei pe benzile I \u0219i II.<\/p>\n\n\n\n<p><em>\u201eDe asemenea, \u00een nop\u021bile de 07\/08.08.2025 \u0219i 08\/09.08.2025, se vor executa lucr\u0103ri de refacere a covorului asfaltic pe toat\u0103 lungimea Podului Jandarmeriei (succesiv \u00een cele 2 nop\u021bi), cu devierea traficului pe bretelele de la sol\u201d,<\/em>&nbsp;a precizat Brigada Rutier\u0103 a Capitalei \u00eentr-un comunicat.<\/p>\n\n\n\n<p>Lucr\u0103rile urmeaz\u0103 s\u0103 fie finalizate \u00een data de 5 septembrie.<\/p>\n\n\n\n<p><em>\u201e\u00cen acest context, Brigada Rutier\u0103 v\u0103 recomand\u0103&nbsp;<\/em><a href=\"https:\/\/adevarul.ro\/stiri-locale\/bucuresti\/restrictii-temporare-de-circulatie-pe-splaiul-2451747.html\">s\u0103 respecta\u021bi semnalizarea temporar\u0103<\/a><em>&nbsp;amplasat\u0103 \u00een zon\u0103, s\u0103 circula\u021bi cu aten\u021bie sporit\u0103 \u0219i s\u0103 respecta\u021bi se<\/em><a href=\"https:\/\/adevarul.ro\/stiri-locale\/bucuresti\/restrictii-de-circulatie-pe-centura-bucuresti-2268492.html\">mnalele, indica\u021biile \u0219i dispozi\u021biile poli\u021bi\u0219tilor rutieri<\/a><em>\u201d, s<\/em>e mai arat\u0103 \u00een comunicat.<\/p>\n\n\n\n<p>Sursa:adevarul<\/p>\n","protected":false},"excerpt":{"rendered":"<p>\u00cencep\u00e2nd cu data de 9 august 2025, se vor institui restric\u021bii temporare de circula\u021bie, pentru repara\u021bia \u0219i \u00eenlocuirea rosturilor de<\/p>\n","protected":false},"author":1,"featured_media":93034,"comment_status":"open","ping_status":"closed","sticky":false,"template":"","format":"standard","meta":{"spay_email":"","footnotes":"","jetpack_publicize_message":""},"categories":[6],"tags":[],"class_list":["post-126710","post","type-post","status-publish","format-standard","has-post-thumbnail","hentry","category-social"],"jetpack_featured_media_url":"https:\/\/i2.wp.com\/realitatearutiera.ro\/wp-content\/uploads\/2022\/12\/restrictii.jpg?fit=900%2C500&ssl=1","jetpack_publicize_connections":[],"jetpack_sharing_enabled":true,"jetpack_shortlink":"https:\/\/wp.me\/p61naM-wXI","jetpack-related-posts":[],"_links":{"self":[{"href":"https:\/\/realitatearutiera.ro\/index.php?rest_route=\/wp\/v2\/posts\/126710","targetHints":{"allow":["GET"]}}],"collection":[{"href":"https:\/\/realitatearutiera.ro\/index.php?rest_route=\/wp\/v2\/posts"}],"about":[{"href":"https:\/\/realitatearutiera.ro\/index.php?rest_route=\/wp\/v2\/types\/post"}],"author":[{"embeddable":true,"href":"https:\/\/realitatearutiera.ro\/index.php?rest_route=\/wp\/v2\/users\/1"}],"replies":[{"embeddable":true,"href":"https:\/\/realitatearutiera.ro\/index.php?rest_route=%2Fwp%2Fv2%2Fcomments&post=126710"}],"version-history":[{"count":1,"href":"https:\/\/realitatearutiera.ro\/index.php?rest_route=\/wp\/v2\/posts\/126710\/revisions"}],"predecessor-version":[{"id":126711,"href":"https:\/\/realitatearutiera.ro\/index.php?rest_route=\/wp\/v2\/posts\/126710\/revisions\/126711"}],"wp:featuredmedia":[{"embeddable":true,"href":"https:\/\/realitatearutiera.ro\/index.php?rest_route=\/wp\/v2\/media\/93034"}],"wp:attachment":[{"href":"https:\/\/realitatearutiera.ro\/index.php?rest_route=%2Fwp%2Fv2%2Fmedia&parent=126710"}],"wp:term":[{"taxonomy":"category","embeddable":true,"href":"https:\/\/realitatearutiera.ro\/index.php?rest_route=%2Fwp%2Fv2%2Fcategories&post=126710"},{"taxonomy":"post_tag","embeddable":true,"href":"https:\/\/realitatearutiera.ro\/index.php?rest_route=%2Fwp%2Fv2%2Ftags&post=126710"}],"curies":[{"name":"wp","href":"https:\/\/api.w.org\/{rel}","templated":true}]}}