{"id":126715,"date":"2025-08-05T11:17:37","date_gmt":"2025-08-05T08:17:37","guid":{"rendered":"https:\/\/realitatearutiera.ro\/?p=126715"},"modified":"2025-08-05T11:17:40","modified_gmt":"2025-08-05T08:17:40","slug":"judetul-dambovita-trafic-blocat-pe-dn-72-2","status":"publish","type":"post","link":"https:\/\/realitatearutiera.ro\/?p=126715","title":{"rendered":"JUDE\u021aUL D\u00c2MBOVI\u021aA: TRAFIC BLOCAT PE DN 72"},"content":{"rendered":"\n<p><strong>Ora:&nbsp;<\/strong>11:10<\/p>\n\n\n\n<p><strong>Centrul INFOTRAFIC din Inspectoratul General al Poli\u021biei Rom\u00e2ne&nbsp;<\/strong>informeaz\u0103 c\u0103 pe DN 72, localitatea Ion Luca Caragiale, jude\u021bul D\u00e2mbovi\u021ba, s-a produs un accident rutier \u00een care au fost implicate o autoutilitar\u0103 \u0219i un autocamion. \u00cen urma impactului a rezultat r\u0103nirea conduc\u0103torului autoutilitarei, care este \u00eencarcerat. Circula\u021bia rutier\u0103 este oprit\u0103 pe ambele sensuri de mers.<\/p>\n\n\n\n<p>Se estimeaz\u0103 reluarea traficului \u00een jurul orei 12:30.<\/p>\n","protected":false},"excerpt":{"rendered":"<p>Ora:&nbsp;11:10 Centrul INFOTRAFIC din Inspectoratul General al Poli\u021biei Rom\u00e2ne&nbsp;informeaz\u0103 c\u0103 pe DN 72, localitatea Ion Luca Caragiale, jude\u021bul D\u00e2mbovi\u021ba, s-a<\/p>\n","protected":false},"author":1,"featured_media":101639,"comment_status":"open","ping_status":"closed","sticky":false,"template":"","format":"standard","meta":{"spay_email":"","footnotes":"","jetpack_publicize_message":""},"categories":[54],"tags":[],"class_list":["post-126715","post","type-post","status-publish","format-standard","has-post-thumbnail","hentry","category-informatii-rutiere"],"jetpack_featured_media_url":"https:\/\/i0.wp.com\/realitatearutiera.ro\/wp-content\/uploads\/2023\/08\/infotrafic-e1535778443522.jpg?fit=332%2C231&ssl=1","jetpack_publicize_connections":[],"jetpack_sharing_enabled":true,"jetpack_shortlink":"https:\/\/wp.me\/p61naM-wXN","jetpack-related-posts":[],"_links":{"self":[{"href":"https:\/\/realitatearutiera.ro\/index.php?rest_route=\/wp\/v2\/posts\/126715","targetHints":{"allow":["GET"]}}],"collection":[{"href":"https:\/\/realitatearutiera.ro\/index.php?rest_route=\/wp\/v2\/posts"}],"about":[{"href":"https:\/\/realitatearutiera.ro\/index.php?rest_route=\/wp\/v2\/types\/post"}],"author":[{"embeddable":true,"href":"https:\/\/realitatearutiera.ro\/index.php?rest_route=\/wp\/v2\/users\/1"}],"replies":[{"embeddable":true,"href":"https:\/\/realitatearutiera.ro\/index.php?rest_route=%2Fwp%2Fv2%2Fcomments&post=126715"}],"version-history":[{"count":1,"href":"https:\/\/realitatearutiera.ro\/index.php?rest_route=\/wp\/v2\/posts\/126715\/revisions"}],"predecessor-version":[{"id":126716,"href":"https:\/\/realitatearutiera.ro\/index.php?rest_route=\/wp\/v2\/posts\/126715\/revisions\/126716"}],"wp:featuredmedia":[{"embeddable":true,"href":"https:\/\/realitatearutiera.ro\/index.php?rest_route=\/wp\/v2\/media\/101639"}],"wp:attachment":[{"href":"https:\/\/realitatearutiera.ro\/index.php?rest_route=%2Fwp%2Fv2%2Fmedia&parent=126715"}],"wp:term":[{"taxonomy":"category","embeddable":true,"href":"https:\/\/realitatearutiera.ro\/index.php?rest_route=%2Fwp%2Fv2%2Fcategories&post=126715"},{"taxonomy":"post_tag","embeddable":true,"href":"https:\/\/realitatearutiera.ro\/index.php?rest_route=%2Fwp%2Fv2%2Ftags&post=126715"}],"curies":[{"name":"wp","href":"https:\/\/api.w.org\/{rel}","templated":true}]}}