{"id":126719,"date":"2025-08-06T08:23:53","date_gmt":"2025-08-06T05:23:53","guid":{"rendered":"https:\/\/realitatearutiera.ro\/?p=126719"},"modified":"2025-08-06T08:24:08","modified_gmt":"2025-08-06T05:24:08","slug":"autostrada-a2-bucuresti-constanta-vizibilitate-redusa-din-cauza-cetii-3","status":"publish","type":"post","link":"https:\/\/realitatearutiera.ro\/?p=126719","title":{"rendered":"AUTOSTRADA A2 BUCURE\u0218TI &#8211; CONSTAN\u021aA: VIZIBILITATE REDUS\u0102 DIN CAUZA CE\u021aII"},"content":{"rendered":"\n<p><strong>Ora:&nbsp;<\/strong>07:00<\/p>\n\n\n\n<p><strong>Centrul INFOTRAFIC din Inspectoratul General al Poli\u0163iei Rom\u00e2ne<\/strong>&nbsp;informeaz\u0103 c\u0103, la aceast\u0103 or\u0103 (07:00), cea\u021ba reduce vizibilitatea \u00een trafic la sub 300 de metri, pe mai multe tronsoane de pe Autostrada A2 Bucure\u0219ti \u2013 Constan\u021ba, respectiv \u00eentre localit\u0103\u021bile Lehliu-Gar\u0103 &#8211; Drajna \u0219i Medgidia &#8211; Constan\u021ba. Se circul\u0103 pe un carosabil uscat, cu valori de trafic normale, f\u0103r\u0103 evenimente rutiere \u00een desf\u0103\u0219urare care s\u0103 impun\u0103 restric\u021bii de circula\u021bie.<\/p>\n\n\n\n<p>\u00cen condi\u021bii de cea\u021b\u0103 se circul\u0103 \u0219i pe mai multe artere rutiere din jude\u021bul Constan\u021ba.<\/p>\n\n\n\n<p>Recomand\u0103m reducerea vitezei, m\u0103rirea distan\u0163ei de siguran\u021b\u0103 \u00eentre autovehicule, folosirea corespunz\u0103toare a luminilor \u0219i evitarea opririi pe benzile de circula\u0163ie sau pe banda de urgen\u0163\u0103.<\/p>\n","protected":false},"excerpt":{"rendered":"<p>Ora:&nbsp;07:00 Centrul INFOTRAFIC din Inspectoratul General al Poli\u0163iei Rom\u00e2ne&nbsp;informeaz\u0103 c\u0103, la aceast\u0103 or\u0103 (07:00), cea\u021ba reduce vizibilitatea \u00een trafic la<\/p>\n","protected":false},"author":1,"featured_media":101639,"comment_status":"open","ping_status":"closed","sticky":false,"template":"","format":"standard","meta":{"spay_email":"","footnotes":"","jetpack_publicize_message":""},"categories":[54],"tags":[],"class_list":["post-126719","post","type-post","status-publish","format-standard","has-post-thumbnail","hentry","category-informatii-rutiere"],"jetpack_featured_media_url":"https:\/\/i0.wp.com\/realitatearutiera.ro\/wp-content\/uploads\/2023\/08\/infotrafic-e1535778443522.jpg?fit=332%2C231&ssl=1","jetpack_publicize_connections":[],"jetpack_sharing_enabled":true,"jetpack_shortlink":"https:\/\/wp.me\/p61naM-wXR","jetpack-related-posts":[],"_links":{"self":[{"href":"https:\/\/realitatearutiera.ro\/index.php?rest_route=\/wp\/v2\/posts\/126719","targetHints":{"allow":["GET"]}}],"collection":[{"href":"https:\/\/realitatearutiera.ro\/index.php?rest_route=\/wp\/v2\/posts"}],"about":[{"href":"https:\/\/realitatearutiera.ro\/index.php?rest_route=\/wp\/v2\/types\/post"}],"author":[{"embeddable":true,"href":"https:\/\/realitatearutiera.ro\/index.php?rest_route=\/wp\/v2\/users\/1"}],"replies":[{"embeddable":true,"href":"https:\/\/realitatearutiera.ro\/index.php?rest_route=%2Fwp%2Fv2%2Fcomments&post=126719"}],"version-history":[{"count":1,"href":"https:\/\/realitatearutiera.ro\/index.php?rest_route=\/wp\/v2\/posts\/126719\/revisions"}],"predecessor-version":[{"id":126720,"href":"https:\/\/realitatearutiera.ro\/index.php?rest_route=\/wp\/v2\/posts\/126719\/revisions\/126720"}],"wp:featuredmedia":[{"embeddable":true,"href":"https:\/\/realitatearutiera.ro\/index.php?rest_route=\/wp\/v2\/media\/101639"}],"wp:attachment":[{"href":"https:\/\/realitatearutiera.ro\/index.php?rest_route=%2Fwp%2Fv2%2Fmedia&parent=126719"}],"wp:term":[{"taxonomy":"category","embeddable":true,"href":"https:\/\/realitatearutiera.ro\/index.php?rest_route=%2Fwp%2Fv2%2Fcategories&post=126719"},{"taxonomy":"post_tag","embeddable":true,"href":"https:\/\/realitatearutiera.ro\/index.php?rest_route=%2Fwp%2Fv2%2Ftags&post=126719"}],"curies":[{"name":"wp","href":"https:\/\/api.w.org\/{rel}","templated":true}]}}