{"id":126884,"date":"2025-08-08T11:29:14","date_gmt":"2025-08-08T08:29:14","guid":{"rendered":"https:\/\/realitatearutiera.ro\/?p=126884"},"modified":"2025-08-08T11:29:16","modified_gmt":"2025-08-08T08:29:16","slug":"accident-in-localitatea-tupilati-neamt-produs-de-soferi-beti","status":"publish","type":"post","link":"https:\/\/realitatearutiera.ro\/?p=126884","title":{"rendered":"Accident \u00een localitatea Tupila\u021bi-Neam\u021b, produs de \u0219oferi be\u021bi"},"content":{"rendered":"\n<h3 class=\"wp-block-heading\" id=\"un-copil-de-un-an-printre-victimele-accidentului-provocat-de-doi-soferi-beti-in-localitatea-tupilati-judetul-neamt\">Un copil de un an, printre victimele accidentului provocat de doi \u0219oferi be\u021bi \u00een localitatea Tupila\u021bi, jude\u021bul Neam\u021b.<\/h3>\n\n\n\n<figure class=\"wp-block-image size-large is-resized\"><img loading=\"lazy\" decoding=\"async\" width=\"800\" height=\"517\" data-attachment-id=\"126885\" data-permalink=\"https:\/\/realitatearutiera.ro\/?attachment_id=126885\" data-orig-file=\"https:\/\/i2.wp.com\/realitatearutiera.ro\/wp-content\/uploads\/2025\/08\/image-16.png?fit=1200%2C776&amp;ssl=1\" data-orig-size=\"1200,776\" data-comments-opened=\"1\" data-image-meta=\"{&quot;aperture&quot;:&quot;0&quot;,&quot;credit&quot;:&quot;&quot;,&quot;camera&quot;:&quot;&quot;,&quot;caption&quot;:&quot;&quot;,&quot;created_timestamp&quot;:&quot;0&quot;,&quot;copyright&quot;:&quot;&quot;,&quot;focal_length&quot;:&quot;0&quot;,&quot;iso&quot;:&quot;0&quot;,&quot;shutter_speed&quot;:&quot;0&quot;,&quot;title&quot;:&quot;&quot;,&quot;orientation&quot;:&quot;0&quot;}\" data-image-title=\"image\" data-image-description=\"\" data-medium-file=\"https:\/\/i2.wp.com\/realitatearutiera.ro\/wp-content\/uploads\/2025\/08\/image-16.png?fit=300%2C194&amp;ssl=1\" data-large-file=\"https:\/\/i2.wp.com\/realitatearutiera.ro\/wp-content\/uploads\/2025\/08\/image-16.png?fit=800%2C517&amp;ssl=1\" src=\"https:\/\/i0.wp.com\/realitatearutiera.ro\/wp-content\/uploads\/2025\/08\/image-16-1024x662.png?resize=800%2C517&#038;ssl=1\" alt=\"\" class=\"wp-image-126885\" style=\"width:571px;height:auto\" srcset=\"https:\/\/i2.wp.com\/realitatearutiera.ro\/wp-content\/uploads\/2025\/08\/image-16.png?resize=1024%2C662&amp;ssl=1 1024w, https:\/\/i2.wp.com\/realitatearutiera.ro\/wp-content\/uploads\/2025\/08\/image-16.png?resize=300%2C194&amp;ssl=1 300w, https:\/\/i2.wp.com\/realitatearutiera.ro\/wp-content\/uploads\/2025\/08\/image-16.png?resize=768%2C497&amp;ssl=1 768w, https:\/\/i2.wp.com\/realitatearutiera.ro\/wp-content\/uploads\/2025\/08\/image-16.png?w=1200&amp;ssl=1 1200w\" sizes=\"auto, (max-width: 800px) 100vw, 800px\" data-recalc-dims=\"1\" \/><\/figure>\n\n\n\n<p>Un accident rutier provocat de&nbsp;<strong>doi \u0219oferi be\u021bi<\/strong>&nbsp;a avut loc miercuri sear\u0103,&nbsp; \u00een localitatea Tupila\u021bi, jude\u021bul Neam\u021b, soldat cu r\u0103nirea a trei persoane, inclusiv un copil de un an. Cei doi conduc\u0103tori auto au fost testa\u021bi cu aparatul etilotest, rezult\u00e2nd valori pozitive.<\/p>\n\n\n\n<h3 class=\"wp-block-heading\" id=\"impact-in-lant-provocat-de-un-sofer-care-a-fugit-de-la-locul-accidentului\"><strong>Impact \u00een lan\u021b provocat de un \u0219ofer care a fugit de la locul accidentului<\/strong><\/h3>\n\n\n\n<p>Potrivit informa\u021biilor furnizate de IPJ Neam\u021b, accidentul a avut loc \u00een jurul orei 21:15, pe DJ 208G, \u00een localitatea Tupila\u021bi.<\/p>\n\n\n\n<p>\u201eLa data de 6 august a.c., \u00een jurul orei 21:15, \u00een timp ce un t\u00e2n\u0103r, \u00een v\u00e2rst\u0103 de 29 de ani, din jude\u021bul Ia\u0219i, conducea un autoturism, pe DJ 208G, \u00een localitatea Tupila\u021bi, ar fi intrat \u00een coliziune cu un autoturism care circula \u00een fa\u021ba sa, condus de un t\u00e2n\u0103r, \u00een v\u00e2rst\u0103 de 29 de ani, tot din jude\u021bul Ia\u0219i\u201d, au transmis reprezentan\u021bii Poli\u021biei.<\/p>\n\n\n\n<p>\u00cen urma impactului, primul autoturism a fost proiectat \u00eentr-un alt vehicul parcat regulamentar pe acostamentul amenajat, pe partea st\u00e2ng\u0103 a drumului.<\/p>\n\n\n\n<h3 class=\"wp-block-heading\" id=\"trei-victime-inclusiv-un-copil-de-un-an\"><strong>Trei victime, inclusiv un copil de un an<\/strong><\/h3>\n\n\n\n<p>\u00cen urma coliziunii \u00een lan\u021b, trei persoane au fost r\u0103nite: un copil de un an, un t\u00e2n\u0103r de 26 de ani \u0219i o persoan\u0103 de 36 de ani. To\u021bi erau pasageri \u00een primele dou\u0103 autoturisme implicate \u00een accident.<\/p>\n\n\n\n<h3 class=\"wp-block-heading\" id=\"doi-soferi-beti-si-o-tentativa-de-fuga\"><strong>Doi \u0219oferi be\u021bi \u0219i o tentativ\u0103 de fug\u0103<\/strong><\/h3>\n\n\n\n<p>Dup\u0103 producerea accidentului, unul dintre cei doi \u0219oferi be\u021bi a \u00eencercat s\u0103 fug\u0103 de la locul faptei.<\/p>\n\n\n\n<p>\u201eT\u00e2n\u0103rul de 29 de ani ar fi p\u0103r\u0103sit locul producerii acestuia, fiind depistat ulterior de poli\u021bi\u0219ti, la o distan\u021b\u0103 de aproximativ 1 km de locul producerii accidentului\u201d, au ad\u0103ugat poli\u021bi\u0219tii.<\/p>\n\n\n\n<p>Cei doi conduc\u0103tori auto au fost testa\u021bi cu aparatul etilotest, rezult\u00e2nd valori de&nbsp;<strong>0,58 mg\/l \u0219i 0,73 mg\/l alcool pur \u00een aerul expirat<\/strong>.<\/p>\n\n\n\n<h3 class=\"wp-block-heading\" id=\"dosar-penal-pentru-ambii-soferi\"><strong>Dosar penal pentru ambii \u0219oferi<\/strong><\/h3>\n\n\n\n<p>\u00cen cauz\u0103, poli\u021bi\u0219tii au deschis un dosar penal. Se fac cercet\u0103ri pentru s\u0103v\u00e2r\u0219irea infrac\u021biunilor de&nbsp;<strong>v\u0103t\u0103mare corporal\u0103 din culp\u0103<\/strong>,&nbsp;<strong>conducerea unui vehicul sub influen\u021ba alcoolului<\/strong>&nbsp;\u0219i&nbsp;<strong>p\u0103r\u0103sirea locului accidentului ori modificarea sau \u0219tergerea urmelor acestuia<\/strong>.<\/p>\n\n\n\n<p>Sursa:monitorulneamt<\/p>\n","protected":false},"excerpt":{"rendered":"<p>Un copil de un an, printre victimele accidentului provocat de doi \u0219oferi be\u021bi \u00een localitatea Tupila\u021bi, jude\u021bul Neam\u021b. Un accident<\/p>\n","protected":false},"author":1,"featured_media":99387,"comment_status":"open","ping_status":"closed","sticky":false,"template":"","format":"standard","meta":{"spay_email":"","footnotes":"","jetpack_publicize_message":""},"categories":[1],"tags":[],"class_list":["post-126884","post","type-post","status-publish","format-standard","has-post-thumbnail","hentry","category-uncategorized"],"jetpack_featured_media_url":"https:\/\/i0.wp.com\/realitatearutiera.ro\/wp-content\/uploads\/2023\/05\/accident-ambulanta-poza-buna_b920cdfaf1.jpg?fit=1920%2C1080&ssl=1","jetpack_publicize_connections":[],"jetpack_sharing_enabled":true,"jetpack_shortlink":"https:\/\/wp.me\/p61naM-x0w","jetpack-related-posts":[],"_links":{"self":[{"href":"https:\/\/realitatearutiera.ro\/index.php?rest_route=\/wp\/v2\/posts\/126884","targetHints":{"allow":["GET"]}}],"collection":[{"href":"https:\/\/realitatearutiera.ro\/index.php?rest_route=\/wp\/v2\/posts"}],"about":[{"href":"https:\/\/realitatearutiera.ro\/index.php?rest_route=\/wp\/v2\/types\/post"}],"author":[{"embeddable":true,"href":"https:\/\/realitatearutiera.ro\/index.php?rest_route=\/wp\/v2\/users\/1"}],"replies":[{"embeddable":true,"href":"https:\/\/realitatearutiera.ro\/index.php?rest_route=%2Fwp%2Fv2%2Fcomments&post=126884"}],"version-history":[{"count":1,"href":"https:\/\/realitatearutiera.ro\/index.php?rest_route=\/wp\/v2\/posts\/126884\/revisions"}],"predecessor-version":[{"id":126886,"href":"https:\/\/realitatearutiera.ro\/index.php?rest_route=\/wp\/v2\/posts\/126884\/revisions\/126886"}],"wp:featuredmedia":[{"embeddable":true,"href":"https:\/\/realitatearutiera.ro\/index.php?rest_route=\/wp\/v2\/media\/99387"}],"wp:attachment":[{"href":"https:\/\/realitatearutiera.ro\/index.php?rest_route=%2Fwp%2Fv2%2Fmedia&parent=126884"}],"wp:term":[{"taxonomy":"category","embeddable":true,"href":"https:\/\/realitatearutiera.ro\/index.php?rest_route=%2Fwp%2Fv2%2Fcategories&post=126884"},{"taxonomy":"post_tag","embeddable":true,"href":"https:\/\/realitatearutiera.ro\/index.php?rest_route=%2Fwp%2Fv2%2Ftags&post=126884"}],"curies":[{"name":"wp","href":"https:\/\/api.w.org\/{rel}","templated":true}]}}