{"id":127352,"date":"2025-08-21T10:43:19","date_gmt":"2025-08-21T07:43:19","guid":{"rendered":"https:\/\/realitatearutiera.ro\/?p=127352"},"modified":"2025-08-21T10:43:33","modified_gmt":"2025-08-21T07:43:33","slug":"proiect-pensia-nu-va-mai-putea-fi-cumulata-cu-salariul-la-stat","status":"publish","type":"post","link":"https:\/\/realitatearutiera.ro\/?p=127352","title":{"rendered":"Proiect: Pensia nu va mai putea fi cumulat\u0103 cu salariul la stat"},"content":{"rendered":"\n<p>Guvernul va interzice transferurile \u0219i deta\u0219\u0103rile func\u021bionarilor publici, metoda prin care p\u00e2n\u0103 acum erau proteja\u021bi unii angaja\u021bi atunci c\u00e2nd posturile lor erau \u00een pericol.<\/p>\n\n\n\n<p>Modific\u0103rile apar \u00eentr-un proiect de ordonan\u021b\u0103 de urgen\u021b\u0103 pus \u00een dezbatere public\u0103 de Ministerul Muncii. Potrivit documentului, vor fi blocate concursurile de angajare la stat p\u00e2n\u0103 anul viitor, iar pensia nu va mai putea fi cumulat\u0103 cu salariul.<\/p>\n\n\n\n<p>Ministrul Muncii sus\u021bine c\u0103 proiectul \u00ee\u0219i propune s\u0103 creeze un sistem a\u0219ezat f\u0103r\u0103 fluctua\u021bii mari de personal.<\/p>\n\n\n\n<p>G\u00e2ndit de exper\u021bi ai Ministerului Muncii \u0219i Agen\u021biei Na\u021bionale a Func\u021bionarilor Publici, proiectul lansat \u00een dezbatere public\u0103 va interzice det\u0103\u0219\u0103rile \u0219i transferurile func\u021bionarilor publici din toate autorit\u0103\u021bile \u0219i institu\u021biile publice: de la ministere, autorit\u0103\u021bi locale, regii autonome, companii de stat sau autorit\u0103\u021bi de reglementare.<\/p>\n\n\n\n<p>M\u0103sura, valabil\u0103 p\u00e2n\u0103 la finalul anului urm\u0103tor, \u00eei vizeaz\u0103 pe to\u021bi bugetarii, \u00eens\u0103 ministrul Muncii sus\u021bine c\u0103 vor exista excep\u021bii. Pentru moment, noile reguli nu s-ar aplica pentru categoria \u00eenal\u021bilor func\u021bionari publici, cum sunt prefec\u021bii sau subprefec\u021bii, dar ar putea fi lua\u021bi \u00een calcul \u0219i angaja\u021bii din s\u0103n\u0103tate sau educa\u021bie.<\/p>\n\n\n\n<p><strong>Florin Manole, ministrul Muncii:<\/strong>&nbsp;<em>\u201eVor fi opinii diferite dintre s\u0103n\u0103tate, educa\u021bie \u0219i m\u0103 refer la sisteme \u00een care beneficiarii care au nevoie s\u0103 apeleze la aceste sisteme sunt extrem de mul\u021bi \u0219i atunci, evident, c\u0103 \u00een obiectivul acestui act normativ nu este afectarea accesului la s\u0103n\u0103tate sau educa\u021bie pentru cineva &#8211; ceea ce se \u00eencearc\u0103 este o stabilizare a sistemului , o oprire a acestei fluctua\u021bii de personal dintr-un minister \u00een altul sau dintr-o agen\u021bie \u00een alta, astfel \u00eenc\u00e2t \u00een unele cazuri s\u0103 se fac\u0103 \u0219i reorganiz\u0103ri\u201d.<\/em><\/p>\n\n\n\n<p>Prin proiect, autorit\u0103\u021bile \u00ee\u0219i doresc \u0219i reducerea costurile cu salariile bugetarilor. De exemplu, \u00een cazul transferurile de la o institu\u021bie la alta nu sunt mari diferen\u021be salariale, dar pentru deta\u0219\u0103ri lucrurile stau diferit, spun sindicali\u0219tii.<\/p>\n\n\n\n<p><strong>Hora\u021biu Raicu, secretarul general BNS:&nbsp;<\/strong><em>\u201eO persoan\u0103 d\u0103 un concurs ca func\u021bionar public o perioad\u0103 se deta\u0219eaz\u0103 la o cu totul \u0219i cu totul alt\u0103 institu\u021biei impactul care este? Practic, el a blocat postul, postul de pe care pleac\u0103, de pe care este deta\u0219at r\u0103m\u00e2ne blocat, dar blocheaz\u0103 \u0219i un alt post &#8211; pe postul pe care e deta\u0219at, astfel \u00eenc\u00e2t institu\u021bia care l-a preluat nu a organizat concurs sau artificial cre\u0219te cheltuiala la institu\u021bie cu personalul\u201d.<\/em><\/p>\n\n\n\n<p>Dac\u0103 ordonan\u021ba va fi adoptat\u0103, \u0219efii institu\u021biilor publice trebuie s\u0103 decid\u0103, \u00een termen de 30 de zile, dac\u0103 angaja\u021bii deta\u0219a\u021bi \u00ee\u0219i pot continua activitatea.<\/p>\n\n\n\n<p>\u00cen paralel, vor fi blocate \u0219i concursurile de angajare la stat, dar va fi permis\u0103 continuarea celor \u00eencepute deja.<\/p>\n\n\n\n<p>Sunt anun\u021bate schimb\u0103ri \u0219i pentru bugetarii care pot ie\u0219i la pensie, dar \u00ee\u0219i doresc s\u0103 lucreze \u00een continuare. Potrivit proiectului, este permis\u0103 munca la cerere p\u00e2n\u0103 la v\u00e2rsta de 70 de ani, \u00eens\u0103 oamenii trebuie s\u0103 renun\u021be la pensie. \u00cen forma actual\u0103, proiectul interzice cumulul pensie cu salariul la stat. Ordonan\u021ba de urgen\u021b\u0103 r\u0103m\u00e2ne pentru moment \u00een dezbatere public\u0103 \u0219i vor urma discu\u021bii cu reprezentan\u021bii sindicatelor \u0219i patronatelor.<\/p>\n\n\n\n<p>Sursa\/foto:stirileprotv<\/p>\n","protected":false},"excerpt":{"rendered":"<p>Guvernul va interzice transferurile \u0219i deta\u0219\u0103rile func\u021bionarilor publici, metoda prin care p\u00e2n\u0103 acum erau proteja\u021bi unii angaja\u021bi atunci c\u00e2nd posturile<\/p>\n","protected":false},"author":1,"featured_media":127353,"comment_status":"open","ping_status":"closed","sticky":false,"template":"","format":"standard","meta":{"spay_email":"","footnotes":"","jetpack_publicize_message":""},"categories":[6],"tags":[],"class_list":["post-127352","post","type-post","status-publish","format-standard","has-post-thumbnail","hentry","category-social"],"jetpack_featured_media_url":"https:\/\/i2.wp.com\/realitatearutiera.ro\/wp-content\/uploads\/2025\/08\/62555851.jpg?fit=800%2C450&ssl=1","jetpack_publicize_connections":[],"jetpack_sharing_enabled":true,"jetpack_shortlink":"https:\/\/wp.me\/p61naM-x84","jetpack-related-posts":[],"_links":{"self":[{"href":"https:\/\/realitatearutiera.ro\/index.php?rest_route=\/wp\/v2\/posts\/127352","targetHints":{"allow":["GET"]}}],"collection":[{"href":"https:\/\/realitatearutiera.ro\/index.php?rest_route=\/wp\/v2\/posts"}],"about":[{"href":"https:\/\/realitatearutiera.ro\/index.php?rest_route=\/wp\/v2\/types\/post"}],"author":[{"embeddable":true,"href":"https:\/\/realitatearutiera.ro\/index.php?rest_route=\/wp\/v2\/users\/1"}],"replies":[{"embeddable":true,"href":"https:\/\/realitatearutiera.ro\/index.php?rest_route=%2Fwp%2Fv2%2Fcomments&post=127352"}],"version-history":[{"count":1,"href":"https:\/\/realitatearutiera.ro\/index.php?rest_route=\/wp\/v2\/posts\/127352\/revisions"}],"predecessor-version":[{"id":127354,"href":"https:\/\/realitatearutiera.ro\/index.php?rest_route=\/wp\/v2\/posts\/127352\/revisions\/127354"}],"wp:featuredmedia":[{"embeddable":true,"href":"https:\/\/realitatearutiera.ro\/index.php?rest_route=\/wp\/v2\/media\/127353"}],"wp:attachment":[{"href":"https:\/\/realitatearutiera.ro\/index.php?rest_route=%2Fwp%2Fv2%2Fmedia&parent=127352"}],"wp:term":[{"taxonomy":"category","embeddable":true,"href":"https:\/\/realitatearutiera.ro\/index.php?rest_route=%2Fwp%2Fv2%2Fcategories&post=127352"},{"taxonomy":"post_tag","embeddable":true,"href":"https:\/\/realitatearutiera.ro\/index.php?rest_route=%2Fwp%2Fv2%2Ftags&post=127352"}],"curies":[{"name":"wp","href":"https:\/\/api.w.org\/{rel}","templated":true}]}}