{"id":127584,"date":"2025-08-27T09:15:42","date_gmt":"2025-08-27T06:15:42","guid":{"rendered":"https:\/\/realitatearutiera.ro\/?p=127584"},"modified":"2025-08-27T09:15:44","modified_gmt":"2025-08-27T06:15:44","slug":"4-romani-morti-intr-un-cumplit-accident-rutier-in-germania","status":"publish","type":"post","link":"https:\/\/realitatearutiera.ro\/?p=127584","title":{"rendered":"4 rom\u00e2ni, mor\u0163i \u00eentr-un cumplit accident rutier \u00een Germania"},"content":{"rendered":"\n<p>Sf\u00e2r\u015fit tragic pentru dou\u0103 cupluri de rom\u00e2ni. Cei patru au murit \u00eentr-un cumplit accident rutier \u00een nordul landului Hessa, pe \u0219oseaua L3229, \u00eentre localit\u0103\u021bile Reinhardshagen-Veckerhagen \u0219i Grebenstein. Ma\u0219ina, un Audi cu numere britanice \u0219i volan pe dreapta, a p\u0103r\u0103sit carosabilul \u00eentr-o curb\u0103 periculoas\u0103 \u00een pant\u0103, s-a izbit de mai mul\u021bi copaci \u0219i s-a r\u0103sturnat pe o parte. Niciunul dintre cei afla\u0163i \u00een autoturism nu au avut nicio \u015fans\u0103. Familia \u00eencearc\u0103 acum s\u0103 str\u00e2ng\u0103 fonduri pentru repatrierea lor.<\/p>\n\n\n\n<figure class=\"wp-block-image size-large\"><img loading=\"lazy\" decoding=\"async\" width=\"800\" height=\"466\" data-attachment-id=\"127585\" data-permalink=\"https:\/\/realitatearutiera.ro\/?attachment_id=127585\" data-orig-file=\"https:\/\/i0.wp.com\/realitatearutiera.ro\/wp-content\/uploads\/2025\/08\/image-55.png?fit=1200%2C698&amp;ssl=1\" data-orig-size=\"1200,698\" data-comments-opened=\"1\" data-image-meta=\"{&quot;aperture&quot;:&quot;0&quot;,&quot;credit&quot;:&quot;&quot;,&quot;camera&quot;:&quot;&quot;,&quot;caption&quot;:&quot;&quot;,&quot;created_timestamp&quot;:&quot;0&quot;,&quot;copyright&quot;:&quot;&quot;,&quot;focal_length&quot;:&quot;0&quot;,&quot;iso&quot;:&quot;0&quot;,&quot;shutter_speed&quot;:&quot;0&quot;,&quot;title&quot;:&quot;&quot;,&quot;orientation&quot;:&quot;0&quot;}\" data-image-title=\"image\" data-image-description=\"\" data-medium-file=\"https:\/\/i0.wp.com\/realitatearutiera.ro\/wp-content\/uploads\/2025\/08\/image-55.png?fit=300%2C175&amp;ssl=1\" data-large-file=\"https:\/\/i0.wp.com\/realitatearutiera.ro\/wp-content\/uploads\/2025\/08\/image-55.png?fit=800%2C466&amp;ssl=1\" src=\"https:\/\/i0.wp.com\/realitatearutiera.ro\/wp-content\/uploads\/2025\/08\/image-55-1024x596.png?resize=800%2C466&#038;ssl=1\" alt=\"\" class=\"wp-image-127585\" srcset=\"https:\/\/i0.wp.com\/realitatearutiera.ro\/wp-content\/uploads\/2025\/08\/image-55.png?resize=1024%2C596&amp;ssl=1 1024w, https:\/\/i0.wp.com\/realitatearutiera.ro\/wp-content\/uploads\/2025\/08\/image-55.png?resize=300%2C175&amp;ssl=1 300w, https:\/\/i0.wp.com\/realitatearutiera.ro\/wp-content\/uploads\/2025\/08\/image-55.png?resize=768%2C447&amp;ssl=1 768w, https:\/\/i0.wp.com\/realitatearutiera.ro\/wp-content\/uploads\/2025\/08\/image-55.png?w=1200&amp;ssl=1 1200w\" sizes=\"auto, (max-width: 800px) 100vw, 800px\" data-recalc-dims=\"1\" \/><\/figure>\n\n\n\n<p><a href=\"https:\/\/observatornews.ro\/autori\/redactia-observator-id29.html\"><\/a><a href=\"https:\/\/adclick.g.doubleclick.net\/pcs\/click%253Fxai%253DAKAOjsvGhOjfgOe-MozXfT5THMkU002REHMxN-83DRuVyrIYqOppuywEwPFdm9piIWRdw3ib7s7h8Fo-1nQQZG7n8DIXW1FFe6wD-IPRXygdWQRzcyqDZan_9fzztYi81qZ5pln6-KapGRELhRQTBv8smYXe394oJKdk9tgC4SPOSRMNCdxiNIMvZp45qTTItqCZGwDnJkPHQKTiGBWZKd6DCLJi8GSS52Uy9hzeVuRRLw6MLXsPTj5X7EWtVvO4c6wtIJI5SiwSFxyn5D_Tcpnn6E7hczxjaZ0g0uGX5DJfuWnb7JQTqZ1TMzCQkirI8q9u_Orp1Xz34mgaRvv4QnzqbfHePI_QwJ8duglKKFX7QizzGrUe5cs-wiawhzeMPYkJmY77k6V41WHtdMDCQutzyM3U-UWOB-WMxLfyjmLIVqMGUtUq6AOHwsmcf3iZ%2526sai%253DAMfl-YTS_pM5ayF0B0txLoJuRox52r-pSRwLiYVeRCgnjwoNDq5uI89JPk77r9x828zOz37JSru_mNhYFjET4k4MbRm0sAD51Yp1hhv4GT-bDrwrduG1lw8XdQSosfSAos1n%2526sig%253DCg0ArKJSzDjC0LyTK1T8EAE%2526fbs_aeid%253D%25255Bgw_fbsaeid%25255D%2526urlfix%253D1%2526adurl%253Dhttps:\/\/ad.doubleclick.net\/ddm\/clk\/618030410;425411006;h;gdpr=1;gdpr_consent=CQUiS8gQUiS8gAcABBENBzF8AP_gAEPgAChQKVtR3G__bWlr-Tr3afpkeYxH99hr7sQxBgbJE24FyDvW_JwSh2EwNAyatqIKmRIAuzRBIQFkGJDURVCgCogVrSDMYEiUoTNIJ6BkgBMRI2JYCFxvmQtjMQAY5vr9d1cxmB-t7dr83dziy4BHnzQ5P2QlUICdAYctDfl8ZBKT-5IEd-x8v4v49F7pE2-eSVk_pGvp6B9uYkM_dBU99_YAAAAAA_frk_eCkoAJhoVEEZZEAIRKBgBAgAUFYQAUCAIAAEgaICAEgYFOQMAB1hMgAACgAGCAEAAIMAAQAACAAIRABQAQCAACAQKAAIACAICABgYAAwAWAgEAAIDoEKYAEAAWACRmRQaYEIACQQEtlQgkAQIK4QBBlgAECImAgAABAAKAgAAeCwEBJASsSCALCCaAAAgAACCBAgRSNGAIKAzRaCcGT6AAAAAADBMkpgAA.f_wACHwAAAAA\"><\/a><\/p>\n\n\n\n<p>Costi se afla \u00een ma\u015fin\u0103 cu so\u0163ia lui, Emilia, veri\u0219orul femeii \u0219i so\u021bia lui. To\u021bi aveau v\u00e2rste cuprinse \u00eentre 30 \u0219i 32 de ani. Potrivit&nbsp;<a href=\"https:\/\/reporterbuzoian.ro\/buzoian-de-32-de-ani-mort-intr-un-accident-infiorator-apelul-familiei\/?fbclid=IwY2xjawMamlZleHRuA2FlbQIxMQBicmlkETFoa1ZlM2ZsQVJlVGQ2cld2AR5QfTmmlTjDcPiFr1zv-co0GyCUBcyktp1uLt7SfWD13TUn62iucHoBX6ppCA_aem_8IS2b2elQUa9gt3fMdyBkQ\" rel=\"noreferrer noopener\" target=\"_blank\">Reporter buzoian<\/a>, Constantin Nedelea era originar din comuna Cilibia, iar la 18 ani plecase \u00een Anglia pentru o via\u0163\u0103 mai bun\u0103. A pornit de la munca de jos, dar \u00een timp a ajuns s\u0103 fie managerul unei companii care se ocupa de utilaje agricole. Revenise \u00een \u0163ar\u0103 \u00een urm\u0103 cu dou\u0103 s\u0103pt\u0103m\u00e2ni, cu noua sa ma\u015fin\u0103, un Audi, care avea s\u0103 \u00eei devin\u0103 \u015fi sicriu. Pornise spre Germania unde au stat mai multe zile \u015fi unde avea s\u0103 \u00ee\u015fi g\u0103seasc\u0103 \u015fi sf\u00e2r\u015fitul.<\/p>\n\n\n\n<h2 class=\"wp-block-heading\" id=\"section-1\">Ma\u015fina nou\u0103 i-a devenit sicriu&nbsp;<\/h2>\n\n\n\n<p>Accidentul a avut loc \u00een noaptea de joi spre vineri la ora 00:56. Un raport al poli\u021biei privind accidentul mortal arat\u0103 c\u0103 ma\u0219ina a ie\u0219it brusc de pe carosabil, dup\u0103 ce a f\u0103cut o curb\u0103 la st\u00e2nga pe o pant\u0103. \u00cen timp ce \u0219oferul se chinuia s\u0103 rec\u00e2\u0219tige controlul ma\u0219inii, Audi-ul a derapat \u00eentr-o p\u0103dure unde s-a izbit de un \u0219ir de copaci, potrivit departamentului de poli\u021bie din Kassel.<\/p>\n\n\n\n<p>Unul dintre telefoanele victimelor a trimis o alert\u0103 automat\u0103 c\u0103tre serviciile de urgen\u021b\u0103 dup\u0103 accident, iar o ambulan\u021b\u0103 s-a deplasat de urgen\u021b\u0103 la fa\u021ba locului. Autospeciale de pompieri, mai multe ambulan\u021be \u0219i vehicule de poli\u021bie au fost trimise la fa\u021ba locului c\u00e2nd gravitatea accidentului a devenit clar\u0103.<\/p>\n\n\n\n<p>Ma\u015fina era blocat\u0103 de mai mul\u0163i copaci. Ini\u0163ial, s-a crezut c\u0103 sunt doar dou\u0103 persoane \u00een autoturism, \u00eens\u0103 ulterior dup\u0103 ce Audiul a fost decopertat s-au descoperit alte dou\u0103 victime. Medicul de urgen\u021b\u0103 a verificat func\u021biile vitale ale ocupan\u021bilor, dar din p\u0103cate nu a putut dec\u00e2t s\u0103 confirme c\u0103 to\u021bi erau deceda\u021bi, scrie&nbsp;<a href=\"https:\/\/feuerwehr-reinhardshagen.de\/de\/aktuelles\/news\/artikel\/einsatz-verkehrsunfall-am-hemelberg-mit-4-toten\/\" rel=\"noreferrer noopener\" target=\"_blank\">Departamentul de Pompieri Voluntari Holzhausen<\/a>.<\/p>\n\n\n\n<p>Anchetele privind cauza accidentului vor continua, iar oficialii vor reconstitui cursul exact al evenimentelor.<\/p>\n\n\n\n<p>Acum, familia lui Constantin Nedelea \u00eencearc\u0103 s\u0103 str\u00e2ng\u0103 banii necesari repatrierii.&nbsp;<em>\u201cCu sufletele sf\u00e2\u0219iate, v\u0103 scriem aceste r\u00e2nduri. Fratele so\u021bului meu, Nedelea Constantin, \u0219i-a pierdut via\u021ba pe 22 august 2025 \u00eentr-un cumplit accident rutier \u00een Germania, \u00een apropiere de Reinhardshagen, districtul Kassel. \u00cen ma\u0219in\u0103 se aflau Constantin cu sotia lui, plus alt cuplu. Din p\u0103cate, to\u021bi patru au murit pe loc, iar via\u021ba noastr\u0103 s-a schimbat pentru totdeauna\u201d<\/em>, se arat\u0103 \u00een mesajul postat pe&nbsp;<a href=\"https:\/\/www.gofundme.com\/f\/hj7sxt-constantin?attribution_id=sl:3d59d9c3-8fef-435e-81b9-66fde18d7f0e&amp;lang=en_GB&amp;ts=1755896086&amp;utm_campaign=fp_sharesheet&amp;utm_content=amp13_c&amp;utm_medium=customer&amp;utm_source=copy_link\" rel=\"noreferrer noopener\" target=\"_blank\">GoFoundMe<\/a>.<\/p>\n\n\n\n<p>Sursa\/foto observatornews<\/p>\n\n\n\n<p><\/p>\n","protected":false},"excerpt":{"rendered":"<p>Sf\u00e2r\u015fit tragic pentru dou\u0103 cupluri de rom\u00e2ni. Cei patru au murit \u00eentr-un cumplit accident rutier \u00een nordul landului Hessa, pe<\/p>\n","protected":false},"author":1,"featured_media":127585,"comment_status":"open","ping_status":"closed","sticky":false,"template":"","format":"standard","meta":{"spay_email":"","footnotes":"","jetpack_publicize_message":""},"categories":[12],"tags":[],"class_list":["post-127584","post","type-post","status-publish","format-standard","has-post-thumbnail","hentry","category-stiri-internationale"],"jetpack_featured_media_url":"https:\/\/i0.wp.com\/realitatearutiera.ro\/wp-content\/uploads\/2025\/08\/image-55.png?fit=1200%2C698&ssl=1","jetpack_publicize_connections":[],"jetpack_sharing_enabled":true,"jetpack_shortlink":"https:\/\/wp.me\/p61naM-xbO","jetpack-related-posts":[],"_links":{"self":[{"href":"https:\/\/realitatearutiera.ro\/index.php?rest_route=\/wp\/v2\/posts\/127584","targetHints":{"allow":["GET"]}}],"collection":[{"href":"https:\/\/realitatearutiera.ro\/index.php?rest_route=\/wp\/v2\/posts"}],"about":[{"href":"https:\/\/realitatearutiera.ro\/index.php?rest_route=\/wp\/v2\/types\/post"}],"author":[{"embeddable":true,"href":"https:\/\/realitatearutiera.ro\/index.php?rest_route=\/wp\/v2\/users\/1"}],"replies":[{"embeddable":true,"href":"https:\/\/realitatearutiera.ro\/index.php?rest_route=%2Fwp%2Fv2%2Fcomments&post=127584"}],"version-history":[{"count":1,"href":"https:\/\/realitatearutiera.ro\/index.php?rest_route=\/wp\/v2\/posts\/127584\/revisions"}],"predecessor-version":[{"id":127586,"href":"https:\/\/realitatearutiera.ro\/index.php?rest_route=\/wp\/v2\/posts\/127584\/revisions\/127586"}],"wp:featuredmedia":[{"embeddable":true,"href":"https:\/\/realitatearutiera.ro\/index.php?rest_route=\/wp\/v2\/media\/127585"}],"wp:attachment":[{"href":"https:\/\/realitatearutiera.ro\/index.php?rest_route=%2Fwp%2Fv2%2Fmedia&parent=127584"}],"wp:term":[{"taxonomy":"category","embeddable":true,"href":"https:\/\/realitatearutiera.ro\/index.php?rest_route=%2Fwp%2Fv2%2Fcategories&post=127584"},{"taxonomy":"post_tag","embeddable":true,"href":"https:\/\/realitatearutiera.ro\/index.php?rest_route=%2Fwp%2Fv2%2Ftags&post=127584"}],"curies":[{"name":"wp","href":"https:\/\/api.w.org\/{rel}","templated":true}]}}