{"id":127658,"date":"2025-08-28T10:34:36","date_gmt":"2025-08-28T07:34:36","guid":{"rendered":"https:\/\/realitatearutiera.ro\/?p=127658"},"modified":"2025-08-28T10:34:37","modified_gmt":"2025-08-28T07:34:37","slug":"majorarea-taxele-pentru-podurile-peste-dunare-proiect-de-ordonanta-aflat-in-dezbatere-publica","status":"publish","type":"post","link":"https:\/\/realitatearutiera.ro\/?p=127658","title":{"rendered":"Majorarea taxele pentru podurile peste Dun\u0103re-proiect de ordonan\u021b\u0103 aflat \u00een dezbatere public\u0103"},"content":{"rendered":"\n<p>Tarifele pentru trecerea podurilor peste Dun\u0103re, precum \u0219i amenzile aplicate \u0219oferilor care nu achit\u0103 taxa de pod, sunt prev\u0103zute \u00eentr-un proiect de ordonan\u021b\u0103 aflat \u00een dezbatere public\u0103, propus de Ministerul Transporturilor.<img loading=\"lazy\" decoding=\"async\" src=\"https:\/\/i2.wp.com\/cdn.adh.reperio.news\/image-3\/3a98adb1-7886-41d5-ab79-24cf503472b9\/index.jpeg?resize=800%2C429&#038;ssl=1\" alt=\"Podul de la Fete\u0219ti\/FOTO: CNAIR\" width=\"800\" height=\"429\"  data-recalc-dims=\"1\"><\/p>\n\n\n\n<p>Podul de la Fete\u0219ti\/FOTO: CNAIR<\/p>\n\n\n\n<p>Autorit\u0103\u021bile&nbsp;sus\u021bin c\u0103 o astfel de majorare este necesar\u0103, deoarece valoarea amenzilor pentru neplata taxei de pod nu mai este aliniat\u0103 cu cea a altor amenzi, fiind actualizat\u0103 acum \u0219apte ani, iar anul trecut au fost date peste 170.000 de amenzi pentru aceast\u0103 abatere, scrie&nbsp;<a href=\"https:\/\/www.avocatnet.ro\/articol_70179\/Taxele-de-pod-dar-%C8%99i-amenzile-pentru-neplata-lor-se-vor-majora.html\">Avocat.net<\/a>.<\/p>\n\n\n\n<p>Proiectul de Ordonan\u021b\u0103 Guvernamental\u0103&nbsp;vizeaz\u0103 reorganizarea prevederilor privind taxa de trecere a podurilor peste Dun\u0103re, dar \u0219i actualizarea valorilor acestei taxe.<\/p>\n\n\n\n<p>\u00cen primul r\u00e2nd, viitoarea ordonan\u021b\u0103 aduce sub \u201e<em>umbrela<\/em>\u201d OG 15\/2002 privind aplicarea tarifului de utilizare \u0219i a tarifului de trecere pe re\u021beaua de drumuri na\u021bionale din Rom\u00e2nia toate detaliile taxei de drum, deoarece, acum, tarifele de trecere sunt stabilite printr-un alt act normativ, respectiv Ordinul&nbsp;<a href=\"https:\/\/adevarul.ro\/economie\/noul-sistem-de-tarifare-tollro-a-fost-amanat-2466476.html\">Ministerului Transporturilor<\/a>&nbsp;1.836\/2018 pentru aprobarea unor tarife aplicate de Compania Na\u021bional\u0103 de Administrare a Infrastructurii Rutiere.<\/p>\n\n\n\n<p>A\u0219adar, vor fi introduse \u00een OG 15\/2002 mai multe anexe, ce stabilesc, de fapt, noile tarife pentru trecerea podurilor peste Dun\u0103re, iar la oficializarea proiectului de fa\u021b\u0103, prevederile care vizeaz\u0103 taxa pentru podurile Giurgeni \u0219i Vadu Oii\/ Fete\u0219ti \u0219i Cernavod\u0103 din Ordinul 1.836\/2018 \u00ee\u0219i vor \u00eenceta aplicabilitatea.<\/p>\n\n\n\n<p>A\u0219adar, taxa&nbsp;pentru utilizarea podurilor peste Dun\u0103re \u00eentre Fete\u0219ti \u0219i Cernavod\u0103 va cre\u0219te de la 13 la 19 lei, pentru o singur\u0103 trecere.&nbsp;<\/p>\n\n\n\n<p>Pentru utilizarea podului peste Dun\u0103re \u00eentre Giurgeni \u0219i Vadu Oii, \u0219oferii vor trebui s\u0103 pl\u0103teasc\u0103 16 lei, de la 11 lei, pentru o singur\u0103 trecere.<\/p>\n\n\n\n<p>Taxele de pod propuse pentru celelalte categorii de vehicule se g\u0103sesc la sf\u00e2r\u0219itul acestui articol. Viitoarea ordonan\u021b\u0103 nu modific\u0103 \u0219i tarifele pentru utilizarea podului peste Dun\u0103re \u00een sensul Giurgiu-Ruse.<\/p>\n\n\n\n<p>\u00cen schimb, prin proiectul de fa\u021b\u0103 se modific\u0103 \u0219i valoarea amenzilor ce se aplic\u0103 \u00een cazul \u00een care \u0219oferii nu pl\u0103tesc taxa de pod.&nbsp; A\u0219adar, amenzile minime pentru neplata tarifului se vor majora de la 130 de lei la 190 de lei, iar cele maxime &#8211; de la 260 de lei la 380 de lei.<\/p>\n\n\n\n<p>Valoarea amenzilor a fost calculat\u0103 \u00een raport cu taxa pentru trecerea podului de la Fete\u0219ti, fiind de zece ori tariful de trecere, \u00een cazul amenzii minime, \u0219i de dou\u0103zeci de ori tariful de trecere &#8211; pentru amenda maxim\u0103.<\/p>\n\n\n\n<p>Amenda pentru neplata taxei de pod se poate pl\u0103ti, \u00een cel mult 15 zile de la comunicarea procesului-verbal de contraven\u021bie, la jum\u0103tate din minimul ei. \u00cen acela\u0219i timp, taxele de pod achitate anterior intr\u0103rii \u00een vigoare a noilor tarife \u00ee\u0219i vor men\u021bine valabilitatea.<\/p>\n\n\n\n<p>Autorit\u0103\u021bile motiveaz\u0103 aceast\u0103 majorare prin faptul c\u0103 ultima actualizare a tarifelor de trecere a avut loc \u00een 2018, iar valoarea amenzilor aplicate pentru lipsa peajului valabil a fost stabilit\u0103 \u00een 2015.<\/p>\n\n\n\n<p>Totodat\u0103, \u201e<em>av\u00e2nd \u00een vedere c\u0103 num\u0103rul contraven\u021biilor aplicate \u00een anul 2024 pentru circula\u021bia f\u0103r\u0103 achitarea tarifului de trecere (peaj) a fost de peste 170.000, rezult\u0103 c\u0103 valoarea actual\u0103 a amenzilor nu este \u00een m\u0103sur\u0103 s\u0103 descurajeze fenomenul contraven\u021bional, motiv pentru care propunem aceasta modificare\u201d.<\/em><\/p>\n\n\n\n<p>Sursa:adevarul Podul de la Fete\u0219ti\/FOTO: CNAIR<\/p>\n\n\n\n<p><\/p>\n","protected":false},"excerpt":{"rendered":"<p>Tarifele pentru trecerea podurilor peste Dun\u0103re, precum \u0219i amenzile aplicate \u0219oferilor care nu achit\u0103 taxa de pod, sunt prev\u0103zute \u00eentr-un<\/p>\n","protected":false},"author":1,"featured_media":127659,"comment_status":"open","ping_status":"closed","sticky":false,"template":"","format":"standard","meta":{"spay_email":"","footnotes":"","jetpack_publicize_message":""},"categories":[6],"tags":[],"class_list":["post-127658","post","type-post","status-publish","format-standard","has-post-thumbnail","hentry","category-social"],"jetpack_featured_media_url":"https:\/\/realitatearutiera.ro\/wp-content\/uploads\/2025\/08\/index-19.webp","jetpack_publicize_connections":[],"jetpack_sharing_enabled":true,"jetpack_shortlink":"https:\/\/wp.me\/p61naM-xd0","jetpack-related-posts":[],"_links":{"self":[{"href":"https:\/\/realitatearutiera.ro\/index.php?rest_route=\/wp\/v2\/posts\/127658","targetHints":{"allow":["GET"]}}],"collection":[{"href":"https:\/\/realitatearutiera.ro\/index.php?rest_route=\/wp\/v2\/posts"}],"about":[{"href":"https:\/\/realitatearutiera.ro\/index.php?rest_route=\/wp\/v2\/types\/post"}],"author":[{"embeddable":true,"href":"https:\/\/realitatearutiera.ro\/index.php?rest_route=\/wp\/v2\/users\/1"}],"replies":[{"embeddable":true,"href":"https:\/\/realitatearutiera.ro\/index.php?rest_route=%2Fwp%2Fv2%2Fcomments&post=127658"}],"version-history":[{"count":1,"href":"https:\/\/realitatearutiera.ro\/index.php?rest_route=\/wp\/v2\/posts\/127658\/revisions"}],"predecessor-version":[{"id":127660,"href":"https:\/\/realitatearutiera.ro\/index.php?rest_route=\/wp\/v2\/posts\/127658\/revisions\/127660"}],"wp:featuredmedia":[{"embeddable":true,"href":"https:\/\/realitatearutiera.ro\/index.php?rest_route=\/wp\/v2\/media\/127659"}],"wp:attachment":[{"href":"https:\/\/realitatearutiera.ro\/index.php?rest_route=%2Fwp%2Fv2%2Fmedia&parent=127658"}],"wp:term":[{"taxonomy":"category","embeddable":true,"href":"https:\/\/realitatearutiera.ro\/index.php?rest_route=%2Fwp%2Fv2%2Fcategories&post=127658"},{"taxonomy":"post_tag","embeddable":true,"href":"https:\/\/realitatearutiera.ro\/index.php?rest_route=%2Fwp%2Fv2%2Ftags&post=127658"}],"curies":[{"name":"wp","href":"https:\/\/api.w.org\/{rel}","templated":true}]}}