{"id":12780,"date":"2016-09-12T08:35:57","date_gmt":"2016-09-12T05:35:57","guid":{"rendered":"http:\/\/realitatearutiera.ro\/?p=12780"},"modified":"2016-09-12T08:35:57","modified_gmt":"2016-09-12T05:35:57","slug":"vacanta-sfarsita-tragic-un-vas-a-fost-implicat-intr-un-accident-pe-dunare","status":"publish","type":"post","link":"https:\/\/realitatearutiera.ro\/?p=12780","title":{"rendered":"Vacan\u021b\u0103 sf\u00e2r\u0219it\u0103 tragic, un vas a fost implicat \u00eentr-un accident pe Dun\u0103re"},"content":{"rendered":"<p>Un vas cu 181 de pasageri si 47 de membri ai echipajului s-a lovit de un pod feroviar, la scurt timp dupa ce a plecat din orasul german Erlangen, cu destinatia Budapesta.<\/p>\n<p>Structura din metal a strivit cabina timonierului. Barbatul de 49 de ani care se afla la carma si un alt navigator, in varsta de 33 de ani, au pierit in accident.<\/p>\n<p>Nimeni altcineva nu a fost ranit, insa pasagerii au asteptata ore in sir pana cand au fost evacuati cu ajutorul unui pod mobil.<\/p>\n<p>Accidentul a perturbat si circulatia pe canalul Main-Dunare.<\/p>\n<p>&nbsp;<\/p>\n<p>sursa: stirileprotv.ro<\/p>\n","protected":false},"excerpt":{"rendered":"<p>Un vas cu 181 de pasageri si 47 de membri ai echipajului s-a lovit de un pod feroviar, la scurt<\/p>\n","protected":false},"author":1,"featured_media":12781,"comment_status":"closed","ping_status":"closed","sticky":false,"template":"","format":"standard","meta":{"spay_email":"","footnotes":"","jetpack_publicize_message":""},"categories":[12],"tags":[],"class_list":["post-12780","post","type-post","status-publish","format-standard","has-post-thumbnail","hentry","category-stiri-internationale"],"jetpack_featured_media_url":"https:\/\/i1.wp.com\/realitatearutiera.ro\/wp-content\/uploads\/2016\/09\/barca-accident-naval.jpg?fit=700%2C393&ssl=1","jetpack_publicize_connections":[],"jetpack_sharing_enabled":true,"jetpack_shortlink":"https:\/\/wp.me\/p61naM-3k8","jetpack-related-posts":[],"_links":{"self":[{"href":"https:\/\/realitatearutiera.ro\/index.php?rest_route=\/wp\/v2\/posts\/12780","targetHints":{"allow":["GET"]}}],"collection":[{"href":"https:\/\/realitatearutiera.ro\/index.php?rest_route=\/wp\/v2\/posts"}],"about":[{"href":"https:\/\/realitatearutiera.ro\/index.php?rest_route=\/wp\/v2\/types\/post"}],"author":[{"embeddable":true,"href":"https:\/\/realitatearutiera.ro\/index.php?rest_route=\/wp\/v2\/users\/1"}],"replies":[{"embeddable":true,"href":"https:\/\/realitatearutiera.ro\/index.php?rest_route=%2Fwp%2Fv2%2Fcomments&post=12780"}],"version-history":[{"count":1,"href":"https:\/\/realitatearutiera.ro\/index.php?rest_route=\/wp\/v2\/posts\/12780\/revisions"}],"predecessor-version":[{"id":12782,"href":"https:\/\/realitatearutiera.ro\/index.php?rest_route=\/wp\/v2\/posts\/12780\/revisions\/12782"}],"wp:featuredmedia":[{"embeddable":true,"href":"https:\/\/realitatearutiera.ro\/index.php?rest_route=\/wp\/v2\/media\/12781"}],"wp:attachment":[{"href":"https:\/\/realitatearutiera.ro\/index.php?rest_route=%2Fwp%2Fv2%2Fmedia&parent=12780"}],"wp:term":[{"taxonomy":"category","embeddable":true,"href":"https:\/\/realitatearutiera.ro\/index.php?rest_route=%2Fwp%2Fv2%2Fcategories&post=12780"},{"taxonomy":"post_tag","embeddable":true,"href":"https:\/\/realitatearutiera.ro\/index.php?rest_route=%2Fwp%2Fv2%2Ftags&post=12780"}],"curies":[{"name":"wp","href":"https:\/\/api.w.org\/{rel}","templated":true}]}}