{"id":127908,"date":"2025-09-03T11:46:27","date_gmt":"2025-09-03T08:46:27","guid":{"rendered":"https:\/\/realitatearutiera.ro\/?p=127908"},"modified":"2025-09-03T11:46:44","modified_gmt":"2025-09-03T08:46:44","slug":"eclipsa-totala-de-luna-vizibila-din-romania","status":"publish","type":"post","link":"https:\/\/realitatearutiera.ro\/?p=127908","title":{"rendered":"Eclips\u0103 total\u0103 de Lun\u0103, vizibil\u0103 din Rom\u00e2nia"},"content":{"rendered":"\n<figure class=\"wp-block-image size-full\"><img loading=\"lazy\" decoding=\"async\" width=\"800\" height=\"533\" data-attachment-id=\"127909\" data-permalink=\"https:\/\/realitatearutiera.ro\/?attachment_id=127909\" data-orig-file=\"https:\/\/i2.wp.com\/realitatearutiera.ro\/wp-content\/uploads\/2025\/09\/image-23.png?fit=800%2C533&amp;ssl=1\" data-orig-size=\"800,533\" data-comments-opened=\"1\" data-image-meta=\"{&quot;aperture&quot;:&quot;0&quot;,&quot;credit&quot;:&quot;&quot;,&quot;camera&quot;:&quot;&quot;,&quot;caption&quot;:&quot;&quot;,&quot;created_timestamp&quot;:&quot;0&quot;,&quot;copyright&quot;:&quot;&quot;,&quot;focal_length&quot;:&quot;0&quot;,&quot;iso&quot;:&quot;0&quot;,&quot;shutter_speed&quot;:&quot;0&quot;,&quot;title&quot;:&quot;&quot;,&quot;orientation&quot;:&quot;0&quot;}\" data-image-title=\"image\" data-image-description=\"\" data-medium-file=\"https:\/\/i2.wp.com\/realitatearutiera.ro\/wp-content\/uploads\/2025\/09\/image-23.png?fit=300%2C200&amp;ssl=1\" data-large-file=\"https:\/\/i2.wp.com\/realitatearutiera.ro\/wp-content\/uploads\/2025\/09\/image-23.png?fit=800%2C533&amp;ssl=1\" src=\"https:\/\/i2.wp.com\/realitatearutiera.ro\/wp-content\/uploads\/2025\/09\/image-23.png?resize=800%2C533&#038;ssl=1\" alt=\"\" class=\"wp-image-127909\" srcset=\"https:\/\/i2.wp.com\/realitatearutiera.ro\/wp-content\/uploads\/2025\/09\/image-23.png?w=800&amp;ssl=1 800w, https:\/\/i2.wp.com\/realitatearutiera.ro\/wp-content\/uploads\/2025\/09\/image-23.png?resize=300%2C200&amp;ssl=1 300w, https:\/\/i2.wp.com\/realitatearutiera.ro\/wp-content\/uploads\/2025\/09\/image-23.png?resize=768%2C512&amp;ssl=1 768w\" sizes=\"auto, (max-width: 800px) 100vw, 800px\" data-recalc-dims=\"1\" \/><\/figure>\n\n\n\n<p><em>Secventele unei eclipse de Luna (foto Pancaketom, Dreamstime.com)<\/em><\/p>\n\n\n\n<p><strong>\u00cen noaptea de duminic\u0103 spre luni va putea fi v\u0103zut\u0103 \u0219i din Rom\u00e2nia o eclips\u0103 total\u0103 de Lun\u0103. Faza de totalitate va dura aproape o or\u0103 \u0219i jum\u0103tate, iar maximul va fi dup\u0103 ora 21.00.<\/strong><\/p>\n\n\n\n<p>Eclipsa se produce \u00een noaptea de 7 spre 8 septembrie 2025, duminic\u0103 spre luni, c\u00e2nd Luna se va afla \u00een constela\u021bia Aquarius. Pe tot parcursul nop\u021bii, planeta Saturn se va afla \u00een st\u00e2nga Lunii, se explic\u0103 pe site-mul\u00a0<a href=\"https:\/\/astro-urseanu.ro\/wp-content\/uploads\/2025\/06\/eluna-20250907.png\" target=\"_blank\" rel=\"noreferrer noopener\">observatorului astronomic din Bucure\u0219ti<\/a>.<\/p>\n\n\n\n<p>Fenomenul \u00eencepe cu intrarea Lunii \u00een penumbr\u0103, la ora 18:28, c\u00e2nd Luna va fi sub orizont. Pentru c\u0103 penumbra P\u0103m\u00e2ntului nu este foarte opac\u0103, la \u00eenceputul fenomenului culoarea Lunii nu se va schimba mult. La Bucure\u0219ti, Luna va r\u0103s\u0103ri la ora 19:37, c\u00e2nd deja se afl\u0103 \u00een umbra P\u0103m\u00e2ntului.<\/p>\n\n\n\n<p>Faza cea mai interesant\u0103, totalitatea, va dura o or\u0103 \u0219i 22 de minute.<\/p>\n\n\n\n<p>Cea mai spectaculoas\u0103 parte a fenomenului este totalitatea, perioada c\u00e2t Luna se afl\u0103 \u00een umbra planetei noastre \u0219i cap\u0103t\u0103 culoarea ro\u0219iatic\u0103 specific\u0103. Totalitatea \u00eencepe la ora 20:30, are maximul la 21:21 \u0219i se termin\u0103 la ora 21:52. \u00cen timpul totalit\u0103\u021bii Luna se va afla destul de jos pe cer, \u00eenspre est-sud-est, se mai spune \u00een descrierea de pe site-ul observatorului astronomic.<\/p>\n\n\n\n<p>Eclipsa se termin\u0103 la ora 23:55.<\/p>\n\n\n\n<p>Din Rom\u00e2nia, urm\u0103toarea eclips\u0103 de Lun\u0103 se va vedea pe 28 august 2026.<\/p>\n\n\n\n<p>\u00cen martie 2025 s-a produs o eclips\u0103 total\u0103 de Lun\u0103, \u00eens\u0103 din Rom\u00e2nia s-a putut vedea doar \u00eenceputul, fiindc\u0103 Luna a apus \u00eenainte de \u00eenceperea fazei de maxim.<\/p>\n\n\n\n<p>\u00cen mai 2022 a fost o eclips\u0103 total\u0103 de Lun\u0103 care s-a v\u0103zut \u0219i din Rom\u00e2nia, iar durata fazei de maxim a fost de 20 de minute.<\/p>\n\n\n\n<p>Eclipsele de Lun\u0103 sunt mult mai pu\u021bin spectaculoase dec\u00e2t cele de Soare. Se produc noaptea, c\u00e2nd este Lun\u0103 plin\u0103 \u0219i c\u00e2nd P\u0103m\u00e2ntul se afl\u0103 \u00eentre Soare \u0219i Lun\u0103, iar Luna intr\u0103 \u00een conul de umbr\u0103 al P\u0103m\u00e2ntului, moment \u00een care Luna cap\u0103t\u0103 o culoare ro\u0219iatic\u0103 pe care nu o are de obicei. Eclipsele de Lun\u0103 sunt mult mai dese dec\u00e2t cele de Soare \u0219i dureaz\u0103 mai mult. Ele nu au o mic\u0103 \u201eband\u0103 de totalitate\u201d, cum este cazul la cele de Soare, ci pot fi v\u0103zute de to\u021bi cei care au Luna deasupra orizontului.<\/p>\n\n\n\n<h2 class=\"wp-block-heading\">Fazele eclipsei din 7 septembrie<\/h2>\n\n\n\n<ul class=\"wp-block-list\">\n<li>\u00cenceputul eclipsei: 18:28<\/li>\n\n\n\n<li>Intrarea \u00een umbr\u0103: 19:27<\/li>\n\n\n\n<li>\u00cenceputul totalit\u0103\u021bii: 20:30<\/li>\n\n\n\n<li>Maximul eclipsei: 21:21<\/li>\n\n\n\n<li>Sf\u00e2r\u0219itul totalit\u0103\u021bii: 21:52<\/li>\n\n\n\n<li>Ie\u0219irea din umbr\u0103: 22:56<\/li>\n\n\n\n<li>Sf\u00e2r\u0219itul eclipsei: 23:55<\/li>\n<\/ul>\n\n\n\n<p>Sursa\/foto.hotnews<\/p>\n\n\n\n<p><\/p>\n","protected":false},"excerpt":{"rendered":"<p>Secventele unei eclipse de Luna (foto Pancaketom, Dreamstime.com) \u00cen noaptea de duminic\u0103 spre luni va putea fi v\u0103zut\u0103 \u0219i din<\/p>\n","protected":false},"author":1,"featured_media":127909,"comment_status":"open","ping_status":"closed","sticky":false,"template":"","format":"standard","meta":{"spay_email":"","footnotes":"","jetpack_publicize_message":""},"categories":[6],"tags":[],"class_list":["post-127908","post","type-post","status-publish","format-standard","has-post-thumbnail","hentry","category-social"],"jetpack_featured_media_url":"https:\/\/i2.wp.com\/realitatearutiera.ro\/wp-content\/uploads\/2025\/09\/image-23.png?fit=800%2C533&ssl=1","jetpack_publicize_connections":[],"jetpack_sharing_enabled":true,"jetpack_shortlink":"https:\/\/wp.me\/p61naM-xh2","jetpack-related-posts":[],"_links":{"self":[{"href":"https:\/\/realitatearutiera.ro\/index.php?rest_route=\/wp\/v2\/posts\/127908","targetHints":{"allow":["GET"]}}],"collection":[{"href":"https:\/\/realitatearutiera.ro\/index.php?rest_route=\/wp\/v2\/posts"}],"about":[{"href":"https:\/\/realitatearutiera.ro\/index.php?rest_route=\/wp\/v2\/types\/post"}],"author":[{"embeddable":true,"href":"https:\/\/realitatearutiera.ro\/index.php?rest_route=\/wp\/v2\/users\/1"}],"replies":[{"embeddable":true,"href":"https:\/\/realitatearutiera.ro\/index.php?rest_route=%2Fwp%2Fv2%2Fcomments&post=127908"}],"version-history":[{"count":1,"href":"https:\/\/realitatearutiera.ro\/index.php?rest_route=\/wp\/v2\/posts\/127908\/revisions"}],"predecessor-version":[{"id":127910,"href":"https:\/\/realitatearutiera.ro\/index.php?rest_route=\/wp\/v2\/posts\/127908\/revisions\/127910"}],"wp:featuredmedia":[{"embeddable":true,"href":"https:\/\/realitatearutiera.ro\/index.php?rest_route=\/wp\/v2\/media\/127909"}],"wp:attachment":[{"href":"https:\/\/realitatearutiera.ro\/index.php?rest_route=%2Fwp%2Fv2%2Fmedia&parent=127908"}],"wp:term":[{"taxonomy":"category","embeddable":true,"href":"https:\/\/realitatearutiera.ro\/index.php?rest_route=%2Fwp%2Fv2%2Fcategories&post=127908"},{"taxonomy":"post_tag","embeddable":true,"href":"https:\/\/realitatearutiera.ro\/index.php?rest_route=%2Fwp%2Fv2%2Ftags&post=127908"}],"curies":[{"name":"wp","href":"https:\/\/api.w.org\/{rel}","templated":true}]}}