{"id":128052,"date":"2025-09-08T08:50:49","date_gmt":"2025-09-08T05:50:49","guid":{"rendered":"https:\/\/realitatearutiera.ro\/?p=128052"},"modified":"2025-09-08T08:50:51","modified_gmt":"2025-09-08T05:50:51","slug":"accident-in-giratoriul-de-pe-pasajul-din-berceni","status":"publish","type":"post","link":"https:\/\/realitatearutiera.ro\/?p=128052","title":{"rendered":"Accident \u00een giratoriul de pe pasajul din Berceni"},"content":{"rendered":"\n<p>Tragedie cumplit\u0103 \u00een berceni. Un b\u0103rbat de 40 de ani \u0219i-a pierdut via\u021ba, dup\u0103 ce a plonjat cu ma\u0219ina \u00een giratoriul de pe pasajul din Berceni. Autoturismul s-a transformat imediat \u00eentr-o tor\u021b\u0103, iar \u0219oferul a murit carbonizat.<a href=\"https:\/\/observatornews.ro\/autori\/redactia-observator-id29.html\"><\/a><\/p>\n\n\n\n<figure class=\"wp-block-image\"><img decoding=\"async\" src=\"https:\/\/img.observatornews.ro\/0\/2025\/9\/7\/630476\/accident-berceni-e344e9f0.webp?w=430&amp;f=2&amp;v=2\" alt=\"\"\/><\/figure>\n\n\n\n<p>Accidentul s-a produs \u00een jurul orei 08:00. Potrivit primelor cercet\u0103ri, b\u0103rbatul de 40 de ani conducea un BMW \u0219i ar fi intrat cu vitez\u0103 \u00een parapetul pasajului de la intrarea pe centur\u0103.&nbsp;<a href=\"https:\/\/observatornews.ro\/eveniment\/accident-mortal-in-berceni-soferul-unui-bmw-a-murit-carbonizat-dupa-ce-sa-prabusit-cu-masina-de-pe-pod-630471.html\">Impactul a fost devastator<\/a>, iar martorii spun c\u0103 ma\u0219ina a luat foc instantaneu.<\/p>\n\n\n\n<h2 class=\"wp-block-heading\" id=\"section-1\">Rudele vorbesc despre o posibil\u0103 sinucidere<\/h2>\n\n\n\n<p>Potrivit apropia\u021bilor, b\u0103rbatul era din Pope\u0219ti \u0219i cuno\u0219tea foarte bine zona \u00een care a avut loc tragedia. Mai mult, rudele lui cred c\u0103 accidentul nu a fost unul \u00eent\u00e2mpl\u0103tor, ci o inten\u021bie de sinucidere.<\/p>\n\n\n\n<p>Ar fi urcat cu vitez\u0103 pe breteaua care duce spre centur\u0103, \u00een \u00eencercarea de a-\u015fi pune cap\u0103t zilelor, \u00een urma unor probleme \u00een dragoste. B\u0103rbatul fusese c\u0103s\u0103torit \u0219i avea un copil mic. Recent, intrase \u00eentr-o nou\u0103 rela\u021bie, \u00eens\u0103 se certase cu partenera, care ar fi cerut \u0219i un ordin de protec\u021bie \u00eempotriva lui.Play Video<\/p>\n\n\n\n<p>\u00cen noaptea de dinaintea accidentului, el ar fi participat la o nunt\u0103. Diminea\u021ba, \u00eens\u0103, totul s-a transformat \u00eentr-un co\u0219mar.<\/p>\n\n\n\n<p>Poli\u021bi\u0219tii au deschis o anchet\u0103 pentru a stabili exact cum s-a produs tragedia \u0219i dac\u0103 \u00eentr-adev\u0103r a fost vorba de un gest inten\u021bionat. Cadavrul va fi dus la Institutul Na\u021bional de Medicin\u0103 Legal\u0103 (INML), pentru autopsie.<\/p>\n\n\n\n<p>Sursa:observatornews<\/p>\n","protected":false},"excerpt":{"rendered":"<p>Tragedie cumplit\u0103 \u00een berceni. Un b\u0103rbat de 40 de ani \u0219i-a pierdut via\u021ba, dup\u0103 ce a plonjat cu ma\u0219ina \u00een<\/p>\n","protected":false},"author":1,"featured_media":116078,"comment_status":"open","ping_status":"closed","sticky":false,"template":"","format":"standard","meta":{"spay_email":"","footnotes":"","jetpack_publicize_message":""},"categories":[1],"tags":[],"class_list":["post-128052","post","type-post","status-publish","format-standard","has-post-thumbnail","hentry","category-uncategorized"],"jetpack_featured_media_url":"https:\/\/i1.wp.com\/realitatearutiera.ro\/wp-content\/uploads\/2024\/09\/accident.jpg?fit=630%2C365&ssl=1","jetpack_publicize_connections":[],"jetpack_sharing_enabled":true,"jetpack_shortlink":"https:\/\/wp.me\/p61naM-xjm","jetpack-related-posts":[],"_links":{"self":[{"href":"https:\/\/realitatearutiera.ro\/index.php?rest_route=\/wp\/v2\/posts\/128052","targetHints":{"allow":["GET"]}}],"collection":[{"href":"https:\/\/realitatearutiera.ro\/index.php?rest_route=\/wp\/v2\/posts"}],"about":[{"href":"https:\/\/realitatearutiera.ro\/index.php?rest_route=\/wp\/v2\/types\/post"}],"author":[{"embeddable":true,"href":"https:\/\/realitatearutiera.ro\/index.php?rest_route=\/wp\/v2\/users\/1"}],"replies":[{"embeddable":true,"href":"https:\/\/realitatearutiera.ro\/index.php?rest_route=%2Fwp%2Fv2%2Fcomments&post=128052"}],"version-history":[{"count":1,"href":"https:\/\/realitatearutiera.ro\/index.php?rest_route=\/wp\/v2\/posts\/128052\/revisions"}],"predecessor-version":[{"id":128053,"href":"https:\/\/realitatearutiera.ro\/index.php?rest_route=\/wp\/v2\/posts\/128052\/revisions\/128053"}],"wp:featuredmedia":[{"embeddable":true,"href":"https:\/\/realitatearutiera.ro\/index.php?rest_route=\/wp\/v2\/media\/116078"}],"wp:attachment":[{"href":"https:\/\/realitatearutiera.ro\/index.php?rest_route=%2Fwp%2Fv2%2Fmedia&parent=128052"}],"wp:term":[{"taxonomy":"category","embeddable":true,"href":"https:\/\/realitatearutiera.ro\/index.php?rest_route=%2Fwp%2Fv2%2Fcategories&post=128052"},{"taxonomy":"post_tag","embeddable":true,"href":"https:\/\/realitatearutiera.ro\/index.php?rest_route=%2Fwp%2Fv2%2Ftags&post=128052"}],"curies":[{"name":"wp","href":"https:\/\/api.w.org\/{rel}","templated":true}]}}