{"id":128224,"date":"2025-09-10T10:59:23","date_gmt":"2025-09-10T07:59:23","guid":{"rendered":"https:\/\/realitatearutiera.ro\/?p=128224"},"modified":"2025-09-10T10:59:25","modified_gmt":"2025-09-10T07:59:25","slug":"circulatia-pe-transfagarasan-va-fi-inchisa-temporar-pentru-un-eveniment-organizat-de-ace-parade","status":"publish","type":"post","link":"https:\/\/realitatearutiera.ro\/?p=128224","title":{"rendered":"Circula\u021bia pe Transf\u0103g\u0103r\u0103\u0219an va fi \u00eenchis\u0103 temporar pentru un eveniment organizat de ACE PARADE"},"content":{"rendered":"\n<figure class=\"wp-block-image size-large is-resized\"><img loading=\"lazy\" decoding=\"async\" width=\"800\" height=\"450\" data-attachment-id=\"128225\" data-permalink=\"https:\/\/realitatearutiera.ro\/?attachment_id=128225\" data-orig-file=\"https:\/\/i0.wp.com\/realitatearutiera.ro\/wp-content\/uploads\/2025\/09\/image-83.png?fit=1200%2C675&amp;ssl=1\" data-orig-size=\"1200,675\" data-comments-opened=\"1\" data-image-meta=\"{&quot;aperture&quot;:&quot;0&quot;,&quot;credit&quot;:&quot;&quot;,&quot;camera&quot;:&quot;&quot;,&quot;caption&quot;:&quot;&quot;,&quot;created_timestamp&quot;:&quot;0&quot;,&quot;copyright&quot;:&quot;&quot;,&quot;focal_length&quot;:&quot;0&quot;,&quot;iso&quot;:&quot;0&quot;,&quot;shutter_speed&quot;:&quot;0&quot;,&quot;title&quot;:&quot;&quot;,&quot;orientation&quot;:&quot;0&quot;}\" data-image-title=\"image\" data-image-description=\"\" data-medium-file=\"https:\/\/i0.wp.com\/realitatearutiera.ro\/wp-content\/uploads\/2025\/09\/image-83.png?fit=300%2C169&amp;ssl=1\" data-large-file=\"https:\/\/i0.wp.com\/realitatearutiera.ro\/wp-content\/uploads\/2025\/09\/image-83.png?fit=800%2C450&amp;ssl=1\" src=\"https:\/\/i0.wp.com\/realitatearutiera.ro\/wp-content\/uploads\/2025\/09\/image-83-1024x576.png?resize=800%2C450&#038;ssl=1\" alt=\"\" class=\"wp-image-128225\" style=\"width:617px;height:auto\" srcset=\"https:\/\/i0.wp.com\/realitatearutiera.ro\/wp-content\/uploads\/2025\/09\/image-83.png?resize=1024%2C576&amp;ssl=1 1024w, https:\/\/i0.wp.com\/realitatearutiera.ro\/wp-content\/uploads\/2025\/09\/image-83.png?resize=300%2C169&amp;ssl=1 300w, https:\/\/i0.wp.com\/realitatearutiera.ro\/wp-content\/uploads\/2025\/09\/image-83.png?resize=768%2C432&amp;ssl=1 768w, https:\/\/i0.wp.com\/realitatearutiera.ro\/wp-content\/uploads\/2025\/09\/image-83.png?w=1200&amp;ssl=1 1200w\" sizes=\"auto, (max-width: 800px) 100vw, 800px\" data-recalc-dims=\"1\" \/><\/figure>\n\n\n\n<p>Circula\u021bia rutier\u0103 pe un sector al Drumului Na\u021bional 7C \u2013 Transf\u0103g\u0103r\u0103\u0219an, unul dintre cele mai spectaculoase drumuri montane din Europa, va fi restric\u021bionat\u0103 temporar miercuri, 17 septembrie 2025, \u00een intervalul orar 10:30 \u2013 12:30.<\/p>\n\n\n\n<p>Restric\u021bia vizeaz\u0103 por\u021biunea de drum cuprins\u0103 \u00eentre kilometrul 108+200 (zona Hotel Capra) \u0219i kilometrul 116+800 (ie\u0219irea din pasajul montan c\u0103tre Lacul B\u00e2lea).<\/p>\n\n\n\n<p>Pe aceast\u0103 por\u021biune, traficul va fi complet pentru a fi realizat\u0103 o filmare dedicat\u0103 evenimentului automobilistic special organizat de ACE PARADE.<\/p>\n\n\n\n<p>Decizia de restric\u021bionare a traficului a fost solicitat\u0103 de organizatorii evenimentului, pentru a fi evitat\u0103 orice posibil\u0103 situa\u021bie nepl\u0103cut\u0103 sau periculoas\u0103 \u0219i avizat\u0103 de autorit\u0103\u021bile competente, cu respectarea prevederilor legale privind siguran\u021ba rutier\u0103 \u0219i derularea evenimentelor speciale pe drumurile publice.<\/p>\n\n\n\n<p>Se recomand\u0103 ca \u00een perioada men\u021bionat\u0103 s\u0103 fie evitate deplas\u0103rile \u00een zon\u0103 \u00een intervalul men\u021bionat \u0219i s\u0103 opteze pentru rute alternative.<\/p>\n\n\n\n<p>Informa\u021bii actualizate privind circula\u021bia rutier\u0103 pot fi consultate pe platformele oficiale ale CNAIR \u0219i Poli\u021biei Rutiere.<\/p>\n\n\n\n<p>Sursa\/foto:promotor<\/p>\n\n\n\n<p><\/p>\n","protected":false},"excerpt":{"rendered":"<p>Circula\u021bia rutier\u0103 pe un sector al Drumului Na\u021bional 7C \u2013 Transf\u0103g\u0103r\u0103\u0219an, unul dintre cele mai spectaculoase drumuri montane din Europa,<\/p>\n","protected":false},"author":1,"featured_media":128225,"comment_status":"open","ping_status":"closed","sticky":false,"template":"","format":"standard","meta":{"spay_email":"","footnotes":"","jetpack_publicize_message":""},"categories":[54],"tags":[],"class_list":["post-128224","post","type-post","status-publish","format-standard","has-post-thumbnail","hentry","category-informatii-rutiere"],"jetpack_featured_media_url":"https:\/\/i0.wp.com\/realitatearutiera.ro\/wp-content\/uploads\/2025\/09\/image-83.png?fit=1200%2C675&ssl=1","jetpack_publicize_connections":[],"jetpack_sharing_enabled":true,"jetpack_shortlink":"https:\/\/wp.me\/p61naM-xm8","jetpack-related-posts":[],"_links":{"self":[{"href":"https:\/\/realitatearutiera.ro\/index.php?rest_route=\/wp\/v2\/posts\/128224","targetHints":{"allow":["GET"]}}],"collection":[{"href":"https:\/\/realitatearutiera.ro\/index.php?rest_route=\/wp\/v2\/posts"}],"about":[{"href":"https:\/\/realitatearutiera.ro\/index.php?rest_route=\/wp\/v2\/types\/post"}],"author":[{"embeddable":true,"href":"https:\/\/realitatearutiera.ro\/index.php?rest_route=\/wp\/v2\/users\/1"}],"replies":[{"embeddable":true,"href":"https:\/\/realitatearutiera.ro\/index.php?rest_route=%2Fwp%2Fv2%2Fcomments&post=128224"}],"version-history":[{"count":1,"href":"https:\/\/realitatearutiera.ro\/index.php?rest_route=\/wp\/v2\/posts\/128224\/revisions"}],"predecessor-version":[{"id":128226,"href":"https:\/\/realitatearutiera.ro\/index.php?rest_route=\/wp\/v2\/posts\/128224\/revisions\/128226"}],"wp:featuredmedia":[{"embeddable":true,"href":"https:\/\/realitatearutiera.ro\/index.php?rest_route=\/wp\/v2\/media\/128225"}],"wp:attachment":[{"href":"https:\/\/realitatearutiera.ro\/index.php?rest_route=%2Fwp%2Fv2%2Fmedia&parent=128224"}],"wp:term":[{"taxonomy":"category","embeddable":true,"href":"https:\/\/realitatearutiera.ro\/index.php?rest_route=%2Fwp%2Fv2%2Fcategories&post=128224"},{"taxonomy":"post_tag","embeddable":true,"href":"https:\/\/realitatearutiera.ro\/index.php?rest_route=%2Fwp%2Fv2%2Ftags&post=128224"}],"curies":[{"name":"wp","href":"https:\/\/api.w.org\/{rel}","templated":true}]}}