{"id":128228,"date":"2025-09-10T11:04:24","date_gmt":"2025-09-10T08:04:24","guid":{"rendered":"https:\/\/realitatearutiera.ro\/?p=128228"},"modified":"2025-09-10T11:04:26","modified_gmt":"2025-09-10T08:04:26","slug":"sensul-giratoriu-2025-este-legal-sa-mergi-inainte-daca-te-afli-pe-banda-2-cine-are-prioritate-in-rotunda","status":"publish","type":"post","link":"https:\/\/realitatearutiera.ro\/?p=128228","title":{"rendered":"Sensul giratoriu 2025: Este legal s\u0103 mergi \u00eenainte dac\u0103 te afli pe banda 2? Cine are prioritate \u00een \u201erotund\u0103\u201d"},"content":{"rendered":"\n<p>Numeroase accidente produse \u00een sensul giratoriu au avut aceea\u0219i cauz\u0103: neacordarea de prioritate. De exemplu, sunt \u0219oferi care nu \u0219tiu dac\u0103 este legal s\u0103 mergi \u00eenainte c\u00e2nd te afli pe banda 2 din \u201erotund\u0103\u201d \u0219i nici cine are prioritate \u00eentr-o astfel de situa\u021bie.<\/p>\n\n\n\n<figure class=\"wp-block-image size-large is-resized\"><img loading=\"lazy\" decoding=\"async\" width=\"800\" height=\"450\" data-attachment-id=\"128229\" data-permalink=\"https:\/\/realitatearutiera.ro\/?attachment_id=128229\" data-orig-file=\"https:\/\/i0.wp.com\/realitatearutiera.ro\/wp-content\/uploads\/2025\/09\/image-84.png?fit=1200%2C675&amp;ssl=1\" data-orig-size=\"1200,675\" data-comments-opened=\"1\" data-image-meta=\"{&quot;aperture&quot;:&quot;0&quot;,&quot;credit&quot;:&quot;&quot;,&quot;camera&quot;:&quot;&quot;,&quot;caption&quot;:&quot;&quot;,&quot;created_timestamp&quot;:&quot;0&quot;,&quot;copyright&quot;:&quot;&quot;,&quot;focal_length&quot;:&quot;0&quot;,&quot;iso&quot;:&quot;0&quot;,&quot;shutter_speed&quot;:&quot;0&quot;,&quot;title&quot;:&quot;&quot;,&quot;orientation&quot;:&quot;0&quot;}\" data-image-title=\"image\" data-image-description=\"\" data-medium-file=\"https:\/\/i0.wp.com\/realitatearutiera.ro\/wp-content\/uploads\/2025\/09\/image-84.png?fit=300%2C169&amp;ssl=1\" data-large-file=\"https:\/\/i0.wp.com\/realitatearutiera.ro\/wp-content\/uploads\/2025\/09\/image-84.png?fit=800%2C450&amp;ssl=1\" src=\"https:\/\/i1.wp.com\/realitatearutiera.ro\/wp-content\/uploads\/2025\/09\/image-84-1024x576.png?resize=800%2C450&#038;ssl=1\" alt=\"\" class=\"wp-image-128229\" style=\"width:604px;height:auto\" srcset=\"https:\/\/i0.wp.com\/realitatearutiera.ro\/wp-content\/uploads\/2025\/09\/image-84.png?resize=1024%2C576&amp;ssl=1 1024w, https:\/\/i0.wp.com\/realitatearutiera.ro\/wp-content\/uploads\/2025\/09\/image-84.png?resize=300%2C169&amp;ssl=1 300w, https:\/\/i0.wp.com\/realitatearutiera.ro\/wp-content\/uploads\/2025\/09\/image-84.png?resize=768%2C432&amp;ssl=1 768w, https:\/\/i0.wp.com\/realitatearutiera.ro\/wp-content\/uploads\/2025\/09\/image-84.png?w=1200&amp;ssl=1 1200w\" sizes=\"auto, (max-width: 800px) 100vw, 800px\" data-recalc-dims=\"1\" \/><\/figure>\n\n\n\n<p>Intersec\u021biile cu sens&nbsp;<a href=\"https:\/\/www.promotor.ro\/stiri-auto\/poti-vira-stanga-in-giratoriu-daca-te-afli-pe-banda-din-dreapta-19343800\">giratoriu<\/a>, numite de unii \u0219oferi \u0219i \u201erotunde\u201d, au un regim special de circula\u021bie.<\/p>\n\n\n\n<p>Spre deosebire de alte intersec\u021bii, \u00een sensul giratoriu circula\u021bia se desf\u0103\u0219oar\u0103 conform regulilor de circula\u021bie pe benzi.<\/p>\n\n\n\n<p>\u201e<em><strong>\u00cen cazul intersec\u021biilor cu sens giratoriu, conduc\u0103torii de vehicule trebuie s\u0103 respecte regulile privind circula\u021bia pe benzi, av\u00e2nd obliga\u021bia s\u0103 semnalizeze din timp p\u0103r\u0103sirea intersec\u021biei \u0219i s\u0103 se asigure c\u0103 o pot face f\u0103r\u0103 s\u0103 perturbe circula\u021bia sau s\u0103 pun\u0103 \u00een pericol siguran\u021ba celorlal\u021bi participan\u021bi la trafic<\/strong><\/em>\u201d, prevede Codul Rutier la Art 107, pct. 1 (1).<\/p>\n\n\n\n<p>Ceea ce \u00eenseamn\u0103 c\u0103 po\u021bi vira st\u00e2nga \u00een sensul giratoriu, chiar dac\u0103 te afli pe banda din dreapta. Dar dac\u0103 e\u0219ti pe banda 2, e legal s\u0103 mergi \u00eenainte?<\/p>\n\n\n\n<h2 class=\"wp-block-heading\">Sensul giratoriu 2025: Este legal s\u0103 mergi \u00eenainte dac\u0103 te afli pe banda 2<\/h2>\n\n\n\n<p>Sensurile giratorii pot avea o singur\u0103 band\u0103 de circula\u021bie, sau mai multe. \u00cen cazul \u201erotundelor\u201d cu dou\u0103 sau mai multe benzi, se aplic\u0103 regulile de&nbsp;<a href=\"https:\/\/www.promotor.ro\/stiri-auto\/cum-semnalizezi-in-sensul-giratoriu-daca-mergi-pe-directia-inainte-19330919\">circula\u021bie<\/a>&nbsp;pe benzi.<\/p>\n\n\n\n<p>Ceea ce \u00eenseamn\u0103 c\u0103 trecerea de pe o band\u0103 pe cealalt\u0103 se face doar dup\u0103 ce \u0219oferul care schimb\u0103 banda:<\/p>\n\n\n\n<ul class=\"wp-block-list\">\n<li>a semnalizat inten\u021bia;<\/li>\n\n\n\n<li>s-a asigurat;<\/li>\n\n\n\n<li>a dat prioritate celor afla\u021bi deja pe banda pe care urmeaz\u0103 s\u0103 se \u00eencadreze.<\/li>\n<\/ul>\n\n\n\n<p>Aceast\u0103 obliga\u021bie se aplic\u0103 \u0219i atunci c\u00e2nd faci st\u00e2nga la&nbsp;<a href=\"https:\/\/www.promotor.ro\/stiri-auto\/cum-se-face-incadrarea-pe-benzi-dupa-virajul-la-stanga-pe-ce-banda-se-iese-din-sensul-giratoriu-19281517\">giratoriu<\/a>, \u0219i c\u00e2nd mergi \u00eenainte sau p\u0103r\u0103se\u0219ti intersec\u021bia.<\/p>\n\n\n\n<p>Cei care fac st\u00e2nga sau dreapta, pot semnaliza aceast\u0103 inten\u021bie. \u00cens\u0103 dac\u0103 mergi \u00eenainte, nu po\u021bi da un semnal anume. Dar dac\u0103 e\u0219ti pe banda 2 \u0219i vrei s\u0103 mergi \u00eenainte, \u00eenseamn\u0103 c\u0103 vei trece peste banda 1. Ceea ce \u00eenseamn\u0103 c\u0103 vei schimba banda, caz \u00een care e\u0219ti obligat s\u0103 dai semnal dreapta, s\u0103 te asiguri \u0219i s\u0103 dai prioritate celor care circul\u0103 deja pe prima band\u0103.<\/p>\n\n\n\n<p>Iar \u00een cazul \u00een care cei afla\u021bi pe banda \u00eent\u00e2i vireaz\u0103 la st\u00e2nga, e\u0219ti obligat s\u0103 opre\u0219ti s\u0103 le permi\u021bi trecerea. De\u0219i e contraintuitiv, aceast\u0103 regul\u0103 permite, practic, celor de pe banda 1 s\u0103 mearg\u0103 at\u00e2t \u00eenainte, c\u00e2t \u0219i la st\u00e2nga, \u00een sensul giratoriu. Iar cei de pe banda 2 sau superioar\u0103 sunt obliga\u021bi s\u0103 dea prioritate celor de pe benzile inferioare \u00eenainte de a p\u0103r\u0103si intersec\u021bia.<\/p>\n\n\n\n<p>Sursa\/foto:promotor<\/p>\n","protected":false},"excerpt":{"rendered":"<p>Numeroase accidente produse \u00een sensul giratoriu au avut aceea\u0219i cauz\u0103: neacordarea de prioritate. De exemplu, sunt \u0219oferi care nu \u0219tiu<\/p>\n","protected":false},"author":1,"featured_media":128229,"comment_status":"open","ping_status":"closed","sticky":false,"template":"","format":"standard","meta":{"spay_email":"","footnotes":"","jetpack_publicize_message":""},"categories":[82],"tags":[],"class_list":["post-128228","post","type-post","status-publish","format-standard","has-post-thumbnail","hentry","category-auto"],"jetpack_featured_media_url":"https:\/\/i0.wp.com\/realitatearutiera.ro\/wp-content\/uploads\/2025\/09\/image-84.png?fit=1200%2C675&ssl=1","jetpack_publicize_connections":[],"jetpack_sharing_enabled":true,"jetpack_shortlink":"https:\/\/wp.me\/p61naM-xmc","jetpack-related-posts":[],"_links":{"self":[{"href":"https:\/\/realitatearutiera.ro\/index.php?rest_route=\/wp\/v2\/posts\/128228","targetHints":{"allow":["GET"]}}],"collection":[{"href":"https:\/\/realitatearutiera.ro\/index.php?rest_route=\/wp\/v2\/posts"}],"about":[{"href":"https:\/\/realitatearutiera.ro\/index.php?rest_route=\/wp\/v2\/types\/post"}],"author":[{"embeddable":true,"href":"https:\/\/realitatearutiera.ro\/index.php?rest_route=\/wp\/v2\/users\/1"}],"replies":[{"embeddable":true,"href":"https:\/\/realitatearutiera.ro\/index.php?rest_route=%2Fwp%2Fv2%2Fcomments&post=128228"}],"version-history":[{"count":1,"href":"https:\/\/realitatearutiera.ro\/index.php?rest_route=\/wp\/v2\/posts\/128228\/revisions"}],"predecessor-version":[{"id":128230,"href":"https:\/\/realitatearutiera.ro\/index.php?rest_route=\/wp\/v2\/posts\/128228\/revisions\/128230"}],"wp:featuredmedia":[{"embeddable":true,"href":"https:\/\/realitatearutiera.ro\/index.php?rest_route=\/wp\/v2\/media\/128229"}],"wp:attachment":[{"href":"https:\/\/realitatearutiera.ro\/index.php?rest_route=%2Fwp%2Fv2%2Fmedia&parent=128228"}],"wp:term":[{"taxonomy":"category","embeddable":true,"href":"https:\/\/realitatearutiera.ro\/index.php?rest_route=%2Fwp%2Fv2%2Fcategories&post=128228"},{"taxonomy":"post_tag","embeddable":true,"href":"https:\/\/realitatearutiera.ro\/index.php?rest_route=%2Fwp%2Fv2%2Ftags&post=128228"}],"curies":[{"name":"wp","href":"https:\/\/api.w.org\/{rel}","templated":true}]}}