{"id":128231,"date":"2025-09-10T11:12:16","date_gmt":"2025-09-10T08:12:16","guid":{"rendered":"https:\/\/realitatearutiera.ro\/?p=128231"},"modified":"2025-09-10T11:12:17","modified_gmt":"2025-09-10T08:12:17","slug":"lipsa-de-vitamina-d-consecinta-si-posibila-cauza-a-depresiei","status":"publish","type":"post","link":"https:\/\/realitatearutiera.ro\/?p=128231","title":{"rendered":"Lipsa de vitamina D, consecin\u021b\u0103 \u0219i posibil\u0103 cauz\u0103 a depresiei"},"content":{"rendered":"\n<p><strong>Triste\u021bea care se instaleaz\u0103 f\u0103r\u0103 motiv aparent, oboseala care nu trece nici dup\u0103 ore bune de somn, sc\u0103derea interesului pentru activit\u0103\u021bi care alt\u0103dat\u0103 aduceau pl\u0103cere, pot fi uneori semne ale lipsei de vitamina D.&nbsp;<\/strong><a href=\"https:\/\/link.springer.com\/article\/10.1007\/s13668-022-00441-0\" target=\"_blank\" rel=\"noreferrer noopener\"><strong>Cercet\u0103torii<\/strong><\/a><strong>&nbsp;au descoperit c\u0103 acest nutrient liposolubil are receptori \u00een zonele creierului responsabile cu starea de spirit.<\/strong>&nbsp;Cum se explic\u0103 leg\u0103tur\u0103 \u0219i ce doze din aceast\u0103 vitamine se recomand\u0103 pentru p\u0103strarea s\u0103n\u0103ta\u021bii mintale.&nbsp;<\/p>\n\n\n\n<p>Procesul prin care vitamina D influen\u021beaz\u0103 starea psihic\u0103 implic\u0103 o cascad\u0103 de reac\u021bii chimice \u0219i \u00eencepe atunci c\u00e2nd pielea expus\u0103 la soare produce vitamina D3 \u00eentr-o form\u0103 inactiv\u0103. Aceasta este ulterior procesat\u0103 de ficat \u0219i rinichi p\u00e2n\u0103 la calcitriol, forma activ\u0103 care influen\u021beaz\u0103 sinteza serotoninei \u0219i a dopaminei, cunoscute sub denumirea de hormonii fericirii.<\/p>\n\n\n\n<p>Ce se \u00eent\u00e2mpl\u0103 \u00eens\u0103 c\u00e2nd acest proces este perturbat?&nbsp;<a href=\"https:\/\/pmc.ncbi.nlm.nih.gov\/articles\/PMC9468237\/\" target=\"_blank\" rel=\"noreferrer noopener\">Studiile<\/a>&nbsp;au scos la iveal\u0103 c\u0103 deficitul de vitamina D poate duce la o modulare deficitar\u0103 a axei hipotalamo-hipofizo-suprarenale, sistemul care regleaz\u0103 r\u0103spunsul la stres \u0219i produc\u021bia de hormoni. Consecin\u021ba este o sc\u0103dere a serotoninei, asociat\u0103 cu dispozi\u021bia depresiv\u0103, \u0219i a dopaminei, care reduce motiva\u021bia \u0219i capacitatea de a resim\u021bi pl\u0103cere.<\/p>\n\n\n\n<h2 class=\"wp-block-heading\">Leg\u0103tur\u0103 dintre vitamina D \u0219i depresie<\/h2>\n\n\n\n<p>Leg\u0103tura dintre deficitul de vitamina D \u0219i depresie este bidirec\u021bional\u0103. Persoanele depresive tind s\u0103 petreac\u0103 mai pu\u021bin timp afar\u0103, s\u0103 se izoleze social, s\u0103 neglijeze alimenta\u021bia, factori care reduc nivelul de vitamina D. Deficitul agraveaz\u0103 apoi starea depresiv\u0103, iar mecanismul se \u00eentre\u021bine de la sine, \u00een lipsa tratamentului.&nbsp;<\/p>\n\n\n\n<p>Cu toate acestea, opiniile speciali\u0219tilor difer\u0103 \u00een privin\u021ba eficien\u021bei supliment\u0103rii cu vitamina D \u00een tratamentul depresiei. Un&nbsp;<a href=\"https:\/\/www.frontiersin.org\/journals\/nutrition\/articles\/10.3389\/fnut.2025.1545443\/full\" target=\"_blank\" rel=\"noreferrer noopener\">studiu<\/a>&nbsp;amplu, publicat \u00een 2023 a urm\u0103rit mii de participan\u021bi \u0219i a g\u0103sit o asociere important\u0103 \u00eentre nivelul sc\u0103zut de vitamina D \u0219i simptomele depresive. Persoanele cu cele mai mici concentra\u021bii serice de 25-hidroxivitamina D prezentau un risc cu 31% mai mare de a dezvolta depresie comparativ cu cele cu niveluri adecvate.<\/p>\n\n\n\n<p>Rezultatele interven\u021biilor directe, \u00eens\u0103, au fost eterogene. Administrarea de suplimente cu vitamina D a \u00eembun\u0103t\u0103\u021bit vizibil starea unor pacien\u021bi, dar nu a produs efecte importante \u00een alte cazuri. Datele indic\u0103 o rela\u021bie complex\u0103, \u00een care vitamina D influen\u021beaz\u0103 depresia, dar nu ac\u021bioneaz\u0103 ca un factor unic \u0219i direct.<\/p>\n\n\n\n<p>O&nbsp;<a href=\"https:\/\/pmc.ncbi.nlm.nih.gov\/articles\/PMC6132123\" target=\"_blank\" rel=\"noreferrer noopener\">meta-analiz\u0103<\/a>&nbsp;care a inclus peste 31.000 de participan\u021bi a concluzionat c\u0103 deficitul de vitamina D dubleaz\u0103 riscul de depresie (raport de risc 2,17). Totu\u0219i, atunci c\u00e2nd au fost analizate doar studiile privind suplimentarea, efectele observate au fost mult mai reduse. Concluzia general\u0103 a fost c\u0103 vitamina D poate fi un indicator al st\u0103rii generale de s\u0103n\u0103tate, mai degrab\u0103 dec\u00e2t o cauz\u0103 direct\u0103 a depresiei.<\/p>\n\n\n\n<h2 class=\"wp-block-heading\">Simptomele deficitului de vitamina D \u0219i ale depresiei<\/h2>\n\n\n\n<p>Deficitul de vitamina D \u0219i depresia sunt afec\u021biuni diferite, fiecare cu manifest\u0103ri specifice. Totu\u0219i, pot ap\u0103rea simultan.<\/p>\n\n\n\n<p>Printre simptomele posibile ale deficitului de vitamina D se num\u0103r\u0103:<\/p>\n\n\n\n<ul class=\"wp-block-list\">\n<li>dureri osoase persistente;<\/li>\n\n\n\n<li>oboseal\u0103 accentuat\u0103 sau somnolen\u021b\u0103;<\/li>\n\n\n\n<li>sl\u0103biciune muscular\u0103 \u0219i dureri articulare.<\/li>\n<\/ul>\n\n\n\n<p><br>Semnele caracteristice ale depresiei includ:<\/p>\n\n\n\n<ul class=\"wp-block-list\">\n<li>triste\u021be profund\u0103, senza\u021bie de lips\u0103 de speran\u021b\u0103 sau de neputin\u021b\u0103;<\/li>\n\n\n\n<li>pierderea interesului pentru activit\u0103\u021bi care alt\u0103dat\u0103 aduceau pl\u0103cere;<\/li>\n\n\n\n<li>modific\u0103ri involuntare ale greut\u0103\u021bii corporale;<\/li>\n\n\n\n<li>tulbur\u0103ri de somn \u0219i oboseal\u0103 constant\u0103.<\/li>\n<\/ul>\n\n\n\n<h2 class=\"wp-block-heading\">Doza necesar\u0103 de vitamina D pentru men\u021binerea s\u0103n\u0103t\u0103\u021bii mintale<\/h2>\n\n\n\n<p>\u00cen privin\u021ba dozei optime de vitamina D,&nbsp;<a href=\"https:\/\/ods.od.nih.gov\/factsheets\/VitaminD-HealthProfessional\/\" target=\"_blank\" rel=\"noreferrer noopener\">ghidurile oficiale<\/a>&nbsp;recomand\u0103 \u00eentre 600 \u0219i 800 de unit\u0103\u021bi interna\u021bionale pe zi pentru adul\u021bi, dar mul\u021bi speciali\u0219ti \u00een psihiatrie \u0219i nutri\u021bie consider\u0103 c\u0103 aceste valori pot fi prea mici \u00een cazul persoanelor cu depresie. Unii clinicieni prescriu doze de p\u00e2n\u0103 la 5.000 UI zilnic pentru pacien\u021bii lor cu simptome depresive, monitoriz\u00e2nd atent nivelurile serice.<\/p>\n\n\n\n<p>Valorile considerate normale \u00een s\u00e2nge se situeaz\u0103 \u00eentre 30 \u0219i 50 nanograme pe mililitru. Sub 20 ng\/ml este diagnosticat deficitul, iar \u00eentre 20 \u0219i 30 ng\/ml insuficien\u021ba. Peste pragul de 50 ng\/ml nu s-au observat beneficii suplimentare, iar dep\u0103\u0219irea a 150 ng\/ml este asociat\u0103 cu toxicitate.<\/p>\n\n\n\n<p>Toxicitatea vitaminei D este rar\u0103, dar poate fi sever\u0103. Simptomele includ grea\u021b\u0103, v\u0103rs\u0103turi, sl\u0103biciune muscular\u0103 \u0219i, \u00een cazuri extreme, afectarea rinichilor sau a inimii. Aceste situa\u021bii apar aproape exclusiv \u00een urma supliment\u0103rii excesive, nu prin expunere la soare sau alimenta\u021bie. Organismul regleaz\u0103 natural produc\u021bia de vitamina D din lumin\u0103 solar\u0103, dar nu are mecanisme similare pentru dozele ingerate sub form\u0103 de suplimente.<\/p>\n\n\n\n<h2 class=\"wp-block-heading\">Surse naturale&nbsp;<\/h2>\n\n\n\n<p>Pe\u0219tele gras este principala surs\u0103 alimentar\u0103 de vitamina D. O por\u021bie de somon s\u0103lbatic poate oferi p\u00e2n\u0103 la 600 UI, aproape \u00eentreaga doz\u0103 zilnic recomandat\u0103. Sardinele, macroul \u0219i tonul completeaz\u0103 lista cu un con\u021binut ridicat.<\/p>\n\n\n\n<p>Pentru vegetarieni exist\u0103 alternative. Ciupercile expuse la lumin\u0103 UV \u00eenainte de ambalare pot con\u021bine cantit\u0103\u021bi considerabile de vitamina D, de p\u00e2n\u0103 la 400 de ori mai mari dec\u00e2t ciupercile obi\u0219nuite. G\u0103lbenu\u0219ul de ou furnizeaz\u0103 aproximativ 40 UI, iar laptele \u0219i cerealele fortificate devin surse importante \u00een unele \u021b\u0103ri, de\u0219i nivelul de fortificare difer\u0103 destul de mult de la un produc\u0103tor la altul. Uleiul din ficat de cod r\u0103m\u00e2ne printre cele mai concentrate surse, chiar dac\u0103 gustul limiteaz\u0103 consumul.<\/p>\n\n\n\n<p>Expunerea la soare continu\u0103 s\u0103 fie metoda natural\u0103 \u0219i eficient\u0103 de a produce vitamina D. La persoanele cu pielea deschis\u0103, 15\u201320 de minute de expunere a fe\u021bei \u0219i bra\u021belor, de trei ori pe s\u0103pt\u0103m\u00e2n\u0103, asigur\u0103 \u00een general niveluri adecvate. Persoanele cu pielea mai \u00eenchis\u0103 au nevoie de perioade mai lungi, uneori de p\u00e2n\u0103 la \u0219ase ori mai mult, pentru a ob\u021bine acela\u0219i efect.<\/p>\n\n\n\n<h2 class=\"wp-block-heading\">Grupuri vulnerabile \u0219i factori de risc<\/h2>\n\n\n\n<p>V\u00e2rstnicii reprezint\u0103 unul dintre grupurile cele mai afectate de deficitul de vitamina D. Pielea lor produce cu 75% mai pu\u021bin\u0103 vitamina D dec\u00e2t cea a tinerilor la aceea\u0219i expunere solar\u0103. \u00cen combina\u021bie cu mobilitatea redus\u0103 \u0219i timpul petrecut predominant \u00een interior, se explic\u0103 de ce peste jum\u0103tate dintre cei institu\u021bionaliza\u021bi au deficit sever.<\/p>\n\n\n\n<p>Obezitatea reprezint\u0103 un alt factor de risc important. Vitamina D, fiind solubil\u0103 \u00een gr\u0103simi, se acumuleaz\u0103 \u00een \u021besutul adipos \u0219i devine mai pu\u021bin disponibil\u0103 pentru organism. Potrivit&nbsp;<a href=\"https:\/\/pmc.ncbi.nlm.nih.gov\/articles\/PMC6780345\" target=\"_blank\" rel=\"noreferrer noopener\">studiilo<\/a>r, persoanele obeze au nevoie de doze de dou\u0103-trei ori mai mari pentru a atinge niveluri comparabile cu cele ale persoanelor cu greutate normal\u0103.<\/p>\n\n\n\n<p>Anumite tratamente pot reduce disponibilitatea vitaminei D. Anticonvulsivele, corticosteroizii, unele medicamente pentru sc\u0103derea colesterolului sau pentru sl\u0103bit influen\u021beaz\u0103 metabolizarea acesteia. Bolile inflamatorii intestinale, precum boala Crohn sau colita ulcerativ\u0103, dar \u0219i fibroza chistic\u0103, limiteaz\u0103 absorb\u021bia vitaminei din alimente \u0219i suplimente.<\/p>\n\n\n\n<p>Al\u021bi factori asocia\u021bi cu deficitul sunt fumatul, consumul excesiv de alcool, munca \u00een ture de noapte, stilul de via\u021b\u0103 sedentar \u0219i expunerea sc\u0103zut\u0103 la soare \u00een zonele urbane foarte poluate.<\/p>\n\n\n\n<h2 class=\"wp-block-heading\">Abordare complex\u0103 \u00een gestionarea deficitului de vitamina D \u0219i a depresiei<\/h2>\n\n\n\n<p>Suplimentele reprezint\u0103 doar o parte din solu\u021bie. Expunerea constant\u0103 la lumin\u0103 natural\u0103 men\u021bine un nivel adecvat de vitamina D, inclusiv \u00een zilele cu nori, c\u00e2nd radia\u021bia difuz\u0103 are totu\u0219i efect.<\/p>\n\n\n\n<p>Activitatea fizic\u0103 \u00een aer liber are un dublu rol: cre\u0219te produc\u021bia de vitamina D \u0219i regleaz\u0103 starea de spirit prin eliberarea de endorfine. Chiar \u0219i o plimbare de jum\u0103tate de or\u0103 poate avea beneficii importante.<\/p>\n\n\n\n<p>Alimenta\u021bia are un rol complementar.&nbsp;Pe l\u00e2ng\u0103 sursele directe de vitamina D, nutrien\u021bii precum magneziul, vitamina K2 \u0219i acizii gra\u0219i omega-3 sunt necesari pentru absorb\u021bia \u0219i utilizarea eficient\u0103 a vitaminei. Deficitul unuia dintre ace\u0219ti factori poate reduce eficien\u021ba supliment\u0103rii.<\/p>\n\n\n\n<p>Somnul de calitate sus\u021bine \u00eentregul proces. Privarea de somn perturb\u0103 metabolismul vitaminei D \u0219i agraveaz\u0103 simptomele depresive. Programul regulat, limitarea expunerii la ecrane seara \u0219i un mediu de dormit confortabil favorizeaz\u0103 at\u00e2t calitatea somnului, c\u00e2t \u0219i echilibrul emo\u021bional.<\/p>\n\n\n\n<p>Sursa\/foto:hotnews<\/p>\n","protected":false},"excerpt":{"rendered":"<p>Triste\u021bea care se instaleaz\u0103 f\u0103r\u0103 motiv aparent, oboseala care nu trece nici dup\u0103 ore bune de somn, sc\u0103derea interesului pentru<\/p>\n","protected":false},"author":1,"featured_media":128232,"comment_status":"open","ping_status":"closed","sticky":false,"template":"","format":"standard","meta":{"spay_email":"","footnotes":"","jetpack_publicize_message":""},"categories":[80],"tags":[],"class_list":["post-128231","post","type-post","status-publish","format-standard","has-post-thumbnail","hentry","category-sanatate"],"jetpack_featured_media_url":"https:\/\/realitatearutiera.ro\/wp-content\/uploads\/2025\/09\/vitamina-D-soare-pastile.webp","jetpack_publicize_connections":[],"jetpack_sharing_enabled":true,"jetpack_shortlink":"https:\/\/wp.me\/p61naM-xmf","jetpack-related-posts":[],"_links":{"self":[{"href":"https:\/\/realitatearutiera.ro\/index.php?rest_route=\/wp\/v2\/posts\/128231","targetHints":{"allow":["GET"]}}],"collection":[{"href":"https:\/\/realitatearutiera.ro\/index.php?rest_route=\/wp\/v2\/posts"}],"about":[{"href":"https:\/\/realitatearutiera.ro\/index.php?rest_route=\/wp\/v2\/types\/post"}],"author":[{"embeddable":true,"href":"https:\/\/realitatearutiera.ro\/index.php?rest_route=\/wp\/v2\/users\/1"}],"replies":[{"embeddable":true,"href":"https:\/\/realitatearutiera.ro\/index.php?rest_route=%2Fwp%2Fv2%2Fcomments&post=128231"}],"version-history":[{"count":1,"href":"https:\/\/realitatearutiera.ro\/index.php?rest_route=\/wp\/v2\/posts\/128231\/revisions"}],"predecessor-version":[{"id":128233,"href":"https:\/\/realitatearutiera.ro\/index.php?rest_route=\/wp\/v2\/posts\/128231\/revisions\/128233"}],"wp:featuredmedia":[{"embeddable":true,"href":"https:\/\/realitatearutiera.ro\/index.php?rest_route=\/wp\/v2\/media\/128232"}],"wp:attachment":[{"href":"https:\/\/realitatearutiera.ro\/index.php?rest_route=%2Fwp%2Fv2%2Fmedia&parent=128231"}],"wp:term":[{"taxonomy":"category","embeddable":true,"href":"https:\/\/realitatearutiera.ro\/index.php?rest_route=%2Fwp%2Fv2%2Fcategories&post=128231"},{"taxonomy":"post_tag","embeddable":true,"href":"https:\/\/realitatearutiera.ro\/index.php?rest_route=%2Fwp%2Fv2%2Ftags&post=128231"}],"curies":[{"name":"wp","href":"https:\/\/api.w.org\/{rel}","templated":true}]}}