{"id":128367,"date":"2025-09-15T08:25:02","date_gmt":"2025-09-15T05:25:02","guid":{"rendered":"https:\/\/realitatearutiera.ro\/?p=128367"},"modified":"2025-09-15T08:25:04","modified_gmt":"2025-09-15T05:25:04","slug":"autostrazile-a1-sibiu-deva-si-a10-sebes-turda-restrictii-de-trafic","status":"publish","type":"post","link":"https:\/\/realitatearutiera.ro\/?p=128367","title":{"rendered":"AUTOSTR\u0102ZILE A1 SIBIU \u2013 DEVA \u0218I A10 SEBE\u0218 &#8211; TURDA: RESTRIC\u021aII DE TRAFIC"},"content":{"rendered":"\n<p><strong>Ora:&nbsp;<\/strong>08:15<\/p>\n\n\n\n<p><strong>Centrul INFOTRAFIC din Inspectoratul General al Poli\u021biei Rom\u00e2ne&nbsp;<\/strong>informeaz\u0103 c\u0103, ast\u0103zi, \u00een intervalul orar 12.00 \u2013 19.00, traficul este restric\u021bionat pe ambele benzi, cu deviere pe banda de urgen\u021b\u0103, pe Autostrada A1 pe sensul Deva \u2013 Sibiu, \u00eentre kilometrii 310 \u0219i 292, pentru aplicarea de marcaje rutiere \u00een zona median\u0103.<\/p>\n\n\n\n<p>\u00cen intervalul orar 09.00 \u2013 15.30, pe Autostrada A1 sensul Deva \u2013 Sibiu, la kilometrul 372+500 metri, se efectueaz\u0103 lucr\u0103ri la rosturile de dilata\u021bie, care impun restric\u021bionarea circula\u021biei pe prima band\u0103 \u0219i pe cea de urgen\u021b\u0103.<\/p>\n\n\n\n<p>Pe Autostrada A10 pe sensul Sebe\u0219 \u2013 Turda, p\u00e2n\u0103 la ora 18.00, este restric\u021bionat traficul pe prima band\u0103 \u0219i pe cea de urgen\u021b\u0103 \u00eentre kilometrii 3+300 metri \u2013 4+300 metri, pentru efectuarea lucr\u0103rilor de repara\u021bii la partea carosabil\u0103.<\/p>\n\n\n\n<p>Conduc\u0103torii auto sunt sf\u0103tui\u021bi s\u0103 reduc\u0103 mult viteza \u00een zona lucr\u0103rilor, s\u0103 se asigure bine \u00eenainte de schimbarea benzii de circula\u021bie, s\u0103 evite dep\u0103\u0219irile periculoase \u0219i orice manevr\u0103 riscant\u0103 \u0219i s\u0103 p\u0103streze \u00een mers o distan\u021b\u0103 corespunz\u0103toare \u00eentre autovehicule, care s\u0103 permit\u0103 fr\u00e2narea \u00een condi\u021bii de siguran\u021b\u0103!<\/p>\n","protected":false},"excerpt":{"rendered":"<p>Ora:&nbsp;08:15 Centrul INFOTRAFIC din Inspectoratul General al Poli\u021biei Rom\u00e2ne&nbsp;informeaz\u0103 c\u0103, ast\u0103zi, \u00een intervalul orar 12.00 \u2013 19.00, traficul este restric\u021bionat<\/p>\n","protected":false},"author":1,"featured_media":92211,"comment_status":"open","ping_status":"closed","sticky":false,"template":"","format":"standard","meta":{"spay_email":"","footnotes":"","jetpack_publicize_message":""},"categories":[54],"tags":[],"class_list":["post-128367","post","type-post","status-publish","format-standard","has-post-thumbnail","hentry","category-informatii-rutiere"],"jetpack_featured_media_url":"https:\/\/realitatearutiera.ro\/wp-content\/uploads\/2022\/11\/info-trafic-observatorulnational-1.webp","jetpack_publicize_connections":[],"jetpack_sharing_enabled":true,"jetpack_shortlink":"https:\/\/wp.me\/p61naM-xor","jetpack-related-posts":[],"_links":{"self":[{"href":"https:\/\/realitatearutiera.ro\/index.php?rest_route=\/wp\/v2\/posts\/128367","targetHints":{"allow":["GET"]}}],"collection":[{"href":"https:\/\/realitatearutiera.ro\/index.php?rest_route=\/wp\/v2\/posts"}],"about":[{"href":"https:\/\/realitatearutiera.ro\/index.php?rest_route=\/wp\/v2\/types\/post"}],"author":[{"embeddable":true,"href":"https:\/\/realitatearutiera.ro\/index.php?rest_route=\/wp\/v2\/users\/1"}],"replies":[{"embeddable":true,"href":"https:\/\/realitatearutiera.ro\/index.php?rest_route=%2Fwp%2Fv2%2Fcomments&post=128367"}],"version-history":[{"count":1,"href":"https:\/\/realitatearutiera.ro\/index.php?rest_route=\/wp\/v2\/posts\/128367\/revisions"}],"predecessor-version":[{"id":128368,"href":"https:\/\/realitatearutiera.ro\/index.php?rest_route=\/wp\/v2\/posts\/128367\/revisions\/128368"}],"wp:featuredmedia":[{"embeddable":true,"href":"https:\/\/realitatearutiera.ro\/index.php?rest_route=\/wp\/v2\/media\/92211"}],"wp:attachment":[{"href":"https:\/\/realitatearutiera.ro\/index.php?rest_route=%2Fwp%2Fv2%2Fmedia&parent=128367"}],"wp:term":[{"taxonomy":"category","embeddable":true,"href":"https:\/\/realitatearutiera.ro\/index.php?rest_route=%2Fwp%2Fv2%2Fcategories&post=128367"},{"taxonomy":"post_tag","embeddable":true,"href":"https:\/\/realitatearutiera.ro\/index.php?rest_route=%2Fwp%2Fv2%2Ftags&post=128367"}],"curies":[{"name":"wp","href":"https:\/\/api.w.org\/{rel}","templated":true}]}}