{"id":128468,"date":"2025-09-16T11:18:11","date_gmt":"2025-09-16T08:18:11","guid":{"rendered":"https:\/\/realitatearutiera.ro\/?p=128468"},"modified":"2025-09-16T11:18:13","modified_gmt":"2025-09-16T08:18:13","slug":"camion-prabusit-intr-un-crater-urias-aparut-in-asfalt-in-ciudad-de-mexico","status":"publish","type":"post","link":"https:\/\/realitatearutiera.ro\/?p=128468","title":{"rendered":"\u00a0Camion pr\u0103bu\u0219it \u00eentr-un crater uria\u0219 ap\u0103rut \u00een asfalt, \u00een Ciudad de Mexico"},"content":{"rendered":"\n<p>Un camion \u00eenc\u0103rcat cu b\u0103uturi r\u0103coritoare s-a pr\u0103bu\u0219it s\u00e2mb\u0103t\u0103, 13 septembrie, \u00eentr-o groap\u0103 uria\u0219\u0103 ap\u0103rut\u0103 \u00een asfalt, \u00een Ciudad de Mexico. Momentul dramatic a fost surprins de trec\u0103tori \u0219i distribuit ulterior de prim\u0103ri\u021ba metropolei, Aleida Alavez Ruiz.<img loading=\"lazy\" decoding=\"async\" src=\"https:\/\/i0.wp.com\/cdn.adh.reperio.news\/image-b\/bdefc7ec-cc36-4095-b177-5f2145a73e9a\/index.jpeg?resize=800%2C429&#038;ssl=1\" alt=\"Persoanele din camion au reu\u0219it s\u0103 se salveze la timp. FOTO: X\/@ElFinanciero_Mx\" width=\"800\" height=\"429\"  data-recalc-dims=\"1\"><\/p>\n\n\n\n<p>Persoanele din camion au reu\u0219it s\u0103 se salveze la timp. FOTO: X\/@ElFinanciero_Mx<\/p>\n\n\n\n<p>\u00cen imagini se vede cum vehiculul se balanseaz\u0103, cu ro\u021bile din fa\u021b\u0103 suspendate,&nbsp;<a href=\"https:\/\/adevarul.ro\/stiri-externe\/in-lume\/un-crater-urias-a-inghitit-o-remorca-pe-o-strada-2455918.html\">\u00eenainte de a c\u0103dea complet \u00een crater.<\/a>&nbsp;Nicio persoan\u0103 nu a fost r\u0103nit\u0103, iar persoanele din camion au reu\u0219it s\u0103 se salveze la timp.<\/p>\n\n\n\n<p>Prim\u0103ri\u021ba a explicat c\u0103 pr\u0103bu\u0219irea re\u021belei de drenaj \u2013 foarte veche \u0219i suprasolicitat\u0103 de ploile toren\u021biale recente \u2013 a fost principala cauz\u0103 a incidentului.<\/p>\n\n\n\n<p><em>\u201eAm ajuns la c\u00e2teva minute dup\u0103 ce camionul \u00eenc\u0103rcat cu b\u0103uturi r\u0103coritoare s-a scufundat, iar \u00een timp ce coordonam ac\u021biunile preventive, greutatea a f\u0103cut ca acesta s\u0103 se pr\u0103bu\u0219easc\u0103 complet. Primele rapoarte arat\u0103 c\u0103 re\u021beaua de canalizare, care, s\u0103 nu uit\u0103m c\u0103 este foarte veche, s-a pr\u0103bu\u0219it. A\u0219tept\u0103m macaraua care se va ocupa de scoaterea lui. \u021ainem situa\u021bia sub control\u201d,&nbsp;<\/em>a scris Aleida Alavez Ruiz pe re\u021belele sociale, s\u00e2mb\u0103t\u0103.<\/p>\n\n\n\n<p>Martorii au povestit c\u0103 pr\u0103bu\u0219irea a fost \u00eenso\u021bit\u0103 de un zgomot puternic.&nbsp;<em>\u201eParc\u0103 s-a rupt p\u0103m\u00e2ntul\u201d,<\/em>&nbsp;a declarat unul dintre cei afla\u021bi \u00een zon\u0103.<\/p>\n\n\n\n<p>Autorit\u0103\u021bile locale au anun\u021bat c\u0103 au demarat opera\u021biunile pentru verificarea infrastructurii din zon\u0103. Camionul a fost scos \u00een siguran\u021b\u0103 dup\u0103 mai mult de 12 ore.<\/p>\n\n\n\n<p>Sursa\/foto:adevarul FOTO: X\/@ElFinanciero_Mx<\/p>\n","protected":false},"excerpt":{"rendered":"<p>Un camion \u00eenc\u0103rcat cu b\u0103uturi r\u0103coritoare s-a pr\u0103bu\u0219it s\u00e2mb\u0103t\u0103, 13 septembrie, \u00eentr-o groap\u0103 uria\u0219\u0103 ap\u0103rut\u0103 \u00een asfalt, \u00een Ciudad de<\/p>\n","protected":false},"author":1,"featured_media":128469,"comment_status":"open","ping_status":"closed","sticky":false,"template":"","format":"standard","meta":{"spay_email":"","footnotes":"","jetpack_publicize_message":""},"categories":[12],"tags":[],"class_list":["post-128468","post","type-post","status-publish","format-standard","has-post-thumbnail","hentry","category-stiri-internationale"],"jetpack_featured_media_url":"https:\/\/i0.wp.com\/realitatearutiera.ro\/wp-content\/uploads\/2025\/09\/descarcare-6.jpeg?fit=275%2C183&ssl=1","jetpack_publicize_connections":[],"jetpack_sharing_enabled":true,"jetpack_shortlink":"https:\/\/wp.me\/p61naM-xq4","jetpack-related-posts":[],"_links":{"self":[{"href":"https:\/\/realitatearutiera.ro\/index.php?rest_route=\/wp\/v2\/posts\/128468","targetHints":{"allow":["GET"]}}],"collection":[{"href":"https:\/\/realitatearutiera.ro\/index.php?rest_route=\/wp\/v2\/posts"}],"about":[{"href":"https:\/\/realitatearutiera.ro\/index.php?rest_route=\/wp\/v2\/types\/post"}],"author":[{"embeddable":true,"href":"https:\/\/realitatearutiera.ro\/index.php?rest_route=\/wp\/v2\/users\/1"}],"replies":[{"embeddable":true,"href":"https:\/\/realitatearutiera.ro\/index.php?rest_route=%2Fwp%2Fv2%2Fcomments&post=128468"}],"version-history":[{"count":1,"href":"https:\/\/realitatearutiera.ro\/index.php?rest_route=\/wp\/v2\/posts\/128468\/revisions"}],"predecessor-version":[{"id":128470,"href":"https:\/\/realitatearutiera.ro\/index.php?rest_route=\/wp\/v2\/posts\/128468\/revisions\/128470"}],"wp:featuredmedia":[{"embeddable":true,"href":"https:\/\/realitatearutiera.ro\/index.php?rest_route=\/wp\/v2\/media\/128469"}],"wp:attachment":[{"href":"https:\/\/realitatearutiera.ro\/index.php?rest_route=%2Fwp%2Fv2%2Fmedia&parent=128468"}],"wp:term":[{"taxonomy":"category","embeddable":true,"href":"https:\/\/realitatearutiera.ro\/index.php?rest_route=%2Fwp%2Fv2%2Fcategories&post=128468"},{"taxonomy":"post_tag","embeddable":true,"href":"https:\/\/realitatearutiera.ro\/index.php?rest_route=%2Fwp%2Fv2%2Ftags&post=128468"}],"curies":[{"name":"wp","href":"https:\/\/api.w.org\/{rel}","templated":true}]}}