{"id":128497,"date":"2025-09-17T09:19:41","date_gmt":"2025-09-17T06:19:41","guid":{"rendered":"https:\/\/realitatearutiera.ro\/?p=128497"},"modified":"2025-09-17T09:19:43","modified_gmt":"2025-09-17T06:19:43","slug":"masini-facute-zob-intr-o-intersectie-din-constanta","status":"publish","type":"post","link":"https:\/\/realitatearutiera.ro\/?p=128497","title":{"rendered":"Ma\u0219ini f\u0103cute zob \u00eentr-o intersec\u0163ie din Constan\u0163a"},"content":{"rendered":"\n<p>Patru persoane au fost r\u0103nite, noaptea trecut\u0103, dup\u0103 ce dou\u0103 BMW-uri s-au ciocnit la intersec\u021bia Bulevardului Mamaia cu strada Ion Ra\u021biu din municipiul Constan\u021ba. Trei victime au fost transportate la spital. A patra victim\u0103 a refuzat transportul la spital fiind asistat\u0103 medical la fa\u021ba locului.<\/p>\n\n\n\n<figure class=\"wp-block-image size-full is-resized\"><img loading=\"lazy\" decoding=\"async\" width=\"289\" height=\"174\" data-attachment-id=\"128498\" data-permalink=\"https:\/\/realitatearutiera.ro\/?attachment_id=128498\" data-orig-file=\"https:\/\/i1.wp.com\/realitatearutiera.ro\/wp-content\/uploads\/2025\/09\/image-111.png?fit=289%2C174&amp;ssl=1\" data-orig-size=\"289,174\" data-comments-opened=\"1\" data-image-meta=\"{&quot;aperture&quot;:&quot;0&quot;,&quot;credit&quot;:&quot;&quot;,&quot;camera&quot;:&quot;&quot;,&quot;caption&quot;:&quot;&quot;,&quot;created_timestamp&quot;:&quot;0&quot;,&quot;copyright&quot;:&quot;&quot;,&quot;focal_length&quot;:&quot;0&quot;,&quot;iso&quot;:&quot;0&quot;,&quot;shutter_speed&quot;:&quot;0&quot;,&quot;title&quot;:&quot;&quot;,&quot;orientation&quot;:&quot;0&quot;}\" data-image-title=\"image\" data-image-description=\"\" data-medium-file=\"https:\/\/i1.wp.com\/realitatearutiera.ro\/wp-content\/uploads\/2025\/09\/image-111.png?fit=289%2C174&amp;ssl=1\" data-large-file=\"https:\/\/i1.wp.com\/realitatearutiera.ro\/wp-content\/uploads\/2025\/09\/image-111.png?fit=289%2C174&amp;ssl=1\" src=\"https:\/\/i1.wp.com\/realitatearutiera.ro\/wp-content\/uploads\/2025\/09\/image-111.png?resize=289%2C174&#038;ssl=1\" alt=\"\" class=\"wp-image-128498\" style=\"width:543px;height:auto\" data-recalc-dims=\"1\"\/><\/figure>\n\n\n\n<p><a href=\"https:\/\/observatornews.ro\/autori\/redactia-observator-id29.html\"><\/a>Impact violent \u00eentre dou\u0103 BMW-uri,\u00a0azi noapte,\u00a0\u00een municipiul Constan\u021ba. Accidentul s-a produs\u00a0\u00een jurul orei 23:45,\u00a0la intersec\u021bia Bulevardului Mamaia cu Ion Ra\u021biu.\u00a0Potrivit ISU Constan\u021ba, \u00een urma coliziunii au rezultat\u00a04 victime, din care una se afl\u0103 \u00een stare incon\u0219tien\u0163\u0103, trei con\u0219tiente.\u00a0<\/p>\n\n\n\n<h2 class=\"wp-block-heading\" id=\"section-1\">Accident cu dou\u0103 BMW-uri, \u00een Constan\u0163a<\/h2>\n\n\n\n<p>Trei dintre r\u0103ni\u0163i au fost transporta\u0163i la spital, a patra fiind asistat\u0103 medical la fa\u021ba locului.&nbsp;La interven\u021bie au participat echipaje ale&nbsp;SMURD, SAJ Constan\u021ba \u0219i pompieri de la descarcerare.<\/p>\n\n\n\n<p>Conform poli\u0163i\u015ftilor, unul dintre \u015foferii implica\u0163i \u00een accident ar fi p\u0103truns \u00een intersec\u0163ie pe culoarea ro\u015fie a semaforului.&nbsp;<em>&#8220;La data de 16 septembrie a.c., \u00een jurul orei 23.40, poli\u021bi\u0219ti din cadrul Serviciului Siguran\u021b\u0103 Rutier\u0103 au fost sesiza\u021bi cu privire la producerea unui accident rutier, la intersec\u021bia bulevardului Mamaia cu strada Ion Ra\u021biu din municipiul Constan\u021ba.&nbsp;Din primele cercet\u0103ri a reie\u0219it faptul c\u0103 un b\u0103rbat, de 19 ani, a condus un autoturism pe bulevardul Mamaia, dinspre bulevardul Tomis c\u0103tre strada Soveja \u0219i, ajung\u00e2nd la intersec\u021bia cu strada Ion Ra\u021biu, pe fondul nerespect\u0103rii culorii ro\u0219ie a semaforului electric, ar fi intrat \u00een coliziune cu un autoturism, condus de o femeie, de 38 de ani.&nbsp;\u00cen urma impactului a rezultat v\u0103t\u0103marea corporal\u0103 u\u0219oar\u0103 a celor 2 conduc\u0103tori auto, precum \u0219i a unei femei, de 22 de ani, pasager\u0103 \u00een primul autoturism \u0219i a unui b\u0103rbat, de 59 de ani, pasager \u00een cel de-al doilea autoturism.&nbsp;Conduc\u0103torii auto au fost testa\u021bi cu aparatele din dotare, rezultatele fiind negative.&nbsp;\u00cen cauz\u0103 a fost \u00eentocmit dosar penal&#8221;<\/em>, a transmis IPJ Constan\u0163a.<\/p>\n\n\n\n<p>Poli\u021bi\u0219tii au demarat cercet\u0103rile pentru a stabili \u00eemprejur\u0103rile exacte \u00een care s-a produs accidentul.<\/p>\n\n\n\n<p>Sursa\/foto:observatornews<\/p>\n","protected":false},"excerpt":{"rendered":"<p>Patru persoane au fost r\u0103nite, noaptea trecut\u0103, dup\u0103 ce dou\u0103 BMW-uri s-au ciocnit la intersec\u021bia Bulevardului Mamaia cu strada Ion<\/p>\n","protected":false},"author":1,"featured_media":99387,"comment_status":"open","ping_status":"closed","sticky":false,"template":"","format":"standard","meta":{"spay_email":"","footnotes":"","jetpack_publicize_message":""},"categories":[1],"tags":[],"class_list":["post-128497","post","type-post","status-publish","format-standard","has-post-thumbnail","hentry","category-uncategorized"],"jetpack_featured_media_url":"https:\/\/i0.wp.com\/realitatearutiera.ro\/wp-content\/uploads\/2023\/05\/accident-ambulanta-poza-buna_b920cdfaf1.jpg?fit=1920%2C1080&ssl=1","jetpack_publicize_connections":[],"jetpack_sharing_enabled":true,"jetpack_shortlink":"https:\/\/wp.me\/p61naM-xqx","jetpack-related-posts":[],"_links":{"self":[{"href":"https:\/\/realitatearutiera.ro\/index.php?rest_route=\/wp\/v2\/posts\/128497","targetHints":{"allow":["GET"]}}],"collection":[{"href":"https:\/\/realitatearutiera.ro\/index.php?rest_route=\/wp\/v2\/posts"}],"about":[{"href":"https:\/\/realitatearutiera.ro\/index.php?rest_route=\/wp\/v2\/types\/post"}],"author":[{"embeddable":true,"href":"https:\/\/realitatearutiera.ro\/index.php?rest_route=\/wp\/v2\/users\/1"}],"replies":[{"embeddable":true,"href":"https:\/\/realitatearutiera.ro\/index.php?rest_route=%2Fwp%2Fv2%2Fcomments&post=128497"}],"version-history":[{"count":1,"href":"https:\/\/realitatearutiera.ro\/index.php?rest_route=\/wp\/v2\/posts\/128497\/revisions"}],"predecessor-version":[{"id":128499,"href":"https:\/\/realitatearutiera.ro\/index.php?rest_route=\/wp\/v2\/posts\/128497\/revisions\/128499"}],"wp:featuredmedia":[{"embeddable":true,"href":"https:\/\/realitatearutiera.ro\/index.php?rest_route=\/wp\/v2\/media\/99387"}],"wp:attachment":[{"href":"https:\/\/realitatearutiera.ro\/index.php?rest_route=%2Fwp%2Fv2%2Fmedia&parent=128497"}],"wp:term":[{"taxonomy":"category","embeddable":true,"href":"https:\/\/realitatearutiera.ro\/index.php?rest_route=%2Fwp%2Fv2%2Fcategories&post=128497"},{"taxonomy":"post_tag","embeddable":true,"href":"https:\/\/realitatearutiera.ro\/index.php?rest_route=%2Fwp%2Fv2%2Ftags&post=128497"}],"curies":[{"name":"wp","href":"https:\/\/api.w.org\/{rel}","templated":true}]}}