{"id":129073,"date":"2025-10-16T08:29:25","date_gmt":"2025-10-16T05:29:25","guid":{"rendered":"https:\/\/realitatearutiera.ro\/?p=129073"},"modified":"2025-10-16T08:29:29","modified_gmt":"2025-10-16T05:29:29","slug":"vremea-294","status":"publish","type":"post","link":"https:\/\/realitatearutiera.ro\/?p=129073","title":{"rendered":"Vremea"},"content":{"rendered":"\n<p>Ziua de joi aduce o r\u0103cire u\u0219oar\u0103 \u00een majoritatea regiunilor, mai ales \u00een nord \u0219i centru, unde dimine\u021bile vor fi reci \u0219i izolat se va depune brum\u0103. \u00cen sud, temperaturile se men\u021bin mai ridicate, cu valori maxime apropiate de normalul perioadei.<img loading=\"lazy\" decoding=\"async\" src=\"https:\/\/i0.wp.com\/cdn.adh.reperio.news\/image-2\/2e6fb0b1-25a0-4933-a888-9cb0d787b77e\/index.jpeg?resize=800%2C429&#038;ssl=1\" alt=\"FOTO: Shutterstock\" width=\"800\" height=\"429\"  data-recalc-dims=\"1\"><\/p>\n\n\n\n<p>FOTO: Shutterstock<\/p>\n\n\n\n<p>\u00cen cursul zilei de joi, 16 octombrie, Rom\u00e2nia se va confrunta cu o u\u0219oar\u0103&nbsp;<a href=\"https:\/\/adevarul.ro\/stiri-interne\/meteo\/se-raceste-brusc-in-toata-tara-temperaturi-2478658.html\" target=\"_blank\" rel=\"noreferrer noopener\">r\u0103cire a vremii,&nbsp;<\/a>mai accentuat\u0103 \u00een regiunile nordice \u0219i centrale, unde nop\u021bile \u0219i dimine\u021bile vor fi reci, iar local va ap\u0103rea brum\u0103. \u00cen restul teritoriului, valorile termice vor r\u0103m\u00e2ne apropiate de mediile climatologice specifice mijlocului lunii octombrie.<\/p>\n\n\n\n<p>Conform prognozei transmise de&nbsp;<a href=\"https:\/\/www.meteoromania.ro\/\" target=\"_blank\" rel=\"noreferrer noopener\">Administra\u021bia Na\u021bional\u0103 de Meteorologie<\/a>, vremea va fi \u00een general pl\u0103cut\u0103, de\u0219i u\u0219or mai rece dec\u00e2t ar fi normal pentru aceast\u0103 perioad\u0103. Cerul va fi variabil, cu \u00eennor\u0103ri temporare \u0219i ploi slabe izolate, \u00een special \u00een sudul \u021b\u0103rii \u0219i la munte.<\/p>\n\n\n\n<p>&nbsp;La altitudini mari, precipita\u021biile vor fi mixte, sub form\u0103 de ploaie \u0219i&nbsp;<a href=\"https:\/\/adevarul.ro\/stiri-interne\/meteo\/meteorologii-anunta-un-inceput-de-octombrie-rece-2475178.html\" target=\"_blank\" rel=\"noreferrer noopener\">lapovi\u021b\u0103<\/a>. V\u00e2ntul va sufla slab p\u00e2n\u0103 la moderat, cu intensific\u0103ri u\u0219oare \u00een sudul Banatului.<\/p>\n\n\n\n<p>Temperaturile maxime vor marca o u\u0219oar\u0103 cre\u0219tere fa\u021b\u0103 de ziua precedent\u0103, mai ales \u00een regiunile sudice, urm\u00e2nd s\u0103 se situeze \u00eentre 11 \u0219i 19 grade Celsius. Minimele vor cobor\u00ee p\u00e2n\u0103 la -4 grade \u00een depresiunile estice ale Transilvaniei, \u00een timp ce pe litoral se vor \u00eenregistra valori de 10\u201312 grade.<\/p>\n\n\n\n<p>\u00cen zonele joase, \u00een special diminea\u021ba \u0219i noaptea, se va forma cea\u021b\u0103, iar \u00een nordul \u0219i centrul \u021b\u0103rii este posibil\u0103 depunerea de brum\u0103.<\/p>\n\n\n\n<h2 class=\"wp-block-heading\">Vremea \u00een Capital\u0103<\/h2>\n\n\n\n<p>Bucure\u015ftiul va avea o zi \u00een general frumoas\u0103, cu cer variabil \u0219i trec\u0103tor \u00eennorat \u00een prima parte a zilei. V\u00e2ntul va sufla slab p\u00e2n\u0103 la moderat. Temperatura maxim\u0103 va atinge 16-17 grade Celsius, u\u0219or mai ridicat\u0103 fa\u021b\u0103 de intervalul precedent, iar minima nocturn\u0103 se va situa \u00eentre 4 \u0219i 6 grade.<\/p>\n\n\n\n<h2 class=\"wp-block-heading\">La munte<\/h2>\n\n\n\n<p>\u00cen zonele montane, vremea va fi variabil\u0103, cu \u00eennor\u0103ri \u0219i ploi slabe izolate pe parcursul zilei. La altitudini mari, vor ap\u0103rea precipita\u021bii mixte: ploaie, lapovi\u021b\u0103 \u0219i izolat ninsoare.<\/p>\n\n\n\n<p>V\u00e2ntul va sufla slab p\u00e2n\u0103 la moderat, cu intensific\u0103ri pe creste. Diminea\u021ba \u0219i noaptea se vor forma local cea\u021b\u0103 \u0219i brum\u0103, \u00een special \u00een masivele nordice \u0219i centrale.<\/p>\n\n\n\n<p>Sursa:adevarul<\/p>\n","protected":false},"excerpt":{"rendered":"<p>Ziua de joi aduce o r\u0103cire u\u0219oar\u0103 \u00een majoritatea regiunilor, mai ales \u00een nord \u0219i centru, unde dimine\u021bile vor fi<\/p>\n","protected":false},"author":1,"featured_media":95784,"comment_status":"open","ping_status":"closed","sticky":false,"template":"","format":"standard","meta":{"spay_email":"","footnotes":"","jetpack_publicize_message":""},"categories":[6],"tags":[],"class_list":["post-129073","post","type-post","status-publish","format-standard","has-post-thumbnail","hentry","category-social"],"jetpack_featured_media_url":"https:\/\/realitatearutiera.ro\/wp-content\/uploads\/2023\/02\/meteo-vremea-1-1024x379-1.webp","jetpack_publicize_connections":[],"jetpack_sharing_enabled":true,"jetpack_shortlink":"https:\/\/wp.me\/p61naM-xzP","jetpack-related-posts":[],"_links":{"self":[{"href":"https:\/\/realitatearutiera.ro\/index.php?rest_route=\/wp\/v2\/posts\/129073","targetHints":{"allow":["GET"]}}],"collection":[{"href":"https:\/\/realitatearutiera.ro\/index.php?rest_route=\/wp\/v2\/posts"}],"about":[{"href":"https:\/\/realitatearutiera.ro\/index.php?rest_route=\/wp\/v2\/types\/post"}],"author":[{"embeddable":true,"href":"https:\/\/realitatearutiera.ro\/index.php?rest_route=\/wp\/v2\/users\/1"}],"replies":[{"embeddable":true,"href":"https:\/\/realitatearutiera.ro\/index.php?rest_route=%2Fwp%2Fv2%2Fcomments&post=129073"}],"version-history":[{"count":1,"href":"https:\/\/realitatearutiera.ro\/index.php?rest_route=\/wp\/v2\/posts\/129073\/revisions"}],"predecessor-version":[{"id":129074,"href":"https:\/\/realitatearutiera.ro\/index.php?rest_route=\/wp\/v2\/posts\/129073\/revisions\/129074"}],"wp:featuredmedia":[{"embeddable":true,"href":"https:\/\/realitatearutiera.ro\/index.php?rest_route=\/wp\/v2\/media\/95784"}],"wp:attachment":[{"href":"https:\/\/realitatearutiera.ro\/index.php?rest_route=%2Fwp%2Fv2%2Fmedia&parent=129073"}],"wp:term":[{"taxonomy":"category","embeddable":true,"href":"https:\/\/realitatearutiera.ro\/index.php?rest_route=%2Fwp%2Fv2%2Fcategories&post=129073"},{"taxonomy":"post_tag","embeddable":true,"href":"https:\/\/realitatearutiera.ro\/index.php?rest_route=%2Fwp%2Fv2%2Ftags&post=129073"}],"curies":[{"name":"wp","href":"https:\/\/api.w.org\/{rel}","templated":true}]}}