{"id":129078,"date":"2025-10-16T08:39:39","date_gmt":"2025-10-16T05:39:39","guid":{"rendered":"https:\/\/realitatearutiera.ro\/?p=129078"},"modified":"2025-10-16T08:39:41","modified_gmt":"2025-10-16T05:39:41","slug":"pe-cel-mai-nou-drum-national-intre-autostrada-a1-si-timisoara-soferii-au-semnalat-dificultati-in-navigarea-intersectiei","status":"publish","type":"post","link":"https:\/\/realitatearutiera.ro\/?p=129078","title":{"rendered":"Pe cel mai nou drum na\u021bional, \u00eentre Autostrada A1 \u015fi Timi\u015foara, \u015foferii au semnalat dificult\u0103\u0163i \u00een navigarea intersec\u0163iei"},"content":{"rendered":"\n<p>Pe unul dintre cele mai recente tronsonuri inaugurate din re\u0163eaua de drumuri na\u0163ionale din Rom\u00e2nia, \u00eentre Autostrada A1 \u015fi Timi\u015foara, \u015foferii au semnalat dificult\u0103\u0163i \u00een navigarea intersec\u0163iei nodului rutier proasp\u0103t deschis. \u00cen doar zece minute dup\u0103 \u00eenceperea circula\u0163iei, mai mul\u0163i participan\u0163i la trafic au \u00eent\u00e2rziat din cauza num\u0103rului mare de benzi corespunz\u0103toare direc\u0163iilor diferite, unii \u00eentorc\u00e2nd pe linie continu\u0103 sau revenind pe carosabil pentru a ie\u015fi din intersec\u0163ie, scrie&nbsp;<a href=\"https:\/\/www.digi24.ro\/stiri\/cam-complicat-pot-spune-intersectia-de-pe-cel-mai-nou-drum-national-din-romania-care-mai-mult-ii-incurca-pe-soferi-3456901\" target=\"_blank\" rel=\"noreferrer noopener\">Digi24.<\/a><\/p>\n\n\n\n<p>\u0218oferii afirm\u0103 c\u0103 aplica\u0163iile de naviga\u0163ie nu recunosc \u00eenc\u0103 noul traseu, indic\u00e2nd drumuri ca fiind \u00eenchise, ceea ce \u00eei direc\u0163ioneaz\u0103 pe variante ocolitoare sau prin sate. Unii dintre ei spun c\u0103 au \u00eent\u00e2mpinat confuzie la semnalizare \u015fi marcaje, iar al\u0163ii recunosc c\u0103 au fost nevoi\u0163i s\u0103 fie mai aten\u0163i dec\u00e2t de obicei pentru a nu gre\u015fi direc\u0163ia.<\/p>\n\n\n\n<h2 class=\"wp-block-heading\">Argumentele autorit\u0103\u0163ilor: siguran\u0163\u0103 \u015fi justificare<\/h2>\n\n\n\n<p>Reprezentan\u0163ii Direc\u0163iei Regionale de Drumuri \u015fi Poduri Timi\u015foara precizeaz\u0103 c\u0103 intersec\u0163ia este proiectat\u0103 pentru a elimina riscul unor accidentelor care se petreceau anterior, c\u00e2nd \u015foferii trebuiau s\u0103 vireze la st\u00e2nga de pe drum cu dou\u0103 benzi pe sens. Ei sus\u0163in c\u0103 nodul rutier reduce acest risc, consider\u00e2nd c\u0103 amenajarea este o solu\u0163ie pentru sporirea siguran\u0163ei \u00een trafic.<\/p>\n\n\n\n<p>Aceast\u0103 amenajare a costat aproximativ un sfert de miliard de lei, fonduri provenite din bugete europene.&nbsp;<a href=\"https:\/\/www.promotor.ro\/stiri-auto\/mit-sau-realitate-masinile-care-circula-pe-un-drum-national-au-prioritate-ce-reguli-se-aplica-intr-o-intersectie-nedirijata-19409517\">Intersec\u0163ia<\/a>&nbsp;include benzi de preselectare pentru fiecare direc\u0163ie, spre autostrad\u0103, spre Arad sau spre comuna S\u00e2nandrei, \u00een ideea de a evita ambuteiajele \u00eentr\u2011un sens giratoriu simplu.<\/p>\n\n\n\n<h2 class=\"wp-block-heading\">Provoc\u0103rile \u00eent\u00e2mpinate \u0219i recomand\u0103rile<\/h2>\n\n\n\n<p>\u00cen opinia unor \u015foferi, marcajele \u015fi indicatoarele nu sunt \u00eenc\u0103 suficient de clare pentru cei care nu cunosc zona, iar lipsa adapt\u0103rii aplica\u0163iilor de naviga\u0163ie agraveaz\u0103 starea de confuzie. Mai mult, schimb\u0103rile de sens sau de band\u0103 necesit\u0103 aten\u0163ie sporit\u0103, ceea ce poate pune \u00een pericol fluxul normal al traficului, mai ales pentru cei care se afl\u0103 la prima trecere prin nodul rutier.<\/p>\n\n\n\n<p>Pilotul profesionist Darius Stepan recomand\u0103 ca \u015foferii s\u0103 urm\u0103reasc\u0103 cu aten\u0163ie marcajele rutiere \u015fi indicatoarele. De asemenea, utilizatorii sugereaz\u0103 ca autorit\u0103\u0163ile s\u0103 realizeze campanii de informare pe traseu \u015fi \u00een aplica\u0163ii de naviga\u0163ie, pentru a reduce riscul de erori de orientare.<\/p>\n\n\n\n<h2 class=\"wp-block-heading\">Contextul cost\u2011beneficiu \u0219i perspective<\/h2>\n\n\n\n<p>Drumul na\u0163ional recent deschis, de circa 10 kilometri, are rolul de leg\u0103tur\u0103 \u00eentre A1 \u015fi&nbsp;<a href=\"https:\/\/www.promotor.ro\/stiri-auto\/tesla-se-extinde-in-romania-al-treilea-showroom-se-deschide-in-timisoara-19418319\">Timi\u015foara<\/a>, av\u00e2nd ca scop \u00eembun\u0103t\u0103\u0163irea mobilit\u0103\u0163ii \u00een zon\u0103. Costul investi\u0163iei, substantial, este justificat de autorit\u0103\u0163i prin prisma reducerii accidentelor de trafic \u0219i a riscului pentru \u015foferii care \u00eenainte efectuau viraje periculoase.<\/p>\n\n\n\n<p>Pe de alt\u0103 parte, succesul nodului rutier va depinde de factorii practici: eficien\u0163a semnaliz\u0103rii, actualizarea h\u0103r\u0163ilor din aplica\u0163iile de naviga\u0163ie, c\u00e2t de rapid\u0103 va fi adaptarea mental\u0103 a \u015foferilor la noile cerin\u0163e de orientare. Dac\u0103 aceste elemente r\u0103m\u00e2n insuficiente, problema de \u201econfuzie din trafic\u201d poate persista sau chiar amplifica riscurile.<\/p>\n\n\n\n<p>Sursa\/foto:promotor<\/p>\n","protected":false},"excerpt":{"rendered":"<p>Pe unul dintre cele mai recente tronsonuri inaugurate din re\u0163eaua de drumuri na\u0163ionale din Rom\u00e2nia, \u00eentre Autostrada A1 \u015fi Timi\u015foara,<\/p>\n","protected":false},"author":1,"featured_media":129079,"comment_status":"open","ping_status":"closed","sticky":false,"template":"","format":"standard","meta":{"spay_email":"","footnotes":"","jetpack_publicize_message":""},"categories":[82],"tags":[],"class_list":["post-129078","post","type-post","status-publish","format-standard","has-post-thumbnail","hentry","category-auto"],"jetpack_featured_media_url":"https:\/\/realitatearutiera.ro\/wp-content\/uploads\/2025\/10\/https___www.promotor.ro_wp-content_uploads_2025_10_Captura-de-ecran-2025-10-15-183431.webp","jetpack_publicize_connections":[],"jetpack_sharing_enabled":true,"jetpack_shortlink":"https:\/\/wp.me\/p61naM-xzU","jetpack-related-posts":[],"_links":{"self":[{"href":"https:\/\/realitatearutiera.ro\/index.php?rest_route=\/wp\/v2\/posts\/129078","targetHints":{"allow":["GET"]}}],"collection":[{"href":"https:\/\/realitatearutiera.ro\/index.php?rest_route=\/wp\/v2\/posts"}],"about":[{"href":"https:\/\/realitatearutiera.ro\/index.php?rest_route=\/wp\/v2\/types\/post"}],"author":[{"embeddable":true,"href":"https:\/\/realitatearutiera.ro\/index.php?rest_route=\/wp\/v2\/users\/1"}],"replies":[{"embeddable":true,"href":"https:\/\/realitatearutiera.ro\/index.php?rest_route=%2Fwp%2Fv2%2Fcomments&post=129078"}],"version-history":[{"count":1,"href":"https:\/\/realitatearutiera.ro\/index.php?rest_route=\/wp\/v2\/posts\/129078\/revisions"}],"predecessor-version":[{"id":129080,"href":"https:\/\/realitatearutiera.ro\/index.php?rest_route=\/wp\/v2\/posts\/129078\/revisions\/129080"}],"wp:featuredmedia":[{"embeddable":true,"href":"https:\/\/realitatearutiera.ro\/index.php?rest_route=\/wp\/v2\/media\/129079"}],"wp:attachment":[{"href":"https:\/\/realitatearutiera.ro\/index.php?rest_route=%2Fwp%2Fv2%2Fmedia&parent=129078"}],"wp:term":[{"taxonomy":"category","embeddable":true,"href":"https:\/\/realitatearutiera.ro\/index.php?rest_route=%2Fwp%2Fv2%2Fcategories&post=129078"},{"taxonomy":"post_tag","embeddable":true,"href":"https:\/\/realitatearutiera.ro\/index.php?rest_route=%2Fwp%2Fv2%2Ftags&post=129078"}],"curies":[{"name":"wp","href":"https:\/\/api.w.org\/{rel}","templated":true}]}}