{"id":129232,"date":"2025-10-21T08:49:46","date_gmt":"2025-10-21T05:49:46","guid":{"rendered":"https:\/\/realitatearutiera.ro\/?p=129232"},"modified":"2025-10-21T08:49:49","modified_gmt":"2025-10-21T05:49:49","slug":"tragedie-pe-un-drum-judetean-din-bihor","status":"publish","type":"post","link":"https:\/\/realitatearutiera.ro\/?p=129232","title":{"rendered":"Tragedie pe un drum jude\u021bean din Bihor"},"content":{"rendered":"\n<p>Dou\u0103 persoane au murit \u015fi trei au fost r\u0103nite, luni sear\u0103, \u00eentr-un accident rutier produs pe Centura Beiu\u0219, \u00een care au fost implicate dou\u0103 autoturisme.<img loading=\"lazy\" decoding=\"async\" src=\"https:\/\/i1.wp.com\/cdn.adh.reperio.news\/image-9\/9ffbd7d9-290a-438a-9c89-a06aafd3fda2\/index.jpeg?resize=800%2C429&#038;ssl=1\" alt=\"Accidentul a avut loc pe Centura Beiu\u0219 FOTO: ISU Bihor\" width=\"800\" height=\"429\"  data-recalc-dims=\"1\"><\/p>\n\n\n\n<p>Accidentul a avut loc pe Centura Beiu\u0219 FOTO: ISU Bihor<\/p>\n\n\n\n<p>Tragedie pe Centura Beiu\u0219. Dou\u0103 persoane \u0219i-au pierdut via\u021ba \u00eentr-un teribil accident rutier, iar alte trei sunt r\u0103nite.<\/p>\n\n\n\n<p><em>\u201eLa data de 20 octombrie a.c., la ora 19.40, poli\u0163i\u015ftii Biroului Rutier Beiu\u015f au fost sesiza\u0163i, \u00een urma unui apel, primit de Inspectoratul de Poli\u0163ie Jude\u0163ean Bihor prin SNUAU 112 c\u0103, pe centura ocolitoare a municipiului Beiu\u015f, la intersec\u0163ia cu drumul jude\u0163ean 764F, jude\u0163ul Bihor, s-a produs un accident rutier. Din primele investiga\u0163ii efectuate de poli\u0163i\u015fti, la fa\u0163a locului, s-a constatat c\u0103 \u00een accident au fost implicate dou\u0103 autoturisme\u201d<\/em>, anun\u0163\u0103, luni sear\u0103, IPJ Bihor.<\/p>\n\n\n\n<p>ISU Bihor a intervenit cu mai multe echipaje \u015fi a extras dou\u0103 victime care r\u0103m\u0103seser\u0103 \u00eencarcerate \u00eentr-una dintre ma\u015fini. Din p\u0103cate, medicii au declarat decesul celor dou\u0103 persoane, scrie&nbsp;<a href=\"https:\/\/www.news.ro\/eveniment\/bihor-doua-persoane-au-murit-si-trei-au-fost-ranite-intr-un-accident-produs-pe-centura-beius-1922404820452025102022207212\">News.<\/a><\/p>\n\n\n\n<p>Alte trei persoane&nbsp;<a href=\"https:\/\/adevarul.ro\/stiri-locale\/suceava\/manevra-criminala-pe-dn17-accident-evitat-la-2480400.html\">au fost evaluate de c\u0103tre medici,<\/a>&nbsp;iar una va fi transportat\u0103 la spital. Celelalte dou\u0103 victime au refuzat s\u0103 fie duse la spital.<\/p>\n\n\n\n<p>Deocamdat\u0103,<a href=\"https:\/\/adevarul.ro\/stiri-externe\/europa\/accident-grav-in-serbia-trei-morti-si-zeci-de-2480201.html\">&nbsp;traficul rutier se desf\u0103\u015foar\u0103 alternativ,<\/a>&nbsp;pe o band\u0103, dirijat de poli\u0163i\u015ftii rutieri.<\/p>\n\n\n\n<p>Poli\u0163i\u015ftii rutieri urmeaz\u0103 s\u0103 efectueze cercetarea la fa\u0163a locului, \u00een vederea stabilirii cauzelor \u015fi \u00eemprejur\u0103rilor producerii accidentului rutier.<\/p>\n\n\n\n<p>Sursa:adevarul<\/p>\n","protected":false},"excerpt":{"rendered":"<p>Dou\u0103 persoane au murit \u015fi trei au fost r\u0103nite, luni sear\u0103, \u00eentr-un accident rutier produs pe Centura Beiu\u0219, \u00een care<\/p>\n","protected":false},"author":1,"featured_media":116078,"comment_status":"open","ping_status":"closed","sticky":false,"template":"","format":"standard","meta":{"spay_email":"","footnotes":"","jetpack_publicize_message":""},"categories":[1],"tags":[],"class_list":["post-129232","post","type-post","status-publish","format-standard","has-post-thumbnail","hentry","category-uncategorized"],"jetpack_featured_media_url":"https:\/\/i1.wp.com\/realitatearutiera.ro\/wp-content\/uploads\/2024\/09\/accident.jpg?fit=630%2C365&ssl=1","jetpack_publicize_connections":[],"jetpack_sharing_enabled":true,"jetpack_shortlink":"https:\/\/wp.me\/p61naM-xCo","jetpack-related-posts":[],"_links":{"self":[{"href":"https:\/\/realitatearutiera.ro\/index.php?rest_route=\/wp\/v2\/posts\/129232","targetHints":{"allow":["GET"]}}],"collection":[{"href":"https:\/\/realitatearutiera.ro\/index.php?rest_route=\/wp\/v2\/posts"}],"about":[{"href":"https:\/\/realitatearutiera.ro\/index.php?rest_route=\/wp\/v2\/types\/post"}],"author":[{"embeddable":true,"href":"https:\/\/realitatearutiera.ro\/index.php?rest_route=\/wp\/v2\/users\/1"}],"replies":[{"embeddable":true,"href":"https:\/\/realitatearutiera.ro\/index.php?rest_route=%2Fwp%2Fv2%2Fcomments&post=129232"}],"version-history":[{"count":1,"href":"https:\/\/realitatearutiera.ro\/index.php?rest_route=\/wp\/v2\/posts\/129232\/revisions"}],"predecessor-version":[{"id":129233,"href":"https:\/\/realitatearutiera.ro\/index.php?rest_route=\/wp\/v2\/posts\/129232\/revisions\/129233"}],"wp:featuredmedia":[{"embeddable":true,"href":"https:\/\/realitatearutiera.ro\/index.php?rest_route=\/wp\/v2\/media\/116078"}],"wp:attachment":[{"href":"https:\/\/realitatearutiera.ro\/index.php?rest_route=%2Fwp%2Fv2%2Fmedia&parent=129232"}],"wp:term":[{"taxonomy":"category","embeddable":true,"href":"https:\/\/realitatearutiera.ro\/index.php?rest_route=%2Fwp%2Fv2%2Fcategories&post=129232"},{"taxonomy":"post_tag","embeddable":true,"href":"https:\/\/realitatearutiera.ro\/index.php?rest_route=%2Fwp%2Fv2%2Ftags&post=129232"}],"curies":[{"name":"wp","href":"https:\/\/api.w.org\/{rel}","templated":true}]}}