{"id":129400,"date":"2025-10-23T11:08:25","date_gmt":"2025-10-23T08:08:25","guid":{"rendered":"https:\/\/realitatearutiera.ro\/?p=129400"},"modified":"2025-10-23T11:08:27","modified_gmt":"2025-10-23T08:08:27","slug":"scandal-in-trafic-la-galati-un-tanar-s-a-ales-cu-masina-distrusa","status":"publish","type":"post","link":"https:\/\/realitatearutiera.ro\/?p=129400","title":{"rendered":"Scandal \u00een trafic la Gala\u0163i: un t\u00e2n\u0103r s-a ales cu ma\u015fina distrus\u0103"},"content":{"rendered":"\n<p>Trei b\u0103rba\u0163i re\u0163inu\u0163i de poli\u0163i\u015ftii g\u0103l\u0103\u0163eni \u00een urma unui conflict izbucnit pe strada Br\u0103ilei:<br>&#8220;La data de 15 octombrie 2025, la ora 21:25, poli\u0163i\u015ftii din cadrul Sec\u0163iei 1 Poli\u0163ie Gala\u0163i au fost sesiza\u0163i, prin apel la num\u0103rul unic de urgen\u0163\u0103 112, cu privire la un conflict izbucnit pe strada Br\u0103ilei, din municipiul Gala\u0163i, \u00een care ar fi fost implicate mai multe persoane.<br>La fa\u0163a locului au fost direc\u0163ionate mai multe echipaje de poli\u0163ie, care au identificat un autoturism ce prezenta avarii \u2013 anvelope dezumflate \u015fi geamuri sparte.<br>\u00cen urma verific\u0103rilor efectuate, poli\u0163i\u015ftii au stabilit faptul c\u0103, \u00een timp ce se afla sta\u0163ionat la semaforul amplasat la intersec\u0163ia str\u0103zilor Br\u0103ilei \u015fi General Alexandru Cernat, conduc\u0103torul autoturismului avariat, un t\u00e2n\u0103r de 23 de ani, din municipiul Gala\u0163i, ar fi avut un conflict cu mai multe persoane care ar fi cobor\u00e2t dintr-un autoturism oprit \u00een spatele s\u0103u. Acesta nu a fost agresat fizic \u015fi a declarat c\u0103 nu cunoa\u015fte motivul alterca\u0163iei.<br>\u00cen urma investiga\u0163iilor \u015fi cercet\u0103rilor efectuate de poli\u0163i\u015ftii din cadrul Biroului de Investiga\u0163ii Criminale, cu sprijinul poli\u0163i\u015ftilor sec\u0163iilor 1 \u015fi 5 Poli\u0163ie Gala\u0163i, \u00een dosarul penal \u00eentocmit sub aspectul s\u0103v\u00e2r\u015firii infrac\u0163iunilor de distrugere \u015fi tulburarea ordinii \u015fi lini\u015ftii publice, au fost identifica\u0163i trei b\u0103rba\u0163i, cu v\u00e2rste cuprinse \u00eentre 29 \u015fi 41 de ani, to\u0163i din municipiul Gala\u0163i.<br>Cei \u00een cauz\u0103 au fost depista\u0163i \u015fi condu\u015fi la sediul poli\u0163iei pentru audieri, iar \u00een baza materialului probator administrat, poli\u0163i\u015ftii au dispus m\u0103sura re\u0163inerii pentru 24 de ore, ace\u015ftia fiind introdu\u015fi \u00een Centrul de Re\u0163inere \u015fi Arestare Preventiv\u0103 al I.P.J. Gala\u0163i.<br>Ulterior, persoanele re\u0163inute au fost prezentate procurorului de caz, iar instan\u0163a de judecat\u0103 a dispus arestarea preventiv\u0103, pentru 30 de zile, a doi dintre b\u0103rba\u0163i.<br>Poli\u0163i\u015ftii continu\u0103 cercet\u0103rile pentru a stabili toate \u00eemprejur\u0103rile producerii evenimentului \u015fi pentru luarea m\u0103surilor legale care se impun&#8221;, potrivit IPJ Gala\u0163i.<\/p>\n\n\n\n<p>Sursa:monitoruldegalati<\/p>\n","protected":false},"excerpt":{"rendered":"<p>Trei b\u0103rba\u0163i re\u0163inu\u0163i de poli\u0163i\u015ftii g\u0103l\u0103\u0163eni \u00een urma unui conflict izbucnit pe strada Br\u0103ilei:&#8220;La data de 15 octombrie 2025, la<\/p>\n","protected":false},"author":1,"featured_media":108046,"comment_status":"open","ping_status":"closed","sticky":false,"template":"","format":"standard","meta":{"spay_email":"","footnotes":"","jetpack_publicize_message":""},"categories":[6],"tags":[],"class_list":["post-129400","post","type-post","status-publish","format-standard","has-post-thumbnail","hentry","category-social"],"jetpack_featured_media_url":"https:\/\/i0.wp.com\/realitatearutiera.ro\/wp-content\/uploads\/2024\/02\/masini-politie-politia-2-3ldz.jpg?fit=1224%2C816&ssl=1","jetpack_publicize_connections":[],"jetpack_sharing_enabled":true,"jetpack_shortlink":"https:\/\/wp.me\/p61naM-xF6","jetpack-related-posts":[],"_links":{"self":[{"href":"https:\/\/realitatearutiera.ro\/index.php?rest_route=\/wp\/v2\/posts\/129400","targetHints":{"allow":["GET"]}}],"collection":[{"href":"https:\/\/realitatearutiera.ro\/index.php?rest_route=\/wp\/v2\/posts"}],"about":[{"href":"https:\/\/realitatearutiera.ro\/index.php?rest_route=\/wp\/v2\/types\/post"}],"author":[{"embeddable":true,"href":"https:\/\/realitatearutiera.ro\/index.php?rest_route=\/wp\/v2\/users\/1"}],"replies":[{"embeddable":true,"href":"https:\/\/realitatearutiera.ro\/index.php?rest_route=%2Fwp%2Fv2%2Fcomments&post=129400"}],"version-history":[{"count":1,"href":"https:\/\/realitatearutiera.ro\/index.php?rest_route=\/wp\/v2\/posts\/129400\/revisions"}],"predecessor-version":[{"id":129401,"href":"https:\/\/realitatearutiera.ro\/index.php?rest_route=\/wp\/v2\/posts\/129400\/revisions\/129401"}],"wp:featuredmedia":[{"embeddable":true,"href":"https:\/\/realitatearutiera.ro\/index.php?rest_route=\/wp\/v2\/media\/108046"}],"wp:attachment":[{"href":"https:\/\/realitatearutiera.ro\/index.php?rest_route=%2Fwp%2Fv2%2Fmedia&parent=129400"}],"wp:term":[{"taxonomy":"category","embeddable":true,"href":"https:\/\/realitatearutiera.ro\/index.php?rest_route=%2Fwp%2Fv2%2Fcategories&post=129400"},{"taxonomy":"post_tag","embeddable":true,"href":"https:\/\/realitatearutiera.ro\/index.php?rest_route=%2Fwp%2Fv2%2Ftags&post=129400"}],"curies":[{"name":"wp","href":"https:\/\/api.w.org\/{rel}","templated":true}]}}