{"id":129743,"date":"2025-10-31T10:32:28","date_gmt":"2025-10-31T08:32:28","guid":{"rendered":"https:\/\/realitatearutiera.ro\/?p=129743"},"modified":"2025-10-31T10:32:30","modified_gmt":"2025-10-31T08:32:30","slug":"soferul-unui-ferrari-a-murit-in-timp-ce-incerca-sa-isi-impresioneze-iubita-cu-zgomotul-masinii","status":"publish","type":"post","link":"https:\/\/realitatearutiera.ro\/?p=129743","title":{"rendered":"\u0218oferul unui Ferrari a murit \u00een timp ce \u00eencerca s\u0103 \u00ee\u0219i impresioneze iubita cu zgomotul ma\u0219inii"},"content":{"rendered":"\n<p>Un b\u0103rbat din Anglia \u0219i-a pierdut via\u021ba dup\u0103 ce Ferrari-ul s\u0103u s-a izbit de un copac \u00een timp ce \u00eencerca s\u0103 \u00ee\u0219i impresioneze iubita cu sunetul motorului.<\/p>\n\n\n\n<p>Ben Gladman, \u00een v\u00e2rst\u0103 de 31 de ani, a murit dup\u0103 ce a pierdut controlul asupra Ferrari-ului 360 pe un drum de \u021bar\u0103 din apropiere de Marlingford, Norfolk, \u00een timp ce \u00eencerca s\u0103-i arate iubitei sale sunetul motorului, scrie&nbsp;<a href=\"https:\/\/www.thesun.co.uk\/news\/37174347\/ferrari-driver-dead-crash-girlfriend\/\" target=\"_blank\" rel=\"noreferrer noopener\">The Sun.<\/a><\/p>\n\n\n\n<h2 class=\"wp-block-heading\">Ce spun martorii<\/h2>\n\n\n\n<p>Potrivit martorilor, motorul ma\u0219inii a fost turat la maximum \u00eenainte de accident. Gladman, care conducea o companie de dezvoltare imobiliar\u0103 \u0219i \u00eenchirieri \u0219i era fan al F1, a p\u0103truns pe marginea drumului \u0219i s-a izbit de un copac. Fosta prim-ministru David Cameron se afla la o v\u00e2n\u0103toare \u00een zon\u0103, iar bodyguarzii s\u0103i au intervenit pentru a-i scoate pe cei doi din epava ma\u0219inii. B\u0103rbatul a fost declarat mort la fa\u021ba locului, \u00een timp ce Barbara a fost transportat\u0103 la spital cu r\u0103ni serioase, dar f\u0103r\u0103 pericol pentru via\u021b\u0103.<\/p>\n\n\n\n<p>Medicul legist a declarat c\u0103 \u0219oferul a suferit multiple traume \u0219i c\u0103 moartea sa a fost rezultatul impactului. Aceasta spune c\u0103 din cauza condi\u021biillor drumului, cu margini ude \u0219i noroioase, ma\u0219ina ar fi pierdut controlul.<\/p>\n\n\n\n<p>Iubita b\u0103rbatului, pe nume Barbara, a povestit c\u0103 \u00een diminea\u021ba tragediei, cei doi ie\u0219it s\u0103 plimbe c\u00e2inele \u0219i s\u0103 bea o cafea, iar \u00een momentul accidentului se deplasau cu aproximativ 50-60 km\/h pe un drum de \u021bar\u0103. Martorii oculari au confirmat sunetele puternice ale motorului \u0219i impactul violent.<\/p>\n\n\n\n<p>Un raport tehnic a concluzionat c\u0103 vehiculul a derapat \u0219i \u0219oferul a \u00eencercat s\u0103 corecteze manevra, pierz\u00e2nd controlul ma\u0219inii. Testele toxicologice au ar\u0103tat c\u0103 Ben nu consumase alcool.<\/p>\n\n\n\n<p>Barbara Zart a scris ulterior pe Facebook c\u0103 \u00eenc\u0103 se recupereaz\u0103 dup\u0103 accident, mul\u021bumind familiei, prietenilor \u0219i personalului medical pentru sprijin.<\/p>\n\n\n\n<p>Sursa\/foto:stirileprotv<\/p>\n","protected":false},"excerpt":{"rendered":"<p>Un b\u0103rbat din Anglia \u0219i-a pierdut via\u021ba dup\u0103 ce Ferrari-ul s\u0103u s-a izbit de un copac \u00een timp ce \u00eencerca<\/p>\n","protected":false},"author":1,"featured_media":129744,"comment_status":"open","ping_status":"closed","sticky":false,"template":"","format":"standard","meta":{"spay_email":"","footnotes":"","jetpack_publicize_message":""},"categories":[52],"tags":[],"class_list":["post-129743","post","type-post","status-publish","format-standard","has-post-thumbnail","hentry","category-amuzament"],"jetpack_featured_media_url":"https:\/\/i2.wp.com\/realitatearutiera.ro\/wp-content\/uploads\/2025\/10\/62587524.jpg?fit=1920%2C1080&ssl=1","jetpack_publicize_connections":[],"jetpack_sharing_enabled":true,"jetpack_shortlink":"https:\/\/wp.me\/p61naM-xKD","jetpack-related-posts":[],"_links":{"self":[{"href":"https:\/\/realitatearutiera.ro\/index.php?rest_route=\/wp\/v2\/posts\/129743","targetHints":{"allow":["GET"]}}],"collection":[{"href":"https:\/\/realitatearutiera.ro\/index.php?rest_route=\/wp\/v2\/posts"}],"about":[{"href":"https:\/\/realitatearutiera.ro\/index.php?rest_route=\/wp\/v2\/types\/post"}],"author":[{"embeddable":true,"href":"https:\/\/realitatearutiera.ro\/index.php?rest_route=\/wp\/v2\/users\/1"}],"replies":[{"embeddable":true,"href":"https:\/\/realitatearutiera.ro\/index.php?rest_route=%2Fwp%2Fv2%2Fcomments&post=129743"}],"version-history":[{"count":1,"href":"https:\/\/realitatearutiera.ro\/index.php?rest_route=\/wp\/v2\/posts\/129743\/revisions"}],"predecessor-version":[{"id":129745,"href":"https:\/\/realitatearutiera.ro\/index.php?rest_route=\/wp\/v2\/posts\/129743\/revisions\/129745"}],"wp:featuredmedia":[{"embeddable":true,"href":"https:\/\/realitatearutiera.ro\/index.php?rest_route=\/wp\/v2\/media\/129744"}],"wp:attachment":[{"href":"https:\/\/realitatearutiera.ro\/index.php?rest_route=%2Fwp%2Fv2%2Fmedia&parent=129743"}],"wp:term":[{"taxonomy":"category","embeddable":true,"href":"https:\/\/realitatearutiera.ro\/index.php?rest_route=%2Fwp%2Fv2%2Fcategories&post=129743"},{"taxonomy":"post_tag","embeddable":true,"href":"https:\/\/realitatearutiera.ro\/index.php?rest_route=%2Fwp%2Fv2%2Ftags&post=129743"}],"curies":[{"name":"wp","href":"https:\/\/api.w.org\/{rel}","templated":true}]}}