{"id":130108,"date":"2025-11-10T10:57:20","date_gmt":"2025-11-10T08:57:20","guid":{"rendered":"https:\/\/realitatearutiera.ro\/?p=130108"},"modified":"2025-11-10T10:57:33","modified_gmt":"2025-11-10T08:57:33","slug":"patru-masini-mistuite-de-flacari-intr-o-parcare-din-ploiesti","status":"publish","type":"post","link":"https:\/\/realitatearutiera.ro\/?p=130108","title":{"rendered":"Patru ma\u0219ini mistuite de fl\u0103c\u0103ri \u00eentr-o parcare din Ploie\u015fti"},"content":{"rendered":"\n<p>Patru autoturisme au ars \u00eentr-un incendiu izbucnit \u00een noaptea de duminic\u0103 spre luni \u00eentr-o parcare din Ploie\u015fti, dou\u0103 dintre acestea fiind complet distruse de fl\u0103c\u0103ri.<img loading=\"lazy\" decoding=\"async\" src=\"https:\/\/i1.wp.com\/cdn.adh.reperio.news\/image-a\/a038bc07-36ad-451d-872e-c3256eadbeda\/index.jpeg?resize=800%2C429&#038;ssl=1\" alt=\"Ma\u0219ini distruse \u00eentr-un incendiu FOTO: Adev\u0103rul (arhiv\u0103)\" width=\"800\" height=\"429\"  data-recalc-dims=\"1\"><\/p>\n\n\n\n<p>Ma\u0219ini distruse \u00eentr-un incendiu FOTO: Adev\u0103rul (arhiv\u0103)<\/p>\n\n\n\n<p>Incendiul a fost anun\u0163at \u00een noaptea de duminic\u0103 spre luni, \u00een jurul orei 01:00, pe strada Zarandului din municipiul Ploie\u015fti.<\/p>\n\n\n\n<p>Pompierii militari din cadrul Deta\u015famentului 1 Ploie\u015fti au intervenit cu dou\u0103 autospeciale de stingere cu ap\u0103 \u015fi spum\u0103, la fa\u0163a locului fiind trimis \u015fi un echipaj SMURD.<\/p>\n\n\n\n<p><em>\u201dLa sosirea echipajelor de pompieri, incendiul se manifesta generalizat la dou\u0103 autoturisme, fiind afectate \u015fi altele dou\u0103 care se aflau \u00een proximitatea acestora.&nbsp;<a href=\"https:\/\/adevarul.ro\/stiri-locale\/galati\/incendiu-violent-la-trei-hale-industriale-din-2317306.html\">Autoturismele erau parcate<\/a>, nefiind persoane la bord \u00een momentul izbucnirii incendiului\u201d,<\/em>&nbsp;informeaz\u0103, luni diminea\u0163\u0103, oficialii Inspectoratului pentru Situa\u0163ii de Urgen\u0163\u0103 Prahova.<\/p>\n\n\n\n<p>\u00cen urma incendiului nu au fost victime.<\/p>\n\n\n\n<p>Pompierii au stabilit<a href=\"https:\/\/adevarul.ro\/stiri-locale\/timisoara\/cinci-masini-au-luat-foc-intr-o-parcare-din-2231811.html\">, dup\u0103 ce au lichidat incendiul<\/a>, c\u0103 acesta s-a produs, cel mai probabil, de la un scurtcircuit produs la unul dintre autoturisme.<\/p>\n\n\n\n<p>Sursa:adevarul<\/p>\n\n\n\n<p><\/p>\n","protected":false},"excerpt":{"rendered":"<p>Patru autoturisme au ars \u00eentr-un incendiu izbucnit \u00een noaptea de duminic\u0103 spre luni \u00eentr-o parcare din Ploie\u015fti, dou\u0103 dintre acestea<\/p>\n","protected":false},"author":1,"featured_media":130109,"comment_status":"open","ping_status":"closed","sticky":false,"template":"","format":"standard","meta":{"spay_email":"","footnotes":"","jetpack_publicize_message":""},"categories":[6],"tags":[],"class_list":["post-130108","post","type-post","status-publish","format-standard","has-post-thumbnail","hentry","category-social"],"jetpack_featured_media_url":"https:\/\/realitatearutiera.ro\/wp-content\/uploads\/2025\/11\/index-6.webp","jetpack_publicize_connections":[],"jetpack_sharing_enabled":true,"jetpack_shortlink":"https:\/\/wp.me\/p61naM-xQw","jetpack-related-posts":[],"_links":{"self":[{"href":"https:\/\/realitatearutiera.ro\/index.php?rest_route=\/wp\/v2\/posts\/130108","targetHints":{"allow":["GET"]}}],"collection":[{"href":"https:\/\/realitatearutiera.ro\/index.php?rest_route=\/wp\/v2\/posts"}],"about":[{"href":"https:\/\/realitatearutiera.ro\/index.php?rest_route=\/wp\/v2\/types\/post"}],"author":[{"embeddable":true,"href":"https:\/\/realitatearutiera.ro\/index.php?rest_route=\/wp\/v2\/users\/1"}],"replies":[{"embeddable":true,"href":"https:\/\/realitatearutiera.ro\/index.php?rest_route=%2Fwp%2Fv2%2Fcomments&post=130108"}],"version-history":[{"count":1,"href":"https:\/\/realitatearutiera.ro\/index.php?rest_route=\/wp\/v2\/posts\/130108\/revisions"}],"predecessor-version":[{"id":130110,"href":"https:\/\/realitatearutiera.ro\/index.php?rest_route=\/wp\/v2\/posts\/130108\/revisions\/130110"}],"wp:featuredmedia":[{"embeddable":true,"href":"https:\/\/realitatearutiera.ro\/index.php?rest_route=\/wp\/v2\/media\/130109"}],"wp:attachment":[{"href":"https:\/\/realitatearutiera.ro\/index.php?rest_route=%2Fwp%2Fv2%2Fmedia&parent=130108"}],"wp:term":[{"taxonomy":"category","embeddable":true,"href":"https:\/\/realitatearutiera.ro\/index.php?rest_route=%2Fwp%2Fv2%2Fcategories&post=130108"},{"taxonomy":"post_tag","embeddable":true,"href":"https:\/\/realitatearutiera.ro\/index.php?rest_route=%2Fwp%2Fv2%2Ftags&post=130108"}],"curies":[{"name":"wp","href":"https:\/\/api.w.org\/{rel}","templated":true}]}}