{"id":130131,"date":"2025-11-10T12:10:19","date_gmt":"2025-11-10T10:10:19","guid":{"rendered":"https:\/\/realitatearutiera.ro\/?p=130131"},"modified":"2025-11-10T12:10:21","modified_gmt":"2025-11-10T10:10:21","slug":"se-monteaza-separatori-de-trafic-pentru-banda-de-autobuz-pe-bulevardul-alexandru-lapusneanu-intre-bulevardul-tomis-si-strada-soveja","status":"publish","type":"post","link":"https:\/\/realitatearutiera.ro\/?p=130131","title":{"rendered":"\u00a0Se monteaz\u0103 separatori de trafic pentru banda de autobuz pe bulevardul Alexandru L\u0103pu\u0219neanu, \u00eentre bulevardul Tomis \u0219i strada Soveja"},"content":{"rendered":"\n<figure class=\"wp-block-image size-full\"><img loading=\"lazy\" decoding=\"async\" width=\"800\" height=\"450\" data-attachment-id=\"130132\" data-permalink=\"https:\/\/realitatearutiera.ro\/?attachment_id=130132\" data-orig-file=\"https:\/\/i0.wp.com\/realitatearutiera.ro\/wp-content\/uploads\/2025\/11\/image-49.png?fit=855%2C481&amp;ssl=1\" data-orig-size=\"855,481\" data-comments-opened=\"1\" data-image-meta=\"{&quot;aperture&quot;:&quot;0&quot;,&quot;credit&quot;:&quot;&quot;,&quot;camera&quot;:&quot;&quot;,&quot;caption&quot;:&quot;&quot;,&quot;created_timestamp&quot;:&quot;0&quot;,&quot;copyright&quot;:&quot;&quot;,&quot;focal_length&quot;:&quot;0&quot;,&quot;iso&quot;:&quot;0&quot;,&quot;shutter_speed&quot;:&quot;0&quot;,&quot;title&quot;:&quot;&quot;,&quot;orientation&quot;:&quot;0&quot;}\" data-image-title=\"image\" data-image-description=\"\" data-medium-file=\"https:\/\/i0.wp.com\/realitatearutiera.ro\/wp-content\/uploads\/2025\/11\/image-49.png?fit=300%2C169&amp;ssl=1\" data-large-file=\"https:\/\/i0.wp.com\/realitatearutiera.ro\/wp-content\/uploads\/2025\/11\/image-49.png?fit=800%2C450&amp;ssl=1\" src=\"https:\/\/i0.wp.com\/realitatearutiera.ro\/wp-content\/uploads\/2025\/11\/image-49.png?resize=800%2C450&#038;ssl=1\" alt=\"\" class=\"wp-image-130132\" srcset=\"https:\/\/i0.wp.com\/realitatearutiera.ro\/wp-content\/uploads\/2025\/11\/image-49.png?w=855&amp;ssl=1 855w, https:\/\/i0.wp.com\/realitatearutiera.ro\/wp-content\/uploads\/2025\/11\/image-49.png?resize=300%2C169&amp;ssl=1 300w, https:\/\/i0.wp.com\/realitatearutiera.ro\/wp-content\/uploads\/2025\/11\/image-49.png?resize=768%2C432&amp;ssl=1 768w\" sizes=\"auto, (max-width: 800px) 100vw, 800px\" data-recalc-dims=\"1\" \/><\/figure>\n\n\n\n<p>SC Confort Urban continu\u0103 lucr\u0103rile de montare a separatorilor de trafic pentru crearea benzii unice destinate autovehiculelor operatorului de transport public pe bulevardul Alexandru L\u0103pu\u0219neanu, pe tronsonul cuprins \u00eentre bulevardul Tomis \u0219i strada Soveja.<\/p>\n\n\n\n<p>Lucr\u0103rile fac parte din proiectele de mobilitate urban\u0103 finan\u021bate prin Programul Opera\u021bional Regional \u2013 axa dedicat\u0103 promov\u0103rii mobilit\u0103\u021bii urbane durabile, inclusiv prin cre\u0219terea atractivit\u0103\u021bii serviciilor de transport public de c\u0103l\u0103tori.<\/p>\n\n\n\n<p>Aceast\u0103 etap\u0103 reprezint\u0103 ultima faz\u0103 a proiectelor asumate de municipalitate prin cererile de finan\u021bare \u0219i impuse de Uniunea European\u0103, av\u00e2nd ca obiective:<br>&nbsp; &nbsp; &nbsp; &nbsp; &nbsp; \u2022 \u00eembun\u0103t\u0103\u021birea serviciului public de transport;<br>&nbsp; &nbsp; &nbsp; &nbsp; &nbsp; \u2022 cre\u0219terea vitezei de deplasare \u0219i a siguran\u021bei c\u0103l\u0103torilor;<br>&nbsp; &nbsp; &nbsp; &nbsp; &nbsp; \u2022 atragerea unui num\u0103r mai mare de utilizatori c\u0103tre transportul public local.<\/p>\n\n\n\n<blockquote class=\"wp-block-quote is-layout-flow wp-block-quote-is-layout-flow\">\n<p>Totodat\u0103, proiectul contribuie la alinierea la strategiile \u0219i normele europene privind \u00eembun\u0103t\u0103\u021birea calit\u0103\u021bii aerului, estim\u00e2ndu-se o sc\u0103dere anual\u0103 a emisiilor de gaze cu efect de ser\u0103 de aproximativ 1,4% dup\u0103 primul an de la finalizarea implement\u0103rii. \u00cen plus, acesta vizeaz\u0103 cre\u0219terea calit\u0103\u021bii transportului public local \u0219i a infrastructurii aferente mobilit\u0103\u021bii active \u2013 deplasarea pietonal\u0103 \u0219i cu bicicleta.<br>\u00cen acest context, facem apel c\u0103tre const\u0103n\u021beni s\u0103 NU \u00ee\u0219i parcheze autoturismele pe carosabil. De asemenea, conduc\u0103torii auto sunt ruga\u021bi s\u0103 respecte regulile de circula\u0163ie \u015fi semnifica\u0163ia mijloacelor de semnalizare rutier\u0103\u201c &#8211; au transmis reprezentan\u021bii Prim\u0103riei Constan\u021ba.<\/p>\n\n\n\n<p>Sursa\/foto:ziuaconstanta<\/p>\n<\/blockquote>\n","protected":false},"excerpt":{"rendered":"<p>SC Confort Urban continu\u0103 lucr\u0103rile de montare a separatorilor de trafic pentru crearea benzii unice destinate autovehiculelor operatorului de transport<\/p>\n","protected":false},"author":1,"featured_media":130132,"comment_status":"open","ping_status":"closed","sticky":false,"template":"","format":"standard","meta":{"spay_email":"","footnotes":"","jetpack_publicize_message":""},"categories":[6],"tags":[],"class_list":["post-130131","post","type-post","status-publish","format-standard","has-post-thumbnail","hentry","category-social"],"jetpack_featured_media_url":"https:\/\/i0.wp.com\/realitatearutiera.ro\/wp-content\/uploads\/2025\/11\/image-49.png?fit=855%2C481&ssl=1","jetpack_publicize_connections":[],"jetpack_sharing_enabled":true,"jetpack_shortlink":"https:\/\/wp.me\/p61naM-xQT","jetpack-related-posts":[],"_links":{"self":[{"href":"https:\/\/realitatearutiera.ro\/index.php?rest_route=\/wp\/v2\/posts\/130131","targetHints":{"allow":["GET"]}}],"collection":[{"href":"https:\/\/realitatearutiera.ro\/index.php?rest_route=\/wp\/v2\/posts"}],"about":[{"href":"https:\/\/realitatearutiera.ro\/index.php?rest_route=\/wp\/v2\/types\/post"}],"author":[{"embeddable":true,"href":"https:\/\/realitatearutiera.ro\/index.php?rest_route=\/wp\/v2\/users\/1"}],"replies":[{"embeddable":true,"href":"https:\/\/realitatearutiera.ro\/index.php?rest_route=%2Fwp%2Fv2%2Fcomments&post=130131"}],"version-history":[{"count":1,"href":"https:\/\/realitatearutiera.ro\/index.php?rest_route=\/wp\/v2\/posts\/130131\/revisions"}],"predecessor-version":[{"id":130133,"href":"https:\/\/realitatearutiera.ro\/index.php?rest_route=\/wp\/v2\/posts\/130131\/revisions\/130133"}],"wp:featuredmedia":[{"embeddable":true,"href":"https:\/\/realitatearutiera.ro\/index.php?rest_route=\/wp\/v2\/media\/130132"}],"wp:attachment":[{"href":"https:\/\/realitatearutiera.ro\/index.php?rest_route=%2Fwp%2Fv2%2Fmedia&parent=130131"}],"wp:term":[{"taxonomy":"category","embeddable":true,"href":"https:\/\/realitatearutiera.ro\/index.php?rest_route=%2Fwp%2Fv2%2Fcategories&post=130131"},{"taxonomy":"post_tag","embeddable":true,"href":"https:\/\/realitatearutiera.ro\/index.php?rest_route=%2Fwp%2Fv2%2Ftags&post=130131"}],"curies":[{"name":"wp","href":"https:\/\/api.w.org\/{rel}","templated":true}]}}