{"id":130265,"date":"2025-11-13T11:25:06","date_gmt":"2025-11-13T09:25:06","guid":{"rendered":"https:\/\/realitatearutiera.ro\/?p=130265"},"modified":"2025-11-13T11:25:08","modified_gmt":"2025-11-13T09:25:08","slug":"vremea-310","status":"publish","type":"post","link":"https:\/\/realitatearutiera.ro\/?p=130265","title":{"rendered":"Vremea"},"content":{"rendered":"\n<p>Ast\u0103zi avem cer mai mult senin \u00een zonele de deal \u0219i de munte. \u00cen rest va fi destul de \u00eennorat &#8211; mai ales \u00een prima parte a zilei.<\/p>\n\n\n\n<p>Mai t\u00e2rziu vedem \u0219i soarele, iar maximele se \u00eencadreaz\u0103 \u00eentre 9 grade \u00een depresiuni \u0219i 16 grade \u00een Oltenia \u0219i \u00een sudul Banatului.<\/p>\n\n\n\n<p>Vedem ce se \u00eent\u00e2mpl\u0103 \u00een fiecare regiune \u0219i \u00eencepem cu&nbsp;<strong>Dobrogea<\/strong>&nbsp;\u0219i cu&nbsp;<strong>B\u0103r\u0103ganul<\/strong>. Pe-aici norii se risipesc treptat, iar amiaza aduce vreme bun\u0103. Nu sunt anun\u021bate precipita\u021bii, v\u00e2ntul abia se simte, iar temperaturile ajung la 15 grade.<\/p>\n\n\n\n<p>Cam la fel va fi \u0219i mai sus, \u00een&nbsp;<strong>Moldova sudic\u0103<\/strong>&nbsp;\u0219i \u00een<strong>&nbsp;nordul Munteniei<\/strong>: nori de joas\u0103 altitudine \u0219i cea\u021b\u0103 diminea\u021b\u0103,&nbsp;<a href=\"https:\/\/stirileprotv.ro\/stiri\/vremea\/cum-se-schimba-vremea-in-urmatoarele-patru-saptamani-prognoza-meteo-pentru-perioada-11-noiembrie-8-decembrie.html\" target=\"_blank\" rel=\"noreferrer noopener\">atmosfer\u0103<\/a>&nbsp;\u00eensorit\u0103 mai t\u00e2rziu \u0219i \u00een jur de 14 grade \u00een termometre.<\/p>\n\n\n\n<p>\u00cen&nbsp;<strong>jum\u0103tatea nordic\u0103 a Moldovei&nbsp;<\/strong>\u0219i \u00een<strong>&nbsp;Bucovina<\/strong>, ziua \u00eencepe cu \u00eennor\u0103ri sau cea\u021b\u0103 \u00een unele zone. Apoi iese soarele, iar dup\u0103 pr\u00e2nz maximele ajung la 13 grade.<\/p>\n\n\n\n<p>\u0218i \u00een&nbsp;<strong>nordul Transilvaniei<\/strong>&nbsp;\u0219i \u00een&nbsp;<strong>Maramure\u0219<\/strong>&nbsp;avem vreme schimb\u0103toare: nori \u0219i condi\u021bii de cea\u021b\u0103 la \u00eenceputul zilei \u0219i atmosfer\u0103 cu soare la orele amiezii. Temperaturile r\u0103m\u00e2n la valori similare cu cele de ieri: 11&#8230;12 grade.<\/p>\n\n\n\n<p>\u00cen&nbsp;<strong>vestul Rom\u00e2niei<\/strong>&nbsp;se \u00eennoreaz\u0103 \u00een primele ore, dar amiaza aduce soare \u0219i vreme bun\u0103. V\u00e2ntul nu pune probleme, iar temperaturile mai cresc pu\u021bin \u0219i se ating 16 grade \u00een sudul Banatului, pe la Re\u0219i\u021ba.<\/p>\n\n\n\n<p>\u00cen&nbsp;<strong>Transilvania<\/strong>,<strong>&nbsp;<\/strong>norii \u0219i cea\u021ba se risipesc treptat, iar \u00een a doua parte a zilei ar trebui s\u0103 avem atmosfer\u0103 \u00eensorit\u0103 \u00een toat\u0103 provincia. Vreme bun\u0103 g\u0103sim inclusiv \u00een zonele montane, iar&nbsp;<a href=\"https:\/\/stirileprotv.ro\/stiri\/vremea\/vremea-se-incalzeste-pentru-cateva-zile-in-toata-tara-de-cand-revin-ploile-si-frigul.html\" target=\"_blank\" rel=\"noreferrer noopener\">maximele<\/a>&nbsp;se men\u021bin la valori ridicate pentru acest moment al anului: 13 grade la Sibiu \u0219i la Alba Iulia.<\/p>\n\n\n\n<p>\u00cen&nbsp;<strong>Oltenia<\/strong>&nbsp;ziua \u00eencepe cu nori \u0219i cea\u021b\u0103 \u00een unele zone, dar cerul se degajeaz\u0103 mai t\u00e2rziu. Vremea r\u0103m\u00e2ne cald\u0103 pentru mijlocul lunii noiembrie \u0219i se ating \u00een jur de 16 grade \u00een sudul \u0219i \u00een vestul provinciei.<\/p>\n\n\n\n<p>\u00cen&nbsp;<strong>sudul \u021b\u0103rii<\/strong>&nbsp;avem atmosfer\u0103 \u00eenchis\u0103 \u00een prima parte a zilei, cu \u00eennor\u0103ri \u0219i cea\u021b\u0103 pe la c\u00e2mpie. Apoi iese soarele, iar temperaturile urc\u0103 p\u00e2n\u0103 la 15 grade.<\/p>\n\n\n\n<h2 class=\"wp-block-heading\">Vremea \u00een Bucure\u0219ti<\/h2>\n\n\n\n<p>\u00cen Bucure\u0219ti avem o diminea\u021b\u0103 cam mohor\u00e2t\u0103, dar se pare c\u0103 mai t\u00e2rziu se arat\u0103 soarele. Maxima ajunge pe la 14 grade, de\u0219i acum ar trebui s\u0103 fie vreo 11 grade \u00een zona Capitalei.<\/p>\n\n\n\n<p>La noapte e posibil s\u0103 apar\u0103 cea\u021ba, iar&nbsp;<a href=\"https:\/\/stirileprotv.ro\/stiri\/vremea\/cand-ar-putea-aparea-primele-ninsori-in-romania-meteorologii-anunta-cum-va-fi-vremea-in-luna-noiembrie.html\" target=\"_blank\" rel=\"noreferrer noopener\">temperatura<\/a>&nbsp;coboar\u0103 p\u00e2n\u0103 la 4 grade.<\/p>\n\n\n\n<h2 class=\"wp-block-heading\">Vremea la munte<\/h2>\n\n\n\n<p>\u00cen schimb, la munte atmosfera se men\u021bine \u00eensorit\u0103 toat\u0103 ziua. Nu vorbim deloc despre precipita\u021bii. V\u00e2ntul mai are unele intensific\u0103ri, dar asta se \u00eent\u00e2mpl\u0103 la altitudini mari.<\/p>\n\n\n\n<p>Dup\u0103 o diminea\u021b\u0103 cam rece, amiaza aduce temperaturi \u00een cre\u0219tere fa\u021b\u0103 de ieri \u0219i vreme mai cald\u0103 dec\u00e2t ar fi normal la aceast\u0103 dat\u0103.<\/p>\n\n\n\n<p>Sursa.stirileprotv<\/p>\n","protected":false},"excerpt":{"rendered":"<p>Ast\u0103zi avem cer mai mult senin \u00een zonele de deal \u0219i de munte. \u00cen rest va fi destul de \u00eennorat<\/p>\n","protected":false},"author":1,"featured_media":0,"comment_status":"open","ping_status":"closed","sticky":false,"template":"","format":"standard","meta":{"spay_email":"","footnotes":"","jetpack_publicize_message":""},"categories":[1],"tags":[],"class_list":["post-130265","post","type-post","status-publish","format-standard","hentry","category-uncategorized"],"jetpack_featured_media_url":"","jetpack_publicize_connections":[],"jetpack_sharing_enabled":true,"jetpack_shortlink":"https:\/\/wp.me\/p61naM-xT3","jetpack-related-posts":[],"_links":{"self":[{"href":"https:\/\/realitatearutiera.ro\/index.php?rest_route=\/wp\/v2\/posts\/130265","targetHints":{"allow":["GET"]}}],"collection":[{"href":"https:\/\/realitatearutiera.ro\/index.php?rest_route=\/wp\/v2\/posts"}],"about":[{"href":"https:\/\/realitatearutiera.ro\/index.php?rest_route=\/wp\/v2\/types\/post"}],"author":[{"embeddable":true,"href":"https:\/\/realitatearutiera.ro\/index.php?rest_route=\/wp\/v2\/users\/1"}],"replies":[{"embeddable":true,"href":"https:\/\/realitatearutiera.ro\/index.php?rest_route=%2Fwp%2Fv2%2Fcomments&post=130265"}],"version-history":[{"count":1,"href":"https:\/\/realitatearutiera.ro\/index.php?rest_route=\/wp\/v2\/posts\/130265\/revisions"}],"predecessor-version":[{"id":130304,"href":"https:\/\/realitatearutiera.ro\/index.php?rest_route=\/wp\/v2\/posts\/130265\/revisions\/130304"}],"wp:attachment":[{"href":"https:\/\/realitatearutiera.ro\/index.php?rest_route=%2Fwp%2Fv2%2Fmedia&parent=130265"}],"wp:term":[{"taxonomy":"category","embeddable":true,"href":"https:\/\/realitatearutiera.ro\/index.php?rest_route=%2Fwp%2Fv2%2Fcategories&post=130265"},{"taxonomy":"post_tag","embeddable":true,"href":"https:\/\/realitatearutiera.ro\/index.php?rest_route=%2Fwp%2Fv2%2Ftags&post=130265"}],"curies":[{"name":"wp","href":"https:\/\/api.w.org\/{rel}","templated":true}]}}