{"id":130301,"date":"2025-11-13T11:16:35","date_gmt":"2025-11-13T09:16:35","guid":{"rendered":"https:\/\/realitatearutiera.ro\/?p=130301"},"modified":"2025-11-13T11:16:37","modified_gmt":"2025-11-13T09:16:37","slug":"sofer-baut-implicat-intr-un-accident-rutier-la-tritenii-de-sus","status":"publish","type":"post","link":"https:\/\/realitatearutiera.ro\/?p=130301","title":{"rendered":"\u0218ofer b\u0103ut, implicat \u00eentr-un accident rutier la Tritenii de Sus"},"content":{"rendered":"\n<p><strong>Un accident rutier a avut loc joi diminea\u021b\u0103, \u00een jurul orei 09:30, pe drumul jude\u021bean DJ151C, \u00een localitatea Tritenii de Sus.<\/strong><\/p>\n\n\n\n<p>Potrivit primelor informa\u021bii furnizate de poli\u021bi\u0219ti, un b\u0103rbat de 62 de ani, din jude\u021bul Mure\u0219, aflat la volanul unui autoturism, nu ar fi adaptat viteza la condi\u021biile de drum, pierz\u00e2nd controlul asupra direc\u021biei de mers \u0219i lovind un cap de pod.<\/p>\n\n\n\n<p>Dup\u0103 producerea accidentului, conduc\u0103torul auto a p\u0103r\u0103sit locul faptei, \u00eens\u0103 a fost depistat \u00een scurt timp de poli\u021bi\u0219ti, la o distan\u021b\u0103 de aproximativ un kilometru de locul incidentului.<\/p>\n\n\n\n<h2 class=\"wp-block-heading\">\u0218oferul era b\u0103ut<\/h2>\n\n\n\n<p>\u00cen urma test\u0103rii cu aparatul etilotest, s-a constatat c\u0103 b\u0103rbatul se afla sub influen\u021ba b\u0103uturilor alcoolice, aparatul indic\u00e2nd o concentra\u021bie de 0,56 mg\/l alcool pur \u00een aerul expirat.<\/p>\n\n\n\n<p>\u0218oferul a avut nevoie de \u00eengrijiri medicale \u0219i a fost transportat la spital.<\/p>\n\n\n\n<p>Sursa cluj24<\/p>\n","protected":false},"excerpt":{"rendered":"<p>Un accident rutier a avut loc joi diminea\u021b\u0103, \u00een jurul orei 09:30, pe drumul jude\u021bean DJ151C, \u00een localitatea Tritenii de<\/p>\n","protected":false},"author":1,"featured_media":116298,"comment_status":"open","ping_status":"closed","sticky":false,"template":"","format":"standard","meta":{"spay_email":"","footnotes":"","jetpack_publicize_message":""},"categories":[1],"tags":[],"class_list":["post-130301","post","type-post","status-publish","format-standard","has-post-thumbnail","hentry","category-uncategorized"],"jetpack_featured_media_url":"https:\/\/i1.wp.com\/realitatearutiera.ro\/wp-content\/uploads\/2024\/09\/semn-accident-850x560-1.jpg?fit=850%2C560&ssl=1","jetpack_publicize_connections":[],"jetpack_sharing_enabled":true,"jetpack_shortlink":"https:\/\/wp.me\/p61naM-xTD","jetpack-related-posts":[],"_links":{"self":[{"href":"https:\/\/realitatearutiera.ro\/index.php?rest_route=\/wp\/v2\/posts\/130301","targetHints":{"allow":["GET"]}}],"collection":[{"href":"https:\/\/realitatearutiera.ro\/index.php?rest_route=\/wp\/v2\/posts"}],"about":[{"href":"https:\/\/realitatearutiera.ro\/index.php?rest_route=\/wp\/v2\/types\/post"}],"author":[{"embeddable":true,"href":"https:\/\/realitatearutiera.ro\/index.php?rest_route=\/wp\/v2\/users\/1"}],"replies":[{"embeddable":true,"href":"https:\/\/realitatearutiera.ro\/index.php?rest_route=%2Fwp%2Fv2%2Fcomments&post=130301"}],"version-history":[{"count":1,"href":"https:\/\/realitatearutiera.ro\/index.php?rest_route=\/wp\/v2\/posts\/130301\/revisions"}],"predecessor-version":[{"id":130302,"href":"https:\/\/realitatearutiera.ro\/index.php?rest_route=\/wp\/v2\/posts\/130301\/revisions\/130302"}],"wp:featuredmedia":[{"embeddable":true,"href":"https:\/\/realitatearutiera.ro\/index.php?rest_route=\/wp\/v2\/media\/116298"}],"wp:attachment":[{"href":"https:\/\/realitatearutiera.ro\/index.php?rest_route=%2Fwp%2Fv2%2Fmedia&parent=130301"}],"wp:term":[{"taxonomy":"category","embeddable":true,"href":"https:\/\/realitatearutiera.ro\/index.php?rest_route=%2Fwp%2Fv2%2Fcategories&post=130301"},{"taxonomy":"post_tag","embeddable":true,"href":"https:\/\/realitatearutiera.ro\/index.php?rest_route=%2Fwp%2Fv2%2Ftags&post=130301"}],"curies":[{"name":"wp","href":"https:\/\/api.w.org\/{rel}","templated":true}]}}