{"id":130380,"date":"2025-11-17T08:46:17","date_gmt":"2025-11-17T06:46:17","guid":{"rendered":"https:\/\/realitatearutiera.ro\/?p=130380"},"modified":"2025-11-17T08:46:19","modified_gmt":"2025-11-17T06:46:19","slug":"soferi-bauti-trasi-pe-dreapta-la-botosani-si-albesti","status":"publish","type":"post","link":"https:\/\/realitatearutiera.ro\/?p=130380","title":{"rendered":"\u0218oferi b\u0103u\u021bi, tra\u0219i pe dreapta la Boto\u0219ani \u0219i Albe\u0219ti"},"content":{"rendered":"\n<p><strong>Poli\u021bi\u0219tii au scos din trafic doi conduc\u0103tori auto care au urcat la volan sub influen\u021ba alcoolului, unul \u00een municipiul Boto\u0219ani \u0219i cel\u0103lalt \u00een comuna Albe\u0219ti. Ambii sunt acum cerceta\u021bi penal pentru conducere sub influen\u021ba b\u0103uturilor alcoolice.<\/strong><\/p>\n\n\n\n<figure class=\"wp-block-image size-full is-resized\"><img loading=\"lazy\" decoding=\"async\" width=\"800\" height=\"495\" data-attachment-id=\"130381\" data-permalink=\"https:\/\/realitatearutiera.ro\/?attachment_id=130381\" data-orig-file=\"https:\/\/i0.wp.com\/realitatearutiera.ro\/wp-content\/uploads\/2025\/11\/image-81.png?fit=800%2C495&amp;ssl=1\" data-orig-size=\"800,495\" data-comments-opened=\"1\" data-image-meta=\"{&quot;aperture&quot;:&quot;0&quot;,&quot;credit&quot;:&quot;&quot;,&quot;camera&quot;:&quot;&quot;,&quot;caption&quot;:&quot;&quot;,&quot;created_timestamp&quot;:&quot;0&quot;,&quot;copyright&quot;:&quot;&quot;,&quot;focal_length&quot;:&quot;0&quot;,&quot;iso&quot;:&quot;0&quot;,&quot;shutter_speed&quot;:&quot;0&quot;,&quot;title&quot;:&quot;&quot;,&quot;orientation&quot;:&quot;0&quot;}\" data-image-title=\"image\" data-image-description=\"\" data-medium-file=\"https:\/\/i0.wp.com\/realitatearutiera.ro\/wp-content\/uploads\/2025\/11\/image-81.png?fit=300%2C186&amp;ssl=1\" data-large-file=\"https:\/\/i0.wp.com\/realitatearutiera.ro\/wp-content\/uploads\/2025\/11\/image-81.png?fit=800%2C495&amp;ssl=1\" src=\"https:\/\/i0.wp.com\/realitatearutiera.ro\/wp-content\/uploads\/2025\/11\/image-81.png?resize=800%2C495&#038;ssl=1\" alt=\"\" class=\"wp-image-130381\" style=\"width:385px;height:auto\" srcset=\"https:\/\/i0.wp.com\/realitatearutiera.ro\/wp-content\/uploads\/2025\/11\/image-81.png?w=800&amp;ssl=1 800w, https:\/\/i0.wp.com\/realitatearutiera.ro\/wp-content\/uploads\/2025\/11\/image-81.png?resize=300%2C186&amp;ssl=1 300w, https:\/\/i0.wp.com\/realitatearutiera.ro\/wp-content\/uploads\/2025\/11\/image-81.png?resize=768%2C475&amp;ssl=1 768w\" sizes=\"auto, (max-width: 800px) 100vw, 800px\" data-recalc-dims=\"1\" \/><\/figure>\n\n\n\n<p>Primul caz a avut loc pe 16 noiembrie 2025, pe strada Marchian din municipiul Boto\u0219ani, unde poli\u021bi\u0219tii au oprit un autoturism condus de un t\u00e2n\u0103r de 29 de ani din comuna Vl\u0103deni. Testarea alcoolscopic\u0103 a indicat o valoare de 0,71 mg\/l alcool pur \u00een aerul expirat, nivel care dep\u0103\u0219e\u0219te pragul de la care fapta devine infrac\u021biune. B\u0103rbatul a fost dus la spital pentru recoltarea de probe biologice, iar cercet\u0103rile au fost demarate sub aspectul comiterii infrac\u021biunii de conducere sub influen\u021ba alcoolului.<\/p>\n\n\n\n<p>Pe l\u00e2ng\u0103 alcoolemia ridicat\u0103, verificarea documentelor autoturismului a scos la iveal\u0103 o alt\u0103 problem\u0103: inspec\u021bia tehnic\u0103 periodic\u0103 era expirat\u0103. Poli\u021bi\u0219tii au re\u021binut certificatul de \u00eenmatriculare, iar \u0219oferul a fost sanc\u021bionat contraven\u021bional cu o amend\u0103 de 1.822,5 lei.<\/p>\n\n\n\n<p>Cel de-al doilea caz s-a petrecut pe 14 noiembrie 2025, \u00een comuna Albe\u0219ti, unde poli\u021bi\u0219tii Sec\u021biei de Poli\u021bie Rural\u0103 nr. 3 Hlipiceni au oprit un autoturism condus de un t\u00e2n\u0103r de 22 de ani. \u0218oferul emana halen\u0103 alcoolic\u0103, iar testarea cu etilotestul a indicat valoarea de 0,44 mg\/l alcool pur \u00een aerul expirat. \u0218i \u00een acest caz, b\u0103rbatul a fost condus la spital pentru recoltarea probelor biologice necesare stabilirii alcoolemiei.<\/p>\n\n\n\n<p>Pentru fapta sa, t\u00e2n\u0103rul din Albe\u0219ti este cercetat penal pentru conducere sub influen\u021ba alcoolului, iar poli\u021bi\u0219tii continu\u0103 verific\u0103rile pentru documentarea complet\u0103 a cazului.<\/p>\n\n\n\n<p>Sursa\/foto:botosani24<\/p>\n","protected":false},"excerpt":{"rendered":"<p>Poli\u021bi\u0219tii au scos din trafic doi conduc\u0103tori auto care au urcat la volan sub influen\u021ba alcoolului, unul \u00een municipiul Boto\u0219ani<\/p>\n","protected":false},"author":1,"featured_media":130381,"comment_status":"open","ping_status":"closed","sticky":false,"template":"","format":"standard","meta":{"spay_email":"","footnotes":"","jetpack_publicize_message":""},"categories":[6],"tags":[],"class_list":["post-130380","post","type-post","status-publish","format-standard","has-post-thumbnail","hentry","category-social"],"jetpack_featured_media_url":"https:\/\/i0.wp.com\/realitatearutiera.ro\/wp-content\/uploads\/2025\/11\/image-81.png?fit=800%2C495&ssl=1","jetpack_publicize_connections":[],"jetpack_sharing_enabled":true,"jetpack_shortlink":"https:\/\/wp.me\/p61naM-xUU","jetpack-related-posts":[],"_links":{"self":[{"href":"https:\/\/realitatearutiera.ro\/index.php?rest_route=\/wp\/v2\/posts\/130380","targetHints":{"allow":["GET"]}}],"collection":[{"href":"https:\/\/realitatearutiera.ro\/index.php?rest_route=\/wp\/v2\/posts"}],"about":[{"href":"https:\/\/realitatearutiera.ro\/index.php?rest_route=\/wp\/v2\/types\/post"}],"author":[{"embeddable":true,"href":"https:\/\/realitatearutiera.ro\/index.php?rest_route=\/wp\/v2\/users\/1"}],"replies":[{"embeddable":true,"href":"https:\/\/realitatearutiera.ro\/index.php?rest_route=%2Fwp%2Fv2%2Fcomments&post=130380"}],"version-history":[{"count":1,"href":"https:\/\/realitatearutiera.ro\/index.php?rest_route=\/wp\/v2\/posts\/130380\/revisions"}],"predecessor-version":[{"id":130382,"href":"https:\/\/realitatearutiera.ro\/index.php?rest_route=\/wp\/v2\/posts\/130380\/revisions\/130382"}],"wp:featuredmedia":[{"embeddable":true,"href":"https:\/\/realitatearutiera.ro\/index.php?rest_route=\/wp\/v2\/media\/130381"}],"wp:attachment":[{"href":"https:\/\/realitatearutiera.ro\/index.php?rest_route=%2Fwp%2Fv2%2Fmedia&parent=130380"}],"wp:term":[{"taxonomy":"category","embeddable":true,"href":"https:\/\/realitatearutiera.ro\/index.php?rest_route=%2Fwp%2Fv2%2Fcategories&post=130380"},{"taxonomy":"post_tag","embeddable":true,"href":"https:\/\/realitatearutiera.ro\/index.php?rest_route=%2Fwp%2Fv2%2Ftags&post=130380"}],"curies":[{"name":"wp","href":"https:\/\/api.w.org\/{rel}","templated":true}]}}