{"id":130478,"date":"2025-11-19T08:27:05","date_gmt":"2025-11-19T06:27:05","guid":{"rendered":"https:\/\/realitatearutiera.ro\/?p=130478"},"modified":"2025-11-19T08:27:07","modified_gmt":"2025-11-19T06:27:07","slug":"trafic-ingreunat-pe-autostrada-a3-sens-bucuresti-ploiesti","status":"publish","type":"post","link":"https:\/\/realitatearutiera.ro\/?p=130478","title":{"rendered":"TRAFIC \u00ceNGREUNAT PE AUTOSTRADA A3, SENS BUCURE\u0218TI &#8211; PLOIE\u0218TI"},"content":{"rendered":"\n<p><strong>Ora:&nbsp;<\/strong>07:10<\/p>\n\n\n\n<p><strong>Centrul INFOTRAFIC din Inspectoratul General al Poli\u021biei Rom\u00e2ne&nbsp;<\/strong>informeaz\u0103 c\u0103 traficul se desf\u0103\u0219oar\u0103 dirijat, pe banda a doua, pe Autostrada A3 pe sensul Bucure\u0219ti \u2013 Ploie\u0219ti, la kilometrul 49, \u00een zona localit\u0103\u021bii Palanca, jude\u021bul Prahova, din cauza unui accident \u00eentre trei autoturisme. O persoan\u0103 a fost r\u0103nit\u0103, necesit\u00e2nd \u00eengrijiri medicale<\/p>\n\n\n\n<p>Se estimeaz\u0103 reluarea circula\u021biei \u00een condi\u021bii normale dup\u0103 ora 08.00.<\/p>\n","protected":false},"excerpt":{"rendered":"<p>Ora:&nbsp;07:10 Centrul INFOTRAFIC din Inspectoratul General al Poli\u021biei Rom\u00e2ne&nbsp;informeaz\u0103 c\u0103 traficul se desf\u0103\u0219oar\u0103 dirijat, pe banda a doua, pe Autostrada<\/p>\n","protected":false},"author":1,"featured_media":92211,"comment_status":"open","ping_status":"closed","sticky":false,"template":"","format":"standard","meta":{"spay_email":"","footnotes":"","jetpack_publicize_message":""},"categories":[54],"tags":[],"class_list":["post-130478","post","type-post","status-publish","format-standard","has-post-thumbnail","hentry","category-informatii-rutiere"],"jetpack_featured_media_url":"https:\/\/realitatearutiera.ro\/wp-content\/uploads\/2022\/11\/info-trafic-observatorulnational-1.webp","jetpack_publicize_connections":[],"jetpack_sharing_enabled":true,"jetpack_shortlink":"https:\/\/wp.me\/p61naM-xWu","jetpack-related-posts":[],"_links":{"self":[{"href":"https:\/\/realitatearutiera.ro\/index.php?rest_route=\/wp\/v2\/posts\/130478","targetHints":{"allow":["GET"]}}],"collection":[{"href":"https:\/\/realitatearutiera.ro\/index.php?rest_route=\/wp\/v2\/posts"}],"about":[{"href":"https:\/\/realitatearutiera.ro\/index.php?rest_route=\/wp\/v2\/types\/post"}],"author":[{"embeddable":true,"href":"https:\/\/realitatearutiera.ro\/index.php?rest_route=\/wp\/v2\/users\/1"}],"replies":[{"embeddable":true,"href":"https:\/\/realitatearutiera.ro\/index.php?rest_route=%2Fwp%2Fv2%2Fcomments&post=130478"}],"version-history":[{"count":1,"href":"https:\/\/realitatearutiera.ro\/index.php?rest_route=\/wp\/v2\/posts\/130478\/revisions"}],"predecessor-version":[{"id":130479,"href":"https:\/\/realitatearutiera.ro\/index.php?rest_route=\/wp\/v2\/posts\/130478\/revisions\/130479"}],"wp:featuredmedia":[{"embeddable":true,"href":"https:\/\/realitatearutiera.ro\/index.php?rest_route=\/wp\/v2\/media\/92211"}],"wp:attachment":[{"href":"https:\/\/realitatearutiera.ro\/index.php?rest_route=%2Fwp%2Fv2%2Fmedia&parent=130478"}],"wp:term":[{"taxonomy":"category","embeddable":true,"href":"https:\/\/realitatearutiera.ro\/index.php?rest_route=%2Fwp%2Fv2%2Fcategories&post=130478"},{"taxonomy":"post_tag","embeddable":true,"href":"https:\/\/realitatearutiera.ro\/index.php?rest_route=%2Fwp%2Fv2%2Ftags&post=130478"}],"curies":[{"name":"wp","href":"https:\/\/api.w.org\/{rel}","templated":true}]}}