{"id":130832,"date":"2025-11-26T10:16:27","date_gmt":"2025-11-26T08:16:27","guid":{"rendered":"https:\/\/realitatearutiera.ro\/?p=130832"},"modified":"2025-11-26T10:16:29","modified_gmt":"2025-11-26T08:16:29","slug":"vremea-318","status":"publish","type":"post","link":"https:\/\/realitatearutiera.ro\/?p=130832","title":{"rendered":"Vremea"},"content":{"rendered":"\n<p>Miercuri, \u00een estul \u0219i \u00een sud-estul Rom\u00e2niei va fi mai cald dec\u00e2t ar fi normal, temperaturile urm\u00e2nd s\u0103 urce p\u00e2n\u0103 la 19-20 de grade. \u00cen celelalte regiuni,&nbsp;vremea va fi mai rece. Diminea\u021b\u0103 sunt \u00een vigoare mai multe avertiz\u0103ri Cod galben de v\u00e2nt \u0219i cea\u021b\u0103.<img loading=\"lazy\" decoding=\"async\" src=\"https:\/\/i0.wp.com\/cdn.adh.reperio.news\/image-2\/2e6fb0b1-25a0-4933-a888-9cb0d787b77e\/index.jpeg?resize=800%2C429&#038;ssl=1\" alt=\"Cea\u021ba se va ridica dup\u0103 orele dimine\u021bii. FOTO shutterstock\" width=\"800\" height=\"429\"  data-recalc-dims=\"1\"><\/p>\n\n\n\n<p>Cea\u021ba se va ridica dup\u0103 orele dimine\u021bii. FOTO shutterstock<\/p>\n\n\n\n<p>Cerul va fi \u00eennorat \u00een vestul \u021b\u0103rii, unde vor ap\u0103rea ploi sporadice, \u00eens\u0103 \u00een restul regiunilor vremea r\u0103m\u00e2ne predominant pl\u0103cut\u0103. \u00cen Moldova vremea continu\u0103 s\u0103 se \u00eenc\u0103lzeasc\u0103 \u0219i se ating 16 grade, \u00een timp ce \u00een vest&nbsp;maxima nu trece de 10 grade.&nbsp;\u00cen nordul Transilvaniei \u0219i Maramure\u0219, ziua va fi mohor\u00e2t\u0103, cu nebulozitate persistent\u0103, ploi trec\u0103toare \u0219i v\u00e2nt moderat. Temperaturile urc\u0103 p\u00e2n\u0103 la aproximativ 12 grade.<\/p>\n\n\n\n<p>\u00cen jude\u021bul Cara\u015f-Severin, zona de munte (peste 1800 m), precum \u0219i Jude\u021bul Hunedoara, tot la peste 1800 m altitudine, este \u00een vigoare un Cod galben de v\u00e2nt, valabil p\u00e2n\u0103 la ora 11.<\/p>\n\n\n\n<p><em>\u201eSe vor semnala intensific\u0103ri ale v\u00e2ntului cu viteze la rafal\u0103 de 90&#8230;120 km\/h,&nbsp;<\/em>&nbsp;precizeaz\u0103 ANM.&nbsp;&nbsp;<\/p>\n\n\n\n<p>Un Cod galben de cea\u021b\u0103 este valabil, p\u00e2n\u0103 la ora 10.33,&nbsp; \u00een zona depresionar\u0103 a jude\u021bului Harghita, respectiv zona localit\u0103\u021bilor: Miercurea Ciuc, Topli\u021ba, Gheorgheni, Ditr\u0103u, S\u00e2ndominic, Remetea, Joseni, Suseni, Ciumani, Ciucs\u00e2ngeorgiu, S\u0103rma\u0219, Frumoasa, L\u0103zarea, S\u00e2nsimion, C\u00e2r\u021ba, Siculeni, Mih\u0103ileni, Tome\u0219ti, G\u0103l\u0103u\u021ba\u0219, Ciceu, S\u00e2nmartin, S\u00e2ncr\u0103ieni, D\u0103ne\u0219ti, Subcetate, M\u0103d\u0103ra\u0219, Tu\u0219nad, S\u00e2ntimbru, Vo\u0219l\u0103beni, Cozmeni, Leliceni, P\u0103uleni-Ciuc, Racu.<\/p>\n\n\n\n<p>Vizibilitatea este redus\u0103, local sub 200 m \u0219i izolat sub 50 m.<\/p>\n\n\n\n<p><a href=\"https:\/\/adevarul.ro\/stiri-interne\/meteo\/meteorologii-au-anuntat-cand-se-incalzeste-2489140.html\">Prognoza ANM pentru aceast\u0103 s\u0103pt\u0103m\u00e2n\u0103&nbsp;<\/a>arat\u0103 c\u0103 vremea se va \u00eenc\u0103lzi semnificativ \u00een aproape \u00eentreaga \u021bar\u0103, cu cer variabil \u0219i ploi slabe local, mai ales \u00een vest \u0219i la munte.&nbsp;<a href=\"https:\/\/adevarul.ro\/stiri-interne\/meteo\/prognoza-meteo-pana-la-craciun-cum-se-anunta-2489541.html\">Temperaturile maxime&nbsp;<\/a>vor ajunge p\u00e2n\u0103 19\u202620 de grade, iar minimele vor fi cuprinse \u00eentre -4 \u0219i 12 grade.<\/p>\n\n\n\n<p>\u00cen Bucure\u0219ti, maximele vor ajunge la 15\u201316 grade, iar minimele \u00eentre 6 \u0219i 7 grade, cu cer variabil \u0219i posibilitate de ploaie slab\u0103 seara \u0219i noaptea.<\/p>\n\n\n\n<p>Sursa:adevarul<\/p>\n\n\n\n<p><\/p>\n","protected":false},"excerpt":{"rendered":"<p>Miercuri, \u00een estul \u0219i \u00een sud-estul Rom\u00e2niei va fi mai cald dec\u00e2t ar fi normal, temperaturile urm\u00e2nd s\u0103 urce p\u00e2n\u0103<\/p>\n","protected":false},"author":1,"featured_media":92313,"comment_status":"open","ping_status":"closed","sticky":false,"template":"","format":"standard","meta":{"spay_email":"","footnotes":"","jetpack_publicize_message":""},"categories":[6],"tags":[],"class_list":["post-130832","post","type-post","status-publish","format-standard","has-post-thumbnail","hentry","category-social"],"jetpack_featured_media_url":"https:\/\/i1.wp.com\/realitatearutiera.ro\/wp-content\/uploads\/2022\/11\/2021-11-07-2izqcw-meteo-ploaie-toamna-2-1200x-1024x683-1.jpeg?fit=1024%2C683&ssl=1","jetpack_publicize_connections":[],"jetpack_sharing_enabled":true,"jetpack_shortlink":"https:\/\/wp.me\/p61naM-y2c","jetpack-related-posts":[],"_links":{"self":[{"href":"https:\/\/realitatearutiera.ro\/index.php?rest_route=\/wp\/v2\/posts\/130832","targetHints":{"allow":["GET"]}}],"collection":[{"href":"https:\/\/realitatearutiera.ro\/index.php?rest_route=\/wp\/v2\/posts"}],"about":[{"href":"https:\/\/realitatearutiera.ro\/index.php?rest_route=\/wp\/v2\/types\/post"}],"author":[{"embeddable":true,"href":"https:\/\/realitatearutiera.ro\/index.php?rest_route=\/wp\/v2\/users\/1"}],"replies":[{"embeddable":true,"href":"https:\/\/realitatearutiera.ro\/index.php?rest_route=%2Fwp%2Fv2%2Fcomments&post=130832"}],"version-history":[{"count":1,"href":"https:\/\/realitatearutiera.ro\/index.php?rest_route=\/wp\/v2\/posts\/130832\/revisions"}],"predecessor-version":[{"id":130833,"href":"https:\/\/realitatearutiera.ro\/index.php?rest_route=\/wp\/v2\/posts\/130832\/revisions\/130833"}],"wp:featuredmedia":[{"embeddable":true,"href":"https:\/\/realitatearutiera.ro\/index.php?rest_route=\/wp\/v2\/media\/92313"}],"wp:attachment":[{"href":"https:\/\/realitatearutiera.ro\/index.php?rest_route=%2Fwp%2Fv2%2Fmedia&parent=130832"}],"wp:term":[{"taxonomy":"category","embeddable":true,"href":"https:\/\/realitatearutiera.ro\/index.php?rest_route=%2Fwp%2Fv2%2Fcategories&post=130832"},{"taxonomy":"post_tag","embeddable":true,"href":"https:\/\/realitatearutiera.ro\/index.php?rest_route=%2Fwp%2Fv2%2Ftags&post=130832"}],"curies":[{"name":"wp","href":"https:\/\/api.w.org\/{rel}","templated":true}]}}