{"id":130856,"date":"2025-11-27T08:30:46","date_gmt":"2025-11-27T06:30:46","guid":{"rendered":"https:\/\/realitatearutiera.ro\/?p=130856"},"modified":"2025-11-27T08:30:47","modified_gmt":"2025-11-27T06:30:47","slug":"accident-in-zona-preajba-judetul-gorj","status":"publish","type":"post","link":"https:\/\/realitatearutiera.ro\/?p=130856","title":{"rendered":"Accident \u00een zona Preajba, jude\u021bul Gorj"},"content":{"rendered":"\n<p>C\u00e2nt\u0103rea\u0163\u0103 de muzic\u0103 popular\u0103 a fost implicat\u0103 \u00eentr-un accident rutier \u00een jude\u0163ul Gorj.\u00a0Ramona Mi\u0219cu care mergea la un eveniment caritabil a lovit un cap de pod \u015fi s-a r\u0103sturnat cu ma\u015fina de mai multe ori.\u00a0<\/p>\n\n\n\n<figure class=\"wp-block-image size-large\"><img loading=\"lazy\" decoding=\"async\" width=\"800\" height=\"504\" data-attachment-id=\"130857\" data-permalink=\"https:\/\/realitatearutiera.ro\/?attachment_id=130857\" data-orig-file=\"https:\/\/i2.wp.com\/realitatearutiera.ro\/wp-content\/uploads\/2025\/11\/image-135.png?fit=1200%2C756&amp;ssl=1\" data-orig-size=\"1200,756\" data-comments-opened=\"1\" data-image-meta=\"{&quot;aperture&quot;:&quot;0&quot;,&quot;credit&quot;:&quot;&quot;,&quot;camera&quot;:&quot;&quot;,&quot;caption&quot;:&quot;&quot;,&quot;created_timestamp&quot;:&quot;0&quot;,&quot;copyright&quot;:&quot;&quot;,&quot;focal_length&quot;:&quot;0&quot;,&quot;iso&quot;:&quot;0&quot;,&quot;shutter_speed&quot;:&quot;0&quot;,&quot;title&quot;:&quot;&quot;,&quot;orientation&quot;:&quot;0&quot;}\" data-image-title=\"image\" data-image-description=\"\" data-medium-file=\"https:\/\/i2.wp.com\/realitatearutiera.ro\/wp-content\/uploads\/2025\/11\/image-135.png?fit=300%2C189&amp;ssl=1\" data-large-file=\"https:\/\/i2.wp.com\/realitatearutiera.ro\/wp-content\/uploads\/2025\/11\/image-135.png?fit=800%2C504&amp;ssl=1\" src=\"https:\/\/i0.wp.com\/realitatearutiera.ro\/wp-content\/uploads\/2025\/11\/image-135-1024x645.png?resize=800%2C504&#038;ssl=1\" alt=\"\" class=\"wp-image-130857\" srcset=\"https:\/\/i2.wp.com\/realitatearutiera.ro\/wp-content\/uploads\/2025\/11\/image-135.png?resize=1024%2C645&amp;ssl=1 1024w, https:\/\/i2.wp.com\/realitatearutiera.ro\/wp-content\/uploads\/2025\/11\/image-135.png?resize=300%2C189&amp;ssl=1 300w, https:\/\/i2.wp.com\/realitatearutiera.ro\/wp-content\/uploads\/2025\/11\/image-135.png?resize=768%2C484&amp;ssl=1 768w, https:\/\/i2.wp.com\/realitatearutiera.ro\/wp-content\/uploads\/2025\/11\/image-135.png?w=1200&amp;ssl=1 1200w\" sizes=\"auto, (max-width: 800px) 100vw, 800px\" data-recalc-dims=\"1\" \/><\/figure>\n\n\n\n<p><a href=\"https:\/\/observatornews.ro\/autori\/redactia-observator-id29.html\"><\/a><a href=\"https:\/\/observatornews.ro\/galerie\/cantareata-de-muzica-populara-implicata-in-accident-rutier-in-gorj-sa-rasturnat-cu-masina-de-mai-multe-ori-id638529-play804488.html\">Masina r\u0103stunat\u0103Galerie (4)<\/a><\/p>\n\n\n\n<p>Interpreta mergea la un eveniment caritabil, organizat \u00eentr-un local din T\u00e2rgu-Jiu, care era dedicat unei feti\u0163e bolnave.&nbsp;\u00cen zona Preajba, ma\u0219ina ei a derapat,&nbsp;a lovit un cap de pod \u0219i s-a r\u0103sturnat de mai multe ori, oprindu-se pe c\u00e2mp.<\/p>\n\n\n\n<p>\u00cen momentul accidentului era singur\u0103 \u00een ma\u0219in\u0103. Din fericire,&nbsp;Ramona Mi\u0219cu nu a fost r\u0103nit\u0103. Poli\u0163i\u015ftii fac cercet\u0103ri la fa\u0163a locului pentru a vedea cum s-a produs incidentul rutier.&nbsp;<\/p>\n\n\n\n<p>Sursa:observatornews<\/p>\n","protected":false},"excerpt":{"rendered":"<p>C\u00e2nt\u0103rea\u0163\u0103 de muzic\u0103 popular\u0103 a fost implicat\u0103 \u00eentr-un accident rutier \u00een jude\u0163ul Gorj.\u00a0Ramona Mi\u0219cu care mergea la un eveniment caritabil<\/p>\n","protected":false},"author":1,"featured_media":0,"comment_status":"open","ping_status":"closed","sticky":false,"template":"","format":"standard","meta":{"spay_email":"","footnotes":"","jetpack_publicize_message":""},"categories":[1],"tags":[],"class_list":["post-130856","post","type-post","status-publish","format-standard","hentry","category-uncategorized"],"jetpack_featured_media_url":"","jetpack_publicize_connections":[],"jetpack_sharing_enabled":true,"jetpack_shortlink":"https:\/\/wp.me\/p61naM-y2A","jetpack-related-posts":[],"_links":{"self":[{"href":"https:\/\/realitatearutiera.ro\/index.php?rest_route=\/wp\/v2\/posts\/130856","targetHints":{"allow":["GET"]}}],"collection":[{"href":"https:\/\/realitatearutiera.ro\/index.php?rest_route=\/wp\/v2\/posts"}],"about":[{"href":"https:\/\/realitatearutiera.ro\/index.php?rest_route=\/wp\/v2\/types\/post"}],"author":[{"embeddable":true,"href":"https:\/\/realitatearutiera.ro\/index.php?rest_route=\/wp\/v2\/users\/1"}],"replies":[{"embeddable":true,"href":"https:\/\/realitatearutiera.ro\/index.php?rest_route=%2Fwp%2Fv2%2Fcomments&post=130856"}],"version-history":[{"count":1,"href":"https:\/\/realitatearutiera.ro\/index.php?rest_route=\/wp\/v2\/posts\/130856\/revisions"}],"predecessor-version":[{"id":130858,"href":"https:\/\/realitatearutiera.ro\/index.php?rest_route=\/wp\/v2\/posts\/130856\/revisions\/130858"}],"wp:attachment":[{"href":"https:\/\/realitatearutiera.ro\/index.php?rest_route=%2Fwp%2Fv2%2Fmedia&parent=130856"}],"wp:term":[{"taxonomy":"category","embeddable":true,"href":"https:\/\/realitatearutiera.ro\/index.php?rest_route=%2Fwp%2Fv2%2Fcategories&post=130856"},{"taxonomy":"post_tag","embeddable":true,"href":"https:\/\/realitatearutiera.ro\/index.php?rest_route=%2Fwp%2Fv2%2Ftags&post=130856"}],"curies":[{"name":"wp","href":"https:\/\/api.w.org\/{rel}","templated":true}]}}