{"id":130866,"date":"2025-11-27T09:22:23","date_gmt":"2025-11-27T07:22:23","guid":{"rendered":"https:\/\/realitatearutiera.ro\/?p=130866"},"modified":"2025-11-27T09:22:25","modified_gmt":"2025-11-27T07:22:25","slug":"vremea-319","status":"publish","type":"post","link":"https:\/\/realitatearutiera.ro\/?p=130866","title":{"rendered":"Vremea"},"content":{"rendered":"\n<p>Ast\u0103zi se r\u0103ce\u0219te \u00een majoritatea regiunilor, mai accentuat \u00een sud-vest, \u00een centru \u0219i \u00een nord-est. Vor fi \u00eennor\u0103ri peste tot \u0219i o s\u0103 plou\u0103 \u00een special \u00een sud, \u00een est \u0219i \u00een zona central\u0103.<\/p>\n\n\n\n<p>V\u00e2ntul se \u00eente\u021be\u0219te \u00een sud-est \u0219i pe crestele Carpa\u021bilor, iar maximele pleac\u0103 de la 4&#8230;5 grade \u00een vest, \u00een nord \u0219i \u00een centru \u0219i ajung la 19&#8230;20 de grade \u00een sud-est.<\/p>\n\n\n\n<p>Vedem ce se \u00eent\u00e2mpl\u0103 \u00een fiecare regiune \u0219i \u00eencepem cu Dobrogea \u0219i cu B\u0103r\u0103ganul, pe unde se \u00eennoreaz\u0103 \u0219i vin mai multe reprize de ploaie. Vedem pu\u021bin \u0219i soarele printre nori, iar v\u00e2ntul are intensific\u0103ri. Vremea r\u0103m\u00e2ne cald\u0103, iar temperaturile urc\u0103 p\u00e2n\u0103 la 19&#8230;20 de grade.<\/p>\n\n\n\n<p>Mai sus, \u00een Moldova sudic\u0103 \u0219i \u00een nordul Munteniei, g\u0103sim atmosfer\u0103 \u00eenchis\u0103, cu cea\u021b\u0103 diminea\u021ba, cer mai mult noros peste zi \u0219i ploi consistente \u00eendeosebi \u00een zona montan\u0103. V\u00e2ntul ajunge la viteze de 55 de km\/h, iar la amiaz\u0103 se ating 14&#8230;15 grade.<\/p>\n\n\n\n<p>O s\u0103 plou\u0103 \u0219i \u00een jum\u0103tatea nordic\u0103 a Moldovei \u0219i \u00een Bucovina. \u00cennor\u0103rile persist\u0103 toat\u0103 ziua, iar la apropierea serii \u0219i peste noapte, \u00een unele zone ploile se transform\u0103 \u00een lapovi\u021b\u0103 \u0219i ninsoare. Se mai r\u0103ce\u0219te fa\u021b\u0103 de ziua trecut\u0103, iar ast\u0103zi nu vor fi mai mult de 8 grade. P\u00e2n\u0103 la ora 09, aproape toat\u0103 regiunea se afl\u0103 sub cod galben de cea\u021b\u0103 dens\u0103 \u0219i vizibilitate redus\u0103.<\/p>\n\n\n\n<p>Se \u00eennoreaz\u0103 \u0219i \u00een nordul Transilvaniei \u0219i \u00een Maramure\u0219, dar pe aici ploile apar pe suprafe\u021be mai restr\u00e2nse. La munte vin ceva ninsori sau lapovi\u021b\u0103. \u00cen unele zone e posibil s\u0103 vedem pu\u021bin \u0219i soarele, dar se face mai frig dec\u00e2t ieri. Maximele se opresc la 6, poate chiar 7 grade.<\/p>\n\n\n\n<p>\u00cen vestul \u021b\u0103rii g\u0103sim vreme schimb\u0103toare: \u00eennor\u0103ri, scurte momente \u00eensorite \u0219i c\u00e2teva ploi, pe spa\u021bii mici. Temperaturile scad, iar \u00een sudul Banatului, pe la Re\u0219i\u021ba, vor fi doar 4 grade.<\/p>\n\n\n\n<p>\u00cen Transilvania se anun\u021b\u0103 o zi mohor\u00e2t\u0103. Cerul r\u0103m\u00e2ne acoperit \u0219i o s\u0103 plou\u0103 destul de mult \u2013 mai ales \u00een zona Meridionalilor. La altitudini mari o s\u0103 ning\u0103 sau o s\u0103 cad\u0103 lapovi\u021b\u0103 \u0219i tot pe-acolo v\u00e2ntul bate tare, cu rafale de 60&#8230;70 de km\/h. Se r\u0103ce\u0219te sim\u021bitor, iar maximele nu trec de 9 grade.<\/p>\n\n\n\n<p>Temperaturile scad accentuat \u0219i \u00een Oltenia, pe unde vor fi cel mult 10 grade. Avem atmosfer\u0103 \u00eenchis\u0103 \u0219i ploi abundente, \u00een special \u00een zonele deluroase, pe unde se vor str\u00e2nge chiar \u0219i 40 de litri de ap\u0103 pe metru p\u0103trat.<\/p>\n\n\n\n<p>Cam la fel va fi \u0219i \u00een \u021binuturile sudice: \u00eennor\u0103ri pe tot parcursul zilei \u0219i ploi consistente \u00een regiunile de deal \u0219i de munte. Se face mai frig dec\u00e2t ieri, dar tot se ating 12 grade \u00een Lunca Dun\u0103rii. \u00cen jude\u021bele Giurgiu \u0219i Teleorman este un cod galben de cea\u021b\u0103 dens\u0103 \u0219i vizibilitate redus\u0103, valabil p\u00e2n\u0103 la ora 09.<\/p>\n\n\n\n<h2 class=\"wp-block-heading\">Vremea \u00een Bucure\u0219ti<\/h2>\n\n\n\n<p>\u00cen Bucure\u0219ti avem o zi mohor\u00e2t\u0103 \u0219i mai rece dec\u00e2t ieri, cu ploi, v\u00e2nt activ \u0219i o maxim\u0103 de 12 grade. La noapte cerul r\u0103m\u00e2ne acoperit \u0219i continu\u0103 s\u0103 plou\u0103, iar temperatura coboar\u0103 p\u00e2n\u0103 la 5 grade.<\/p>\n\n\n\n<h2 class=\"wp-block-heading\">Vremea la munte<\/h2>\n\n\n\n<p>La munte se r\u0103ce\u0219te sim\u021bitor. O s\u0103 plou\u0103 aproape peste tot, iar \u00een Carpa\u021bii Meridionali \u0219i \u00een Carpa\u021bii de Curbur\u0103 se pot str\u00e2nge 30&#8230;40 de litri de ap\u0103 pe metru p\u0103trat. \u00cen zonele \u00eenalte o s\u0103 ning\u0103, iar v\u00e2ntul o s\u0103 sufle din ce \u00een ce mai tare. Pe acolo vor fi rafale de 60&#8230;70 de km\/h.<\/p>\n\n\n\n<p>Sursa:stirileprotv<\/p>\n","protected":false},"excerpt":{"rendered":"<p>Ast\u0103zi se r\u0103ce\u0219te \u00een majoritatea regiunilor, mai accentuat \u00een sud-vest, \u00een centru \u0219i \u00een nord-est. Vor fi \u00eennor\u0103ri peste tot<\/p>\n","protected":false},"author":1,"featured_media":91579,"comment_status":"open","ping_status":"closed","sticky":false,"template":"","format":"standard","meta":{"spay_email":"","footnotes":"","jetpack_publicize_message":""},"categories":[6],"tags":[],"class_list":["post-130866","post","type-post","status-publish","format-standard","has-post-thumbnail","hentry","category-social"],"jetpack_featured_media_url":"https:\/\/realitatearutiera.ro\/wp-content\/uploads\/2022\/11\/https___www.cancan.ro_wp-content_uploads_2021_10_meteo-1.webp","jetpack_publicize_connections":[],"jetpack_sharing_enabled":true,"jetpack_shortlink":"https:\/\/wp.me\/p61naM-y2K","jetpack-related-posts":[],"_links":{"self":[{"href":"https:\/\/realitatearutiera.ro\/index.php?rest_route=\/wp\/v2\/posts\/130866","targetHints":{"allow":["GET"]}}],"collection":[{"href":"https:\/\/realitatearutiera.ro\/index.php?rest_route=\/wp\/v2\/posts"}],"about":[{"href":"https:\/\/realitatearutiera.ro\/index.php?rest_route=\/wp\/v2\/types\/post"}],"author":[{"embeddable":true,"href":"https:\/\/realitatearutiera.ro\/index.php?rest_route=\/wp\/v2\/users\/1"}],"replies":[{"embeddable":true,"href":"https:\/\/realitatearutiera.ro\/index.php?rest_route=%2Fwp%2Fv2%2Fcomments&post=130866"}],"version-history":[{"count":1,"href":"https:\/\/realitatearutiera.ro\/index.php?rest_route=\/wp\/v2\/posts\/130866\/revisions"}],"predecessor-version":[{"id":130867,"href":"https:\/\/realitatearutiera.ro\/index.php?rest_route=\/wp\/v2\/posts\/130866\/revisions\/130867"}],"wp:featuredmedia":[{"embeddable":true,"href":"https:\/\/realitatearutiera.ro\/index.php?rest_route=\/wp\/v2\/media\/91579"}],"wp:attachment":[{"href":"https:\/\/realitatearutiera.ro\/index.php?rest_route=%2Fwp%2Fv2%2Fmedia&parent=130866"}],"wp:term":[{"taxonomy":"category","embeddable":true,"href":"https:\/\/realitatearutiera.ro\/index.php?rest_route=%2Fwp%2Fv2%2Fcategories&post=130866"},{"taxonomy":"post_tag","embeddable":true,"href":"https:\/\/realitatearutiera.ro\/index.php?rest_route=%2Fwp%2Fv2%2Ftags&post=130866"}],"curies":[{"name":"wp","href":"https:\/\/api.w.org\/{rel}","templated":true}]}}