{"id":130921,"date":"2025-11-28T08:57:47","date_gmt":"2025-11-28T06:57:47","guid":{"rendered":"https:\/\/realitatearutiera.ro\/?p=130921"},"modified":"2025-11-28T08:57:49","modified_gmt":"2025-11-28T06:57:49","slug":"coliziune-intre-un-autocar-si-doua-autoutilitare-in-zona-spataresti","status":"publish","type":"post","link":"https:\/\/realitatearutiera.ro\/?p=130921","title":{"rendered":"Coliziune \u00eentre un autocar \u0219i dou\u0103 autoutilitare, \u00een zona Sp\u0103t\u0103re\u0219ti"},"content":{"rendered":"\n<p>Opt persoane, printre care \u0219i doi minori, au fost implicate \u00een dup\u0103-amiaza zilei de joi, 27 noiembrie, \u00eentr-un accident pe drumul european 85, \u00een zona Sp\u0103t\u0103re\u0219ti.<\/p>\n\n\n\n<p>A fost vorba de o ciocnire \u00eentre un autocar \u0219i dou\u0103 autoutilitare, \u00een condi\u021bii care urmeaz\u0103 s\u0103 fie elucidate de poli\u021bi\u0219ti.<\/p>\n\n\n\n<p>Cele opt persoane implicate erau con\u0219tiente \u0219i cooperante \u0219i erau monitorizate de echipajele medicale \u0219i paramedicale. Dup\u0103 examinarea medical\u0103, trei adul\u021bi, con\u0219tien\u021bi \u0219i cooperan\u021bi, vor fi transporta\u021bi la spital pentru investiga\u021bii suplimentare \u0219i tratament de specialitate.<\/p>\n\n\n\n<p>La fa\u021ba locului au mers pompierii militari, cu o autospecial\u0103 cu accesorii pentru descarcerare \u0219i o ambulan\u021b\u0103 SMURD, cu sprijinul a dou\u0103 echipaje SAJ.<\/p>\n\n\n\n<figure class=\"wp-block-image\"><img decoding=\"async\" src=\"https:\/\/i1.wp.com\/vol.monitorulsv.ro\/articole\/2025\/11\/27\/e5718cb0-fab9-4305-bad3-faa25fa79052.jpg?w=800&#038;ssl=1\" alt=\"Coliziune \u00eentre un autocar \u0219i dou\u0103 autoutilitare\" data-recalc-dims=\"1\"\/><figcaption class=\"wp-element-caption\">Coliziune \u00eentre un autocar \u0219i dou\u0103 autoutilitare<\/figcaption><\/figure>\n\n\n\n<figure class=\"wp-block-image\"><img decoding=\"async\" src=\"https:\/\/i0.wp.com\/vol.monitorulsv.ro\/articole\/2025\/11\/27\/cfd40e4c-bde6-4be4-9095-1198f554c9cd.jpg?w=800&#038;ssl=1\" alt=\"Coliziune \u00eentre un autocar \u0219i dou\u0103 autoutilitare\" data-recalc-dims=\"1\"\/><figcaption class=\"wp-element-caption\">Coliziune \u00eentre un autocar \u0219i dou\u0103 autoutilitare<\/figcaption><\/figure>\n\n\n\n<figure class=\"wp-block-image\"><img decoding=\"async\" src=\"https:\/\/i1.wp.com\/vol.monitorulsv.ro\/articole\/2025\/11\/27\/d381c3f2-d606-4667-947f-660887619293.jpg?w=800&#038;ssl=1\" alt=\"Coliziune \u00eentre un autocar \u0219i dou\u0103 autoutilitare\" data-recalc-dims=\"1\"\/><figcaption class=\"wp-element-caption\">Coliziune \u00eentre un autocar \u0219i dou\u0103 autoutilitare<\/figcaption><\/figure>\n\n\n\n<figure class=\"wp-block-image\"><img decoding=\"async\" src=\"https:\/\/i0.wp.com\/vol.monitorulsv.ro\/articole\/2025\/11\/27\/4315b87a-f3c0-466a-97f5-b2dc9f3dc91b.jpg?w=800&#038;ssl=1\" alt=\"Coliziune \u00eentre un autocar \u0219i dou\u0103 autoutilitare\" data-recalc-dims=\"1\"\/><figcaption class=\"wp-element-caption\">Coliziune \u00eentre un autocar \u0219i dou\u0103 autoutilitare<\/figcaption><\/figure>\n\n\n\n<p>Sursa:monitorulsv<\/p>\n\n\n\n<p><\/p>\n","protected":false},"excerpt":{"rendered":"<p>Opt persoane, printre care \u0219i doi minori, au fost implicate \u00een dup\u0103-amiaza zilei de joi, 27 noiembrie, \u00eentr-un accident pe<\/p>\n","protected":false},"author":1,"featured_media":99387,"comment_status":"open","ping_status":"closed","sticky":false,"template":"","format":"standard","meta":{"spay_email":"","footnotes":"","jetpack_publicize_message":""},"categories":[1],"tags":[],"class_list":["post-130921","post","type-post","status-publish","format-standard","has-post-thumbnail","hentry","category-uncategorized"],"jetpack_featured_media_url":"https:\/\/i0.wp.com\/realitatearutiera.ro\/wp-content\/uploads\/2023\/05\/accident-ambulanta-poza-buna_b920cdfaf1.jpg?fit=1920%2C1080&ssl=1","jetpack_publicize_connections":[],"jetpack_sharing_enabled":true,"jetpack_shortlink":"https:\/\/wp.me\/p61naM-y3D","jetpack-related-posts":[],"_links":{"self":[{"href":"https:\/\/realitatearutiera.ro\/index.php?rest_route=\/wp\/v2\/posts\/130921","targetHints":{"allow":["GET"]}}],"collection":[{"href":"https:\/\/realitatearutiera.ro\/index.php?rest_route=\/wp\/v2\/posts"}],"about":[{"href":"https:\/\/realitatearutiera.ro\/index.php?rest_route=\/wp\/v2\/types\/post"}],"author":[{"embeddable":true,"href":"https:\/\/realitatearutiera.ro\/index.php?rest_route=\/wp\/v2\/users\/1"}],"replies":[{"embeddable":true,"href":"https:\/\/realitatearutiera.ro\/index.php?rest_route=%2Fwp%2Fv2%2Fcomments&post=130921"}],"version-history":[{"count":1,"href":"https:\/\/realitatearutiera.ro\/index.php?rest_route=\/wp\/v2\/posts\/130921\/revisions"}],"predecessor-version":[{"id":130922,"href":"https:\/\/realitatearutiera.ro\/index.php?rest_route=\/wp\/v2\/posts\/130921\/revisions\/130922"}],"wp:featuredmedia":[{"embeddable":true,"href":"https:\/\/realitatearutiera.ro\/index.php?rest_route=\/wp\/v2\/media\/99387"}],"wp:attachment":[{"href":"https:\/\/realitatearutiera.ro\/index.php?rest_route=%2Fwp%2Fv2%2Fmedia&parent=130921"}],"wp:term":[{"taxonomy":"category","embeddable":true,"href":"https:\/\/realitatearutiera.ro\/index.php?rest_route=%2Fwp%2Fv2%2Fcategories&post=130921"},{"taxonomy":"post_tag","embeddable":true,"href":"https:\/\/realitatearutiera.ro\/index.php?rest_route=%2Fwp%2Fv2%2Ftags&post=130921"}],"curies":[{"name":"wp","href":"https:\/\/api.w.org\/{rel}","templated":true}]}}