{"id":131058,"date":"2025-12-03T09:15:52","date_gmt":"2025-12-03T07:15:52","guid":{"rendered":"https:\/\/realitatearutiera.ro\/?p=131058"},"modified":"2025-12-03T09:15:54","modified_gmt":"2025-12-03T07:15:54","slug":"pericol-pe-sosea-un-panou-de-semnalizare-pus-pe-un-canal-in-mijlocul-drumului-in-podu-iloaiei","status":"publish","type":"post","link":"https:\/\/realitatearutiera.ro\/?p=131058","title":{"rendered":"Pericol pe \u0219osea: Un panou de semnalizare pus pe un canal \u00een mijlocul drumului, \u00een Podu Iloaiei"},"content":{"rendered":"\n<figure class=\"wp-block-image size-full is-resized\"><img loading=\"lazy\" decoding=\"async\" width=\"800\" height=\"600\" data-attachment-id=\"131059\" data-permalink=\"https:\/\/realitatearutiera.ro\/?attachment_id=131059\" data-orig-file=\"https:\/\/i0.wp.com\/realitatearutiera.ro\/wp-content\/uploads\/2025\/12\/image-12.png?fit=1024%2C768&amp;ssl=1\" data-orig-size=\"1024,768\" data-comments-opened=\"1\" data-image-meta=\"{&quot;aperture&quot;:&quot;0&quot;,&quot;credit&quot;:&quot;&quot;,&quot;camera&quot;:&quot;&quot;,&quot;caption&quot;:&quot;&quot;,&quot;created_timestamp&quot;:&quot;0&quot;,&quot;copyright&quot;:&quot;&quot;,&quot;focal_length&quot;:&quot;0&quot;,&quot;iso&quot;:&quot;0&quot;,&quot;shutter_speed&quot;:&quot;0&quot;,&quot;title&quot;:&quot;&quot;,&quot;orientation&quot;:&quot;0&quot;}\" data-image-title=\"image\" data-image-description=\"\" data-medium-file=\"https:\/\/i0.wp.com\/realitatearutiera.ro\/wp-content\/uploads\/2025\/12\/image-12.png?fit=300%2C225&amp;ssl=1\" data-large-file=\"https:\/\/i0.wp.com\/realitatearutiera.ro\/wp-content\/uploads\/2025\/12\/image-12.png?fit=800%2C600&amp;ssl=1\" src=\"https:\/\/i0.wp.com\/realitatearutiera.ro\/wp-content\/uploads\/2025\/12\/image-12.png?resize=800%2C600&#038;ssl=1\" alt=\"\" class=\"wp-image-131059\" style=\"width:606px;height:auto\" srcset=\"https:\/\/i0.wp.com\/realitatearutiera.ro\/wp-content\/uploads\/2025\/12\/image-12.png?w=1024&amp;ssl=1 1024w, https:\/\/i0.wp.com\/realitatearutiera.ro\/wp-content\/uploads\/2025\/12\/image-12.png?resize=300%2C225&amp;ssl=1 300w, https:\/\/i0.wp.com\/realitatearutiera.ro\/wp-content\/uploads\/2025\/12\/image-12.png?resize=768%2C576&amp;ssl=1 768w\" sizes=\"auto, (max-width: 800px) 100vw, 800px\" data-recalc-dims=\"1\" \/><\/figure>\n\n\n\n<p>Un panou de semnalizare amplasat pe mijlocul drumului, \u00een Podu Iloaiei, f\u0103r\u0103 nicio reflectorizare sau lumin\u0103, a devenit un risc major pentru \u0219oferi, pe \u00eentuneric. Nicu Ro\u0219u, un antreprenor din Ia\u0219i cunoscut pentru spiritul civic, a \u00eencercat s\u0103 determine autorit\u0103\u021bile s\u0103 ia m\u0103suri pentru a preveni un poten\u021bial pericol.<\/p>\n\n\n\n<p>\u201eC\u00e2t\u0103 indolen\u021b\u0103 poate exista? Chiar nu le pas\u0103 de vie\u021bi?\u201d, se \u00eentreab\u0103 antreprenorul dup\u0103 ce a semnalat situa\u021bia sun\u00e2nd la 112 \u0219i la Inspectoratul Jude\u021bean de Poli\u021bie Ia\u0219i, iar autorit\u0103\u021bile au \u00eentors spatele pericolului real.<\/p>\n\n\n\n<h2 class=\"wp-block-heading\"><strong>\u201ePe \u00eentuneric aproape c\u0103 nu se vedea\u201d<\/strong><\/h2>\n\n\n\n<p>C\u00e2t de determinat trebuie s\u0103 fie cineva \u00een Ia\u0219i pentru a semnala o situa\u021bie posibil periculoas\u0103?&nbsp;<a href=\"https:\/\/www.ziaruldeiasi.ro\/stiri\/experimentul-inedit-al-unui-om-de-afaceri-din-iasi-antreprenorul-nicu-rosu-a-umblat-imbracat-prin-oras-in-pancarte-ca-sa-sensibilizeze-lumea-sa-voteze--1755271.html\"><strong><em>\u00cen cazul lui Nicu Ro\u0219u, contactul cu autorit\u0103\u021bile s-a concretizat printr-un apel la 112<\/em><\/strong><\/a>, patru telefoane date la Inspectoratul Jude\u021bean de Poli\u021bie Ia\u0219i, dou\u0103 patrule de poli\u021bie anun\u021bate pe drum, interven\u021bii telefonice la Direc\u021bia Regional\u0103 de Drumuri \u0219i Poduri, la ApaVital, la primarul din ora\u0219ul Podu Iloaiei \u0219i la pre\u0219edintele Consiliului Jude\u021bean Ia\u0219i. Lipsa de reac\u021bie \u0219i nep\u0103sarea au fost primele r\u0103spunsuri la apelurile sale. Antreprenorul ie\u0219ean, cunoscut pentru implicarea sa \u00een problemele comunit\u0103\u021bii, a semnalat imediat situa\u021bia grav\u0103 care risca s\u0103 coste vie\u021bi omene\u0219ti.<\/p>\n\n\n\n<figure class=\"wp-block-image is-resized\"><img decoding=\"async\" src=\"https:\/\/i0.wp.com\/media.ziaruldeiasi.ro\/2025\/12\/WhatsApp-Image-2025-12-02-at-17.50.58.jpeg?w=800&#038;ssl=1\" alt=\"\" class=\"wp-image-1817306\" style=\"aspect-ratio:0.8810871018044107;width:211px;height:auto\" data-recalc-dims=\"1\"\/><\/figure>\n\n\n\n<p><em>Nicu Ro\u0219u<\/em><\/p>\n\n\n\n<p>\u201eAlalt\u0103ieri, c\u00e2nd m\u0103 \u00eendreptam spre Micl\u0103u\u0219eni, am observat un panou de semnalizare pus pe un canal \u00een mijlocul drumului, \u00een Podu Iloaiei, pe banda a doua \u2013 pe \u00eentuneric aproape c\u0103 nu se vedea\u201d, poveste\u0219te el.<\/p>\n\n\n\n<figure class=\"wp-block-image\"><img decoding=\"async\" src=\"https:\/\/i2.wp.com\/media.ziaruldeiasi.ro\/2025\/12\/WhatsApp-Image-2025-12-02-at-17.51.00.jpeg?w=800&#038;ssl=1\" alt=\"\" class=\"wp-image-1817307\" data-recalc-dims=\"1\"\/><\/figure>\n\n\n\n<p>Panoul respectiv, f\u0103r\u0103 niciun element reflectorizant sau lumin\u0103 avertizoare, devine un pericol imens pe timp de noapte sau \u00een condi\u021bii de cea\u021b\u0103.<\/p>\n\n\n\n<p>\u201eAm sunat la 112 \u0219i mi s-a f\u0103cut leg\u0103tura cu IPJ Ia\u0219i. Mi-au zis c\u0103 vor trimite pe cineva s\u0103 verifice situa\u021bia. C\u00e2nd m-am \u00eentors a doua zi, nu era nicio schimbare,\u201d spune Ro\u0219u, revoltat de atitudinea autorit\u0103\u021bilor.<\/p>\n\n\n\n<p>\u201eA doua zi, la \u00eentoarcerea acas\u0103, am v\u0103zut o ma\u0219in\u0103 de poli\u021bie \u00een Podu Iloaiei. M-am apropiat de echipaj, le-am spus c\u0103 e un pericol pe drum, dar poli\u021bi\u0219tii s-au urcat \u00een ma\u0219in\u0103 \u0219i au plecat pe o strad\u0103 paralel\u0103. Mai t\u00e2rziu, \u00een Le\u021bcani, am v\u0103zut dou\u0103 BMW-uri de poli\u021bie. Le-am spus \u0219i lor, dar mi-au r\u0103spuns pur \u0219i simplu c\u0103 nu este treaba lor\u201d, detaliaz\u0103 antreprenorul.<\/p>\n\n\n\n<p>Nicu Ro\u0219u a continuat s\u0103 insiste, sun\u00e2nd din nou la IPJ.<\/p>\n\n\n\n<p>\u201eMi s-a r\u0103spuns din nou cu o plictiseal\u0103 total\u0103 c\u0103 vor trimite pe cineva. Degeaba explicam c\u0103 pe \u00eentuneric, sau dac\u0103 e cea\u021b\u0103, panoul avertizor devine un pericol foarte mare pentru \u0219oferi. Pentru c\u0103 nici nu e reflectorizant, nici nu e prev\u0103zut cu o lumin\u0103 avertizoare\u201d, mai arat\u0103 el.<\/p>\n\n\n\n<h2 class=\"wp-block-heading\"><strong>\u201eTo\u021bi d\u0103deau vina unii pe al\u021bii\u201d<\/strong><\/h2>\n\n\n\n<p>\u00cencerc\u0103rile sale de a preveni pe cont propriu pierderea de vie\u021bi omene\u0219ti, Nicu Ro\u0219u a b\u0103tut \u0219i la alte u\u0219i de institu\u021bii care, \u00een mod logic, ar fi trebuit s\u0103 fie interesate de rezolvarea situa\u021biei.<\/p>\n\n\n\n<p>\u201eIeri m-am dus personal la IPJ, apoi am sunat la DRDP Ia\u0219i. Cei de la Direc\u021bia Regional\u0103 de Drumuri \u0219i Poduri au \u00eenceput s\u0103 caute prin magazie un semn reflectorizant \u0219i nu g\u0103seau niciunul. Am sunat \u0219i la ApaVital, av\u00e2nd \u00een vedere c\u0103 era un canal cel pe care era amplasat st\u00e2lpul acela de semnalizare. To\u021bi d\u0103deau vina unii pe al\u021bii. Am sunat \u0219i la Primarul din Podu Iloaiei, \u0219i la pre\u0219edintele Consiliului Jude\u021bean\u201d, a mai povestit antreprenorul.<\/p>\n\n\n\n<p>\u00cen aceast\u0103 b\u0103t\u0103lie \u201ecorp la corp\u201d \u00eentre cet\u0103\u021bean \u0219i autorit\u0103\u021bi, Nicu Ro\u0219u a urcat iar \u00een ma\u0219in\u0103 \u0219i a mers din nou \u00een Podu Iloaiei, s\u0103 vad\u0103 dac\u0103 vreuna dintre institu\u021biile contactate s-a sinchisit s\u0103 remedieze problema semnalat\u0103. \u00cen strad\u0103 nu se schimbase nimic a\u0219a c\u0103 antreprenorul a postat pe pagina sa de facebook un mesaj disperat.<\/p>\n\n\n\n<p>\u201eEu sunt aici \u0219i nu \u0219tiu unde s\u0103 mai sun ca s\u0103 vin\u0103 cineva, de la o institu\u021bie din statul \u0103sta bolnav, ca s\u0103 pun\u0103 o nenorocit\u0103 de lamp\u0103, ca s\u0103 pre\u00eent\u00e2mpin\u0103m un accident. Chiar c\u00e2nd scriu aceste chestii era s\u0103 se \u00eent\u00e2mple un accident&#x203c;&#xfe0f;, o ma\u0219in\u0103 a fr\u00e2nat violent \u0219i a tras dreapta\u201d, arat\u0103 Ro\u0219u.<\/p>\n\n\n\n<figure class=\"wp-block-image\"><img decoding=\"async\" src=\"https:\/\/i0.wp.com\/media.ziaruldeiasi.ro\/2025\/12\/WhatsApp-Image-2025-12-02-at-17.50.59.jpeg?w=800&#038;ssl=1\" alt=\"\" class=\"wp-image-1817308\" data-recalc-dims=\"1\"\/><\/figure>\n\n\n\n<h2 class=\"wp-block-heading\"><strong>\u201eC\u00e2t\u0103 indolen\u021b\u0103 poate exista?\u201d<\/strong><\/h2>\n\n\n\n<p>\u00centr-un t\u00e2rziu, \u201edup\u0103 ce am sunat a patra oar\u0103 la IPJ, au venit niste poli\u021bi\u0219ti, care au g\u0103sit pe undeva un alt semn reflectorizant \u0219i c\u0103utau o c\u00e2rp\u0103 \u0219i ap\u0103 s\u0103-l \u0219tearg\u0103. \u0218i chiar \u00een timp ce eram acolo cu poli\u021bi\u0219tii, o autospecial\u0103 de salvare era s\u0103 intre \u00een acel panou, aceasta circul\u00e2nd pe contrasens, dat fiind binecunoscutul blocaj din Podu Iloaiei. \u0218oferul a fost nevoit s\u0103 fr\u00e2neze tare, iar pacientul din ambulan\u021b\u0103 a fost zguduit\u201d, \u0219i-a&nbsp;<a href=\"https:\/\/www.ziaruldeiasi.ro\/stiri\/o-anomalie-sesizata-de-omul-de-afaceri-si-activistul-civic-iesean-nicu-rosu-cum-fura-bani-primaria-de-la-fiecare-sofer-care-parcheaza--1672897.html\"><strong><em>continuat povestirea Nicu Ro\u0219u<\/em><\/strong><\/a>.<\/p>\n\n\n\n<p>Problema nu e nou\u0103 \u0219i nici izolat\u0103, spune el.<\/p>\n\n\n\n<p>\u201e\u0218i \u00een municipiul Ia\u0219i exist\u0103 de ani de zile aceea\u0219i situa\u021bie cu lipsa semnaliz\u0103rii corecte, luminoase pe timp de noapte, pentru care am atras aten\u021bia autorit\u0103\u021bilor de nenum\u0103rate ori\u201d, arat\u0103 b\u0103rbatul.<\/p>\n\n\n\n<p>Ultima confruntare a sa cu autorit\u0103\u021bile pare s\u0103 fi pus capac r\u0103bd\u0103rii antreprenorului ie\u0219ean cu spirit civic. \u201eC\u00e2t\u0103 indolen\u021b\u0103 poate exista? Chiar nu le pas\u0103 de ceea ce \u00eenseamn\u0103 via\u021b\u0103?\u201d, este \u00eentrebarea pe care o pune Nicu Ro\u0219u \u0219i care ar trebui s\u0103 r\u0103sune \u00een urechile tuturor celor responsabili.<\/p>\n\n\n\n<p>Sursa\/foto:ziaruldeiasi<\/p>\n\n\n\n<p><\/p>\n","protected":false},"excerpt":{"rendered":"<p>Un panou de semnalizare amplasat pe mijlocul drumului, \u00een Podu Iloaiei, f\u0103r\u0103 nicio reflectorizare sau lumin\u0103, a devenit un risc<\/p>\n","protected":false},"author":1,"featured_media":131059,"comment_status":"open","ping_status":"closed","sticky":false,"template":"","format":"standard","meta":{"spay_email":"","footnotes":"","jetpack_publicize_message":""},"categories":[6],"tags":[],"class_list":["post-131058","post","type-post","status-publish","format-standard","has-post-thumbnail","hentry","category-social"],"jetpack_featured_media_url":"https:\/\/i0.wp.com\/realitatearutiera.ro\/wp-content\/uploads\/2025\/12\/image-12.png?fit=1024%2C768&ssl=1","jetpack_publicize_connections":[],"jetpack_sharing_enabled":true,"jetpack_shortlink":"https:\/\/wp.me\/p61naM-y5Q","jetpack-related-posts":[],"_links":{"self":[{"href":"https:\/\/realitatearutiera.ro\/index.php?rest_route=\/wp\/v2\/posts\/131058","targetHints":{"allow":["GET"]}}],"collection":[{"href":"https:\/\/realitatearutiera.ro\/index.php?rest_route=\/wp\/v2\/posts"}],"about":[{"href":"https:\/\/realitatearutiera.ro\/index.php?rest_route=\/wp\/v2\/types\/post"}],"author":[{"embeddable":true,"href":"https:\/\/realitatearutiera.ro\/index.php?rest_route=\/wp\/v2\/users\/1"}],"replies":[{"embeddable":true,"href":"https:\/\/realitatearutiera.ro\/index.php?rest_route=%2Fwp%2Fv2%2Fcomments&post=131058"}],"version-history":[{"count":1,"href":"https:\/\/realitatearutiera.ro\/index.php?rest_route=\/wp\/v2\/posts\/131058\/revisions"}],"predecessor-version":[{"id":131060,"href":"https:\/\/realitatearutiera.ro\/index.php?rest_route=\/wp\/v2\/posts\/131058\/revisions\/131060"}],"wp:featuredmedia":[{"embeddable":true,"href":"https:\/\/realitatearutiera.ro\/index.php?rest_route=\/wp\/v2\/media\/131059"}],"wp:attachment":[{"href":"https:\/\/realitatearutiera.ro\/index.php?rest_route=%2Fwp%2Fv2%2Fmedia&parent=131058"}],"wp:term":[{"taxonomy":"category","embeddable":true,"href":"https:\/\/realitatearutiera.ro\/index.php?rest_route=%2Fwp%2Fv2%2Fcategories&post=131058"},{"taxonomy":"post_tag","embeddable":true,"href":"https:\/\/realitatearutiera.ro\/index.php?rest_route=%2Fwp%2Fv2%2Ftags&post=131058"}],"curies":[{"name":"wp","href":"https:\/\/api.w.org\/{rel}","templated":true}]}}