{"id":131349,"date":"2025-12-10T08:37:40","date_gmt":"2025-12-10T06:37:40","guid":{"rendered":"https:\/\/realitatearutiera.ro\/?p=131349"},"modified":"2025-12-10T08:37:58","modified_gmt":"2025-12-10T06:37:58","slug":"informatii-din-trafic-385","status":"publish","type":"post","link":"https:\/\/realitatearutiera.ro\/?p=131349","title":{"rendered":"Informa\u021bii din trafic"},"content":{"rendered":"\n<p><strong>Ora:&nbsp;<\/strong>06:45<\/p>\n\n\n\n<p><strong>Centrul INFOTRAFIC din Inspectoratul General al Poli\u021biei Rom\u00e2ne&nbsp;<\/strong>informeaz\u0103 c\u0103 la aceast\u0103 or\u0103 (06.45), cea\u021ba reduce vizibilitatea \u00een trafic la sub 200 metri \u0219i izolat, sub 50 metri, pe autostr\u0103zile A0 Centura Capitalei, A2 Cernavod\u0103-Constan\u021ba, A3 Bucure\u0219ti-Bra\u0219ov, dar \u0219i pe mai multe artere rutiere din jude\u021bele Bac\u0103u, Boto\u0219ani, Dolj, Gala\u021bi Olt, Mehedin\u021bi, Maramure\u0219, Teleorman, Vrancea \u0219i Vaslui.<\/p>\n\n\n\n<p>Nu sunt semnalate accidente care s\u0103 determine restric\u021bii de circula\u021bie pe autostr\u0103zi sau pe drumurile na\u021bionale.<\/p>\n\n\n\n<p>\u00cen perioada 9 &#8211; 12 decembrie a.c., \u00een intervalul orar 08:00 \u2013 17:00, se vor desf\u0103\u0219ura lucr\u0103ri de repara\u021bie a p\u0103r\u021bii carosabile pe DN 7 Pite\u0219ti \u2013 R\u00e2mnicu V\u00e2lcea, pe raza localit\u0103\u021bilor Bascov \u0219i Dr\u0103ganu, jude\u021bul Arge\u0219, traficul rutier urm\u00e2nd s\u0103 se desf\u0103\u0219oare alternativ, \u00een ambele sensuri, pe o singur\u0103 band\u0103, dirijat prin pilo\u021bi de circula\u021bie.<\/p>\n\n\n\n<p>Sf\u0103tuim conduc\u0103torii auto s\u0103 reduc\u0103 viteza \u0219i s\u0103 m\u0103reasc\u0103 distan\u021ba de siguran\u021b\u0103 \u00eentre autovehicule, s\u0103 foloseasc\u0103 \u00een mod corespunz\u0103tor sistemele de iluminare, s\u0103 evite fr\u00e2n\u0103rile bru\u0219te \u0219i manevrele riscante!<\/p>\n\n\n\n<p>Pietonilor le recomand\u0103m s\u0103 evite folosirea p\u0103r\u021bii carosabile pe timpul nop\u021bii, \u00een condi\u021bii de vizibilitate redus\u0103!<\/p>\n","protected":false},"excerpt":{"rendered":"<p>Ora:&nbsp;06:45 Centrul INFOTRAFIC din Inspectoratul General al Poli\u021biei Rom\u00e2ne&nbsp;informeaz\u0103 c\u0103 la aceast\u0103 or\u0103 (06.45), cea\u021ba reduce vizibilitatea \u00een trafic la<\/p>\n","protected":false},"author":1,"featured_media":101639,"comment_status":"open","ping_status":"closed","sticky":false,"template":"","format":"standard","meta":{"spay_email":"","footnotes":"","jetpack_publicize_message":""},"categories":[54],"tags":[],"class_list":["post-131349","post","type-post","status-publish","format-standard","has-post-thumbnail","hentry","category-informatii-rutiere"],"jetpack_featured_media_url":"https:\/\/i0.wp.com\/realitatearutiera.ro\/wp-content\/uploads\/2023\/08\/infotrafic-e1535778443522.jpg?fit=332%2C231&ssl=1","jetpack_publicize_connections":[],"jetpack_sharing_enabled":true,"jetpack_shortlink":"https:\/\/wp.me\/p61naM-yax","jetpack-related-posts":[],"_links":{"self":[{"href":"https:\/\/realitatearutiera.ro\/index.php?rest_route=\/wp\/v2\/posts\/131349","targetHints":{"allow":["GET"]}}],"collection":[{"href":"https:\/\/realitatearutiera.ro\/index.php?rest_route=\/wp\/v2\/posts"}],"about":[{"href":"https:\/\/realitatearutiera.ro\/index.php?rest_route=\/wp\/v2\/types\/post"}],"author":[{"embeddable":true,"href":"https:\/\/realitatearutiera.ro\/index.php?rest_route=\/wp\/v2\/users\/1"}],"replies":[{"embeddable":true,"href":"https:\/\/realitatearutiera.ro\/index.php?rest_route=%2Fwp%2Fv2%2Fcomments&post=131349"}],"version-history":[{"count":1,"href":"https:\/\/realitatearutiera.ro\/index.php?rest_route=\/wp\/v2\/posts\/131349\/revisions"}],"predecessor-version":[{"id":131350,"href":"https:\/\/realitatearutiera.ro\/index.php?rest_route=\/wp\/v2\/posts\/131349\/revisions\/131350"}],"wp:featuredmedia":[{"embeddable":true,"href":"https:\/\/realitatearutiera.ro\/index.php?rest_route=\/wp\/v2\/media\/101639"}],"wp:attachment":[{"href":"https:\/\/realitatearutiera.ro\/index.php?rest_route=%2Fwp%2Fv2%2Fmedia&parent=131349"}],"wp:term":[{"taxonomy":"category","embeddable":true,"href":"https:\/\/realitatearutiera.ro\/index.php?rest_route=%2Fwp%2Fv2%2Fcategories&post=131349"},{"taxonomy":"post_tag","embeddable":true,"href":"https:\/\/realitatearutiera.ro\/index.php?rest_route=%2Fwp%2Fv2%2Ftags&post=131349"}],"curies":[{"name":"wp","href":"https:\/\/api.w.org\/{rel}","templated":true}]}}