{"id":131796,"date":"2025-12-30T09:04:18","date_gmt":"2025-12-30T07:04:18","guid":{"rendered":"https:\/\/realitatearutiera.ro\/?p=131796"},"modified":"2025-12-30T09:04:22","modified_gmt":"2025-12-30T07:04:22","slug":"avertisment-important-pentru-toti-turistii-care-merg-la-munte","status":"publish","type":"post","link":"https:\/\/realitatearutiera.ro\/?p=131796","title":{"rendered":"Avertisment important pentru to\u021bi turi\u0219tii care merg la munte"},"content":{"rendered":"\n<p>Salvamonti\u0219tii au emis un avertisment important pentru to\u021bi turi\u0219tii care \u00ee\u0219i vor petrece Revelionul la munte. Ace\u0219tia vor trebui s\u0103 sporeasc\u0103 aten\u021bia. Iat\u0103 care este motivul!<\/p>\n\n\n\n<p><a href=\"https:\/\/spynews.ro\/galerie\/mergi-la-munte-de-revelion-avertisment-important-pentru-toti-turistii-id361404-play0.html\"><\/a><\/p>\n\n\n\n<figure class=\"wp-block-image is-resized\"><a class=\"article-image-container\" href=\"https:\/\/spynews.ro\/galerie\/mergi-la-munte-de-revelion-avertisment-important-pentru-toti-turistii-id361404-play0.html\"><img decoding=\"async\" src=\"https:\/\/img.spynews.ro\/?u=https%3A%2F%2Fspynews.ro%2Fuploads%2Fmodules%2Fnews%2F0%2F2025%2F12%2F29%2F361404%2Fmunte.jpeg&amp;w=1200\" alt=\"Oameni care urc\u0103 pe munte\" style=\"width:475px;height:auto\"\/><\/a><\/figure>\n\n\n\n<p>Ce ar trebui s\u0103 iei \u00een considerare, \u00een cazul \u00een care mergi la munte de Revelion.<\/p>\n\n\n\n<p>Facebook<\/p>\n\n\n\n<ul class=\"wp-block-list\">\n<li>Avertisment pentru cei care \u00ee\u0219i petrec Revelionul la munte<\/li>\n\n\n\n<li>La ce s\u0103 fie foarte aten\u021bi<\/li>\n<\/ul>\n\n\n\n<p>Turi\u0219tii care merg la munte \u00een aceast\u0103 perioad\u0103 primesc un avertisment ferm din parte salvamonti\u0219tilor, din cauza v\u00e2ntului puternic din ultima perioad\u0103, care a afectat stabilitatea unor copaci. Astfel, cei care fac&nbsp;<a href=\"https:\/\/spynews.ro\/actualitate\/cum-te-pregatesti-pentru-un-traseu-montan-in-timpul-iernii-salvamontistii-trag-un-semnaldealarma-344510.html\" target=\"_blank\" rel=\"noreferrer noopener\">trasee montane<\/a>, vor trebui s\u0103 sporeasc\u0103 aten\u021bia.<\/p>\n\n\n\n<h2 class=\"wp-block-heading\">Avertisment pentru turi\u0219tii care merg la munte de Revelion<\/h2>\n\n\n\n<p>Cei care merg la&nbsp;<a href=\"https:\/\/spynews.ro\/actualitate\/stiri-interne\/locul-din-romania-unde-stratul-de-zapada-a-ajuns-la-5-cm-in-cateva-ore-turistii-care-merg-la-munte-sunt-sfatuiti-sa-isi-echipeze-masinile-corespunzator-359577.html\" target=\"_blank\" rel=\"noreferrer noopener\">munte<\/a>&nbsp;sunt sf\u0103tui\u021bi de c\u0103tre salvamonti\u0219tii bra\u0219oveni s\u0103 urm\u0103reasc\u0103 prognoza meteo \u0219i s\u0103 nu se opreasc\u0103 l\u00e2ng\u0103 arbori, \u00een cazul \u00een care aleg s\u0103 urce pe munte.<\/p>\n\n\n\n<p>Copacii afecta\u021bi de v\u00e2ntul puternic pot genera accidente grave, \u00eentruc\u00e2t au trunchiurile fisurate sau r\u0103d\u0103cinile sl\u0103bite. Astfel, reprezentan\u021bii Serviciului Jude\u021bean Salvamont Bra\u0219ov au f\u0103cut un apel public \u00een acest sens.<\/p>\n\n\n\n<blockquote class=\"wp-block-quote is-layout-flow wp-block-quote-is-layout-flow\">\n<p>\u201eCondi\u0163iile meteo recente au afectat stabilitatea multor arbori, care pot reprezenta un pericol real, mai ales pe trasee, \u00een zonele \u00eemp\u0103durite \u015fi \u00een apropierea potecilor turistice. V\u00e2ntul puternic a dus la apari\u0163ia unor copaci instabili, cu r\u0103d\u0103cini sl\u0103bite sau trunchiuri fisurate, iar aceste situa\u0163ii pot genera accidente grave chiar \u015fi atunci c\u00e2nd vremea pare favorabil\u0103\u201d, informeaz\u0103 oficialii Serviciului Jude\u0163ean Salvamont Bra\u015fov.<\/p>\n<\/blockquote>\n\n\n\n<h2 class=\"wp-block-heading\">Echipament adecvat, obligatoriu pentru cei care vor s\u0103 urce pe munte<\/h2>\n\n\n\n<p>\u00cen diminea\u021ba zilei de luni au fost emise Cod portocaliu \u0219i Cod galben de v\u00e2nt puternic pentru mai multe zone din \u021bar\u0103. Rafalele vor atinge 120 km\\h.<\/p>\n\n\n\n<p>Totodat\u0103, salvamonti\u0219tii recomanda turi\u0219tilor s\u0103 poarte echipament adecvat, o baterie de rezerv\u0103 pentru telefon, \u00eenc\u0103l\u021b\u0103minte potrivit\u0103 \u0219i o surs\u0103 de lumin\u0103.<\/p>\n\n\n\n<p>De asemenea, acestora le mai este indicat s\u0103 respecte indica\u021biile transmise de autorit\u0103\u021bi, \u00eenainte de&nbsp;<a href=\"https:\/\/spynews.ro\/actualitate\/stiri-interne\/ce-i-sa-intamplat-unui-roman-cand-a-vrut-sa-mearga-la-munte-navem-nici-semnal-sa-dam-de-prietenii-nostri-361378.html\" target=\"_blank\" rel=\"noreferrer noopener\">a urca pe munte<\/a>, pentru prevenirea unei posibile nenorociri.<\/p>\n\n\n\n<p>Sursa\/foto:spynews<\/p>\n\n\n\n<p><\/p>\n","protected":false},"excerpt":{"rendered":"<p>Salvamonti\u0219tii au emis un avertisment important pentru to\u021bi turi\u0219tii care \u00ee\u0219i vor petrece Revelionul la munte. Ace\u0219tia vor trebui s\u0103<\/p>\n","protected":false},"author":1,"featured_media":131797,"comment_status":"open","ping_status":"closed","sticky":false,"template":"","format":"standard","meta":{"spay_email":"","footnotes":"","jetpack_publicize_message":""},"categories":[53],"tags":[],"class_list":["post-131796","post","type-post","status-publish","format-standard","has-post-thumbnail","hentry","category-periplu-prin-romania"],"jetpack_featured_media_url":"https:\/\/i0.wp.com\/realitatearutiera.ro\/wp-content\/uploads\/2025\/12\/img-3.jpg?fit=1200%2C675&ssl=1","jetpack_publicize_connections":[],"jetpack_sharing_enabled":true,"jetpack_shortlink":"https:\/\/wp.me\/p61naM-yhK","jetpack-related-posts":[],"_links":{"self":[{"href":"https:\/\/realitatearutiera.ro\/index.php?rest_route=\/wp\/v2\/posts\/131796","targetHints":{"allow":["GET"]}}],"collection":[{"href":"https:\/\/realitatearutiera.ro\/index.php?rest_route=\/wp\/v2\/posts"}],"about":[{"href":"https:\/\/realitatearutiera.ro\/index.php?rest_route=\/wp\/v2\/types\/post"}],"author":[{"embeddable":true,"href":"https:\/\/realitatearutiera.ro\/index.php?rest_route=\/wp\/v2\/users\/1"}],"replies":[{"embeddable":true,"href":"https:\/\/realitatearutiera.ro\/index.php?rest_route=%2Fwp%2Fv2%2Fcomments&post=131796"}],"version-history":[{"count":1,"href":"https:\/\/realitatearutiera.ro\/index.php?rest_route=\/wp\/v2\/posts\/131796\/revisions"}],"predecessor-version":[{"id":131798,"href":"https:\/\/realitatearutiera.ro\/index.php?rest_route=\/wp\/v2\/posts\/131796\/revisions\/131798"}],"wp:featuredmedia":[{"embeddable":true,"href":"https:\/\/realitatearutiera.ro\/index.php?rest_route=\/wp\/v2\/media\/131797"}],"wp:attachment":[{"href":"https:\/\/realitatearutiera.ro\/index.php?rest_route=%2Fwp%2Fv2%2Fmedia&parent=131796"}],"wp:term":[{"taxonomy":"category","embeddable":true,"href":"https:\/\/realitatearutiera.ro\/index.php?rest_route=%2Fwp%2Fv2%2Fcategories&post=131796"},{"taxonomy":"post_tag","embeddable":true,"href":"https:\/\/realitatearutiera.ro\/index.php?rest_route=%2Fwp%2Fv2%2Ftags&post=131796"}],"curies":[{"name":"wp","href":"https:\/\/api.w.org\/{rel}","templated":true}]}}