{"id":131847,"date":"2025-12-30T10:34:18","date_gmt":"2025-12-30T08:34:18","guid":{"rendered":"https:\/\/realitatearutiera.ro\/?p=131847"},"modified":"2025-12-30T10:34:35","modified_gmt":"2025-12-30T08:34:35","slug":"iasi-programul-de-transport-public-de-revelion-si-inceput-an","status":"publish","type":"post","link":"https:\/\/realitatearutiera.ro\/?p=131847","title":{"rendered":"Ia\u0219i: Programul de transport public de Revelion \u0219i \u00eenceput an"},"content":{"rendered":"\n<figure class=\"wp-block-image size-full\"><img loading=\"lazy\" decoding=\"async\" width=\"300\" height=\"168\" data-attachment-id=\"131848\" data-permalink=\"https:\/\/realitatearutiera.ro\/?attachment_id=131848\" data-orig-file=\"https:\/\/i1.wp.com\/realitatearutiera.ro\/wp-content\/uploads\/2025\/12\/image-171.png?fit=300%2C168&amp;ssl=1\" data-orig-size=\"300,168\" data-comments-opened=\"1\" data-image-meta=\"{&quot;aperture&quot;:&quot;0&quot;,&quot;credit&quot;:&quot;&quot;,&quot;camera&quot;:&quot;&quot;,&quot;caption&quot;:&quot;&quot;,&quot;created_timestamp&quot;:&quot;0&quot;,&quot;copyright&quot;:&quot;&quot;,&quot;focal_length&quot;:&quot;0&quot;,&quot;iso&quot;:&quot;0&quot;,&quot;shutter_speed&quot;:&quot;0&quot;,&quot;title&quot;:&quot;&quot;,&quot;orientation&quot;:&quot;0&quot;}\" data-image-title=\"image\" data-image-description=\"\" data-medium-file=\"https:\/\/i1.wp.com\/realitatearutiera.ro\/wp-content\/uploads\/2025\/12\/image-171.png?fit=300%2C168&amp;ssl=1\" data-large-file=\"https:\/\/i1.wp.com\/realitatearutiera.ro\/wp-content\/uploads\/2025\/12\/image-171.png?fit=300%2C168&amp;ssl=1\" src=\"https:\/\/i1.wp.com\/realitatearutiera.ro\/wp-content\/uploads\/2025\/12\/image-171.png?resize=300%2C168&#038;ssl=1\" alt=\"\" class=\"wp-image-131848\" data-recalc-dims=\"1\"\/><\/figure>\n\n\n\n<p>Pentru buna desf\u0103\u0219urare a evenimentului \u201eRevelion 2025\u201d, Compania de Transport Public Ia\u0219i v\u0103 informeaz\u0103 despre urm\u0103toarele modific\u0103ri \u00een circula\u021bia mijloacelor de transport:<\/p>\n\n\n\n<p>31 decembrie 2024<\/p>\n\n\n\n<p>&#8211; Circula\u021bia \u00een zona Pia\u021ba Palatului va fi \u00eenchis\u0103 \u00eencep\u00e2nd cu ora 18:00.<\/p>\n\n\n\n<p>&#8211; Circula\u021bia pe str. Anastasie Panu (tronsonul dintre Str. Sf. Laz\u0103r \u0219i Str. Palat) va fi restric\u021bionat\u0103.<\/p>\n\n\n\n<p>Modific\u0103ri ale traseelor:<\/p>\n\n\n\n<p>&#8211; Traseul 9: Tramvaiele vor fi \u00eenlocuite cu autobuze, care vor circula pe itinerarul:<\/p>\n\n\n\n<p>&#8211; Tehnopolis \u2013 Podu Ro\u0219 \u2013 Str. Palat \u2013 Str. A. Panu \u2013 T\u00e2rgu Cucu \u2013 Copou.<\/p>\n\n\n\n<p>&#8211; Traseul 8: Suspendat pe durata evenimentului.<\/p>\n\n\n\n<p>&#8211; Tramvaiele de pe traseele 1, 7 \u0219i 13 vor circula prin Tudor Vladimirescu.<\/p>\n\n\n\n<p>\u00cencep\u00e2nd cu ora 20:00, autobuzele de pe traseele 9, 28 \u0219i 41 vor circula pe Str. Sf. Laz\u0103r.<\/p>\n\n\n\n<p>Orarul curselor:<\/p>\n\n\n\n<p>&#8211; Ultimele curse pe zona urban\u0103: p\u00e2n\u0103 la ora 21:00.<\/p>\n\n\n\n<p>&#8211; Ultimele curse pe zona metropolitan\u0103: plec\u0103ri din ora\u0219 c\u0103tre zonele metropolitane \u00een jurul orei 20:00, conform orarului fiec\u0103rui traseu.<\/p>\n\n\n\n<p>Dup\u0103 miezul nop\u021bii:<\/p>\n\n\n\n<p>Dup\u0103 terminarea manifest\u0103rilor de Revelion, vor fi asigurate autobuze de noapte (c\u00e2te 2 pe traseu) din Pia\u021ba Palatului c\u0103tre:<\/p>\n\n\n\n<p>&#8211; CUG \u2013 Tehnopolis<\/p>\n\n\n\n<p>&#8211; Rond Copou<\/p>\n\n\n\n<p>&#8211; T\u0103t\u0103ra\u0219i Sud \u2013 Dancu<\/p>\n\n\n\n<p>&#8211; Rond Dacia<\/p>\n\n\n\n<p>&#8211; Rond P\u0103curari<\/p>\n\n\n\n<p>Program special de s\u0103rb\u0103tori, at\u00e2t pentru zona urban\u0103, c\u00e2t \u0219i pentru cea metropolitan\u0103:<\/p>\n\n\n\n<p>Pe data de 1 ianuarie 2025, circula\u021bia tuturor mijloacelor de transport se reia \u00eencep\u00e2nd cu ora 12:30.<\/p>\n\n\n\n<p>\u00centre 2 \u0219i 7 ianuarie 2025, circul\u0103m dup\u0103 orarul de vacan\u021b\u0103.<\/p>\n\n\n\n<p>V\u0103 mul\u021bumim pentru \u00een\u021belegere \u0219i v\u0103 dorim o sear\u0103 de Revelion memorabil\u0103 \u0219i un an nou cu bucurie!<\/p>\n\n\n\n<p>Sursa:<a href=\"https:\/\/www.sctpiasi.ro\/stiri\/programul-de-transport-public-de-revelion-si-inceput-an.html\">.sctpiasi<\/a> Foto:facebook<\/p>\n\n\n\n<p><\/p>\n","protected":false},"excerpt":{"rendered":"<p>Pentru buna desf\u0103\u0219urare a evenimentului \u201eRevelion 2025\u201d, Compania de Transport Public Ia\u0219i v\u0103 informeaz\u0103 despre urm\u0103toarele modific\u0103ri \u00een circula\u021bia mijloacelor<\/p>\n","protected":false},"author":1,"featured_media":131848,"comment_status":"open","ping_status":"closed","sticky":false,"template":"","format":"standard","meta":{"spay_email":"","footnotes":"","jetpack_publicize_message":""},"categories":[6],"tags":[],"class_list":["post-131847","post","type-post","status-publish","format-standard","has-post-thumbnail","hentry","category-social"],"jetpack_featured_media_url":"https:\/\/i1.wp.com\/realitatearutiera.ro\/wp-content\/uploads\/2025\/12\/image-171.png?fit=300%2C168&ssl=1","jetpack_publicize_connections":[],"jetpack_sharing_enabled":true,"jetpack_shortlink":"https:\/\/wp.me\/p61naM-yiz","jetpack-related-posts":[],"_links":{"self":[{"href":"https:\/\/realitatearutiera.ro\/index.php?rest_route=\/wp\/v2\/posts\/131847","targetHints":{"allow":["GET"]}}],"collection":[{"href":"https:\/\/realitatearutiera.ro\/index.php?rest_route=\/wp\/v2\/posts"}],"about":[{"href":"https:\/\/realitatearutiera.ro\/index.php?rest_route=\/wp\/v2\/types\/post"}],"author":[{"embeddable":true,"href":"https:\/\/realitatearutiera.ro\/index.php?rest_route=\/wp\/v2\/users\/1"}],"replies":[{"embeddable":true,"href":"https:\/\/realitatearutiera.ro\/index.php?rest_route=%2Fwp%2Fv2%2Fcomments&post=131847"}],"version-history":[{"count":1,"href":"https:\/\/realitatearutiera.ro\/index.php?rest_route=\/wp\/v2\/posts\/131847\/revisions"}],"predecessor-version":[{"id":131849,"href":"https:\/\/realitatearutiera.ro\/index.php?rest_route=\/wp\/v2\/posts\/131847\/revisions\/131849"}],"wp:featuredmedia":[{"embeddable":true,"href":"https:\/\/realitatearutiera.ro\/index.php?rest_route=\/wp\/v2\/media\/131848"}],"wp:attachment":[{"href":"https:\/\/realitatearutiera.ro\/index.php?rest_route=%2Fwp%2Fv2%2Fmedia&parent=131847"}],"wp:term":[{"taxonomy":"category","embeddable":true,"href":"https:\/\/realitatearutiera.ro\/index.php?rest_route=%2Fwp%2Fv2%2Fcategories&post=131847"},{"taxonomy":"post_tag","embeddable":true,"href":"https:\/\/realitatearutiera.ro\/index.php?rest_route=%2Fwp%2Fv2%2Ftags&post=131847"}],"curies":[{"name":"wp","href":"https:\/\/api.w.org\/{rel}","templated":true}]}}