{"id":132127,"date":"2026-01-15T08:28:55","date_gmt":"2026-01-15T06:28:55","guid":{"rendered":"https:\/\/realitatearutiera.ro\/?p=132127"},"modified":"2026-01-15T08:28:58","modified_gmt":"2026-01-15T06:28:58","slug":"vremea-337","status":"publish","type":"post","link":"https:\/\/realitatearutiera.ro\/?p=132127","title":{"rendered":"Vremea"},"content":{"rendered":"\n<p>Joi se \u00eenc\u0103lze\u0219te \u00een majoritatea regiunilor, iar \u00een sud-vest se ating 11-12 grade Celsius.<\/p>\n\n\n\n<ul class=\"wp-block-list\"><\/ul>\n\n\n\n<p>Cele mai mici valori, de -7 grade, se vor \u00eenregistra \u00een nordul Moldovei. \u00cen sud \u0219i \u00een est se arat\u0103 trec\u0103tor soarele. \u00cen rest \u00eennor\u0103rile persist\u0103 \u0219i apar ceva precipita\u021bii slabe, sub toate formele.<\/p>\n\n\n\n<p>Vedem ce se \u00eent\u00e2mpl\u0103 \u00een fiecare regiune \u0219i \u00eencepem cu Dobrogea \u0219i cu B\u0103r\u0103ganul. Pe aici g\u0103sim atmosfer\u0103 schimb\u0103toare, cea\u021b\u0103 la \u00eenceputul zilei \u0219i soare cu nori mai t\u00e2rziu. Temperaturile cresc u\u0219or fa\u021b\u0103 de ieri. Ajung pe la 2-3 grade Celsius \u00een B\u0103r\u0103gan, dar \u00een zona Dobrogei o s\u0103 fie un pic mai frig.<\/p>\n\n\n\n<p>\u0218i \u00een Moldova sudic\u0103 \u0219i \u00een nordul Munteniei se \u00eennoreaz\u0103 din c\u00e2nd \u00een c\u00e2nd. Pot s\u0103 apar\u0103 precipita\u021bii slabe, dar vedem \u0219i soarele pe parcursul zilei. Se \u00eenc\u0103lze\u0219te, iar dup\u0103 pr\u00e2nz maximele ajung \u0219i pe-aici la 3 grade. V\u00e2ntul bate tare \u00een zona Carpa\u021bilor de Curbur\u0103.<\/p>\n\n\n\n<p>\u00cen jum\u0103tatea nordic\u0103 a Moldovei \u0219i \u00een Bucovina&nbsp;<a href=\"https:\/\/stirileprotv.ro\/stiri\/vremea\/vremea-se-schimba-din-nou-dupa-cateva-zile-mai-calde-gerul-puternic-si-ninsorile-revin-in-mai-multe-zone-ale-tarii.html\" target=\"_blank\" rel=\"noreferrer noopener\">vremea r\u0103m\u00e2ne<\/a>&nbsp;foarte rece. Pe aici se vor \u00eenregistra cele mai sc\u0103zute valori din \u021bar\u0103, de -7 grade Celsius. Ceva mai bine o s\u0103 fie pe la Piatra Neam\u021b, pe unde temperaturile ajung la valori pozitive: 1 grad. Apar ceva precipita\u021bii slabe, iar \u00een zona montan\u0103 \u00eenalt\u0103 se \u00eente\u021be\u0219te v\u00e2ntul.<\/p>\n\n\n\n<p>\u00cen nordul Transilvaniei \u0219i \u00een Maramure\u0219 maximele mai cresc pu\u021bin \u0219i ajung pe la 2 grade Celsius. \u00cennor\u0103rile persist\u0103 \u0219i, izolat, vin c\u00e2\u021biva stropi de ploaie, \u00een special dup\u0103 ce se las\u0103 noaptea. Tot atunci e posibil s\u0103 se formeze polei.<\/p>\n\n\n\n<p>Cerul r\u0103m\u00e2ne acoperit \u0219i \u00een \u021binuturile vestice, pe unde o s\u0103 plou\u0103 pu\u021bin &#8211; mai \u00eent\u00e2i \u00een Cri\u0219ana, iar la noapte &#8211; \u0219i \u00een Banat . Vremea r\u0103m\u00e2ne cald\u0103 \u00een unele zone, iar pe la Re\u0219ita se ating \u00een jur de 8 grade.<\/p>\n\n\n\n<p>Nici \u00een Transilvania nu prea vedem soarele, dar, chiar \u0219i-a\u0219a, vremea se \u00eenc\u0103lze\u0219te. Temperaturile ajung la valori pozitive \u00een toat\u0103 provincia, iar la Sibiu se ating 5 grade. O s\u0103 vin\u0103 \u0219i ceva precipita\u021bii slabe, sub toate formele, iar v\u00e2ntul prinde putere \u00een zon\u0103 \u00eenalt\u0103 a Carpa\u021bilor Meridionali.<\/p>\n\n\n\n<p>Un aer mai cald ajunge \u0219i \u00een zona Olteniei. Dup\u0103 cele 4-5 grade de miercuri, ast\u0103zi se ating 11, poate chiar 12 grade Celsius- valori mai potrivite pentru luna martie. Avem soare \u00een cea mai mare parte a zilei, ceva \u00eennor\u0103ri \u0219i un v\u00e2nt mai insistent la munte. Peste noapte o s\u0103 plou\u0103 pu\u021bin sau o s\u0103 cad\u0103 lapovi\u021b\u0103.<\/p>\n\n\n\n<p>Temperaturile cresc \u0219i \u00een sudul Rom\u00e2niei, iar \u00een regiunile deluroase se vor \u00eenregistra 9 grade Celsius. La c\u00e2mpie avem atmosfer\u0103 \u00eensorit\u0103, dar pe la deal se \u00eennoreaz\u0103 din c\u00e2nd \u00een c\u00e2nd. V\u00e2ntul are unele intensific\u0103ri \u00een zona montan\u0103.<\/p>\n\n\n\n<h2 class=\"wp-block-heading\">Vremea \u00een Bucure\u0219ti \u0219i la munte<\/h2>\n\n\n\n<p>\u0218i \u00een Bucure\u0219ti se \u00eenc\u0103lze\u0219te. O s\u0103 avem o zi \u00eensorit\u0103, un pic de v\u00e2nt \u0219i o maxim\u0103 \u00een jur de 6 grade. La noapte se \u00eennoreaz\u0103, iar spre diminea\u021b\u0103 e posibil s\u0103 ning\u0103. Temperatura coboar\u0103 p\u00e2n\u0103 la -3 grade.<\/p>\n\n\n\n<p>Temperaturile cresc \u0219i la munte. Mai vin ceva precipita\u021bii \u0219i s-ar putea s\u0103 se formeze polei. O s\u0103 fie lapovi\u021b\u0103 sau ploaie la altitudini mai mici, iar pe crestele montane o s\u0103 ning\u0103. V\u00e2ntul o s\u0103 bat\u0103 mai tare \u00een Carpa\u021bii de Curbur\u0103 \u0219i \u00een zonele \u00eenalte din Meridionali.<\/p>\n\n\n\n<p>Sursa:stirileprotv<\/p>\n","protected":false},"excerpt":{"rendered":"<p>Joi se \u00eenc\u0103lze\u0219te \u00een majoritatea regiunilor, iar \u00een sud-vest se ating 11-12 grade Celsius. Cele mai mici valori, de -7<\/p>\n","protected":false},"author":1,"featured_media":81999,"comment_status":"open","ping_status":"closed","sticky":false,"template":"","format":"standard","meta":{"spay_email":"","footnotes":"","jetpack_publicize_message":""},"categories":[6],"tags":[],"class_list":["post-132127","post","type-post","status-publish","format-standard","has-post-thumbnail","hentry","category-social"],"jetpack_featured_media_url":"https:\/\/i1.wp.com\/realitatearutiera.ro\/wp-content\/uploads\/2022\/01\/Prognoza-meteo-ANM-de-weekend.jpg?fit=300%2C168&ssl=1","jetpack_publicize_connections":[],"jetpack_sharing_enabled":true,"jetpack_shortlink":"https:\/\/wp.me\/p61naM-yn5","jetpack-related-posts":[],"_links":{"self":[{"href":"https:\/\/realitatearutiera.ro\/index.php?rest_route=\/wp\/v2\/posts\/132127","targetHints":{"allow":["GET"]}}],"collection":[{"href":"https:\/\/realitatearutiera.ro\/index.php?rest_route=\/wp\/v2\/posts"}],"about":[{"href":"https:\/\/realitatearutiera.ro\/index.php?rest_route=\/wp\/v2\/types\/post"}],"author":[{"embeddable":true,"href":"https:\/\/realitatearutiera.ro\/index.php?rest_route=\/wp\/v2\/users\/1"}],"replies":[{"embeddable":true,"href":"https:\/\/realitatearutiera.ro\/index.php?rest_route=%2Fwp%2Fv2%2Fcomments&post=132127"}],"version-history":[{"count":1,"href":"https:\/\/realitatearutiera.ro\/index.php?rest_route=\/wp\/v2\/posts\/132127\/revisions"}],"predecessor-version":[{"id":132128,"href":"https:\/\/realitatearutiera.ro\/index.php?rest_route=\/wp\/v2\/posts\/132127\/revisions\/132128"}],"wp:featuredmedia":[{"embeddable":true,"href":"https:\/\/realitatearutiera.ro\/index.php?rest_route=\/wp\/v2\/media\/81999"}],"wp:attachment":[{"href":"https:\/\/realitatearutiera.ro\/index.php?rest_route=%2Fwp%2Fv2%2Fmedia&parent=132127"}],"wp:term":[{"taxonomy":"category","embeddable":true,"href":"https:\/\/realitatearutiera.ro\/index.php?rest_route=%2Fwp%2Fv2%2Fcategories&post=132127"},{"taxonomy":"post_tag","embeddable":true,"href":"https:\/\/realitatearutiera.ro\/index.php?rest_route=%2Fwp%2Fv2%2Ftags&post=132127"}],"curies":[{"name":"wp","href":"https:\/\/api.w.org\/{rel}","templated":true}]}}