{"id":132129,"date":"2026-01-15T08:31:50","date_gmt":"2026-01-15T06:31:50","guid":{"rendered":"https:\/\/realitatearutiera.ro\/?p=132129"},"modified":"2026-01-15T08:36:32","modified_gmt":"2026-01-15T06:36:32","slug":"proiect-soferii-care-nu-achita-amenzile-rutiere-in-90-de-zile-vor-avea-permisul-suspendat","status":"publish","type":"post","link":"https:\/\/realitatearutiera.ro\/?p=132129","title":{"rendered":"Proiect: \u00a0\u0218oferii care nu achit\u0103 amenzile rutiere \u00een 90 de zile vor avea permisul suspendat"},"content":{"rendered":"\n<p>Guvernul ar putea adopta, \u00een perioada urm\u0103toare, o nou\u0103 lege prin care \u0219oferii care nu achit\u0103 amenzile rutiere \u00een 90 de zile vor avea permisul suspendat. Proiectul e pus \u00een dezbatere public\u0103 pe site-ul&nbsp;<a href=\"https:\/\/www.mdlpa.ro\/pages\/proiectlegeadoptaremasuricapacitateadm13012026\" target=\"_blank\" rel=\"noreferrer noopener\">Ministerului Dezvolt\u0103rii<\/a>.<\/p>\n\n\n\n<p>Pentru prima dat\u0103, Rom\u00e2nia ar putea avea o lege care s\u0103 condi\u021bioneze de\u021binerea dreptului de a conduce un autovehicul de plata amenzilor rutiere.<\/p>\n\n\n\n<p>Mai exact, \u0219oferii care nu achit\u0103 sanc\u021biunile rutiere \u00een cel mult 3 luni de la data aplic\u0103rii acestora, vor avea permisul suspendat.<\/p>\n\n\n\n<h2 class=\"wp-block-heading\">Permisul suspendat, dac\u0103 nu pl\u0103te\u0219ti amenzile rutiere \u00een 90 de zile<\/h2>\n\n\n\n<p>Noua lege, aflat\u0103 \u00een dezbatere public\u0103, oblig\u0103 \u0219oferii s\u0103 achite&nbsp;<a href=\"https:\/\/www.promotor.ro\/stiri-auto\/guvern-permisul-auto-suspendat-daca-nu-platesti-amenzile-sanctiunile-rutiere-nu-se-vor-mai-plati-la-jumatate-din-minim-19402488\">sanc\u021biunile<\/a>&nbsp;\u00een cel mult un trimestru de la data aplic\u0103rii.<\/p>\n\n\n\n<p>\u201e<em><strong>Titularii permiselor de conducere eliberate de autoritatea rom\u00e2n\u0103 nu au dreptul de a conduce autovehicule, tractoare agricole sau forestiere \u0219i tramvaie pe drumurile publice, \u00een cazul \u00een care nu \u00ee\u0219i \u00eendeplinesc, \u00een termen de 90 de zile lucr\u0103toare de la data termenului calculat potrivit art. 28, alin. (5) din Ordonan\u021ba Guvernului nr. 2\/2001, obliga\u021biile de plat\u0103 a crean\u021belor provenite din amenzile contraven\u021bionale care le-au fost aplicate<\/strong><\/em>\u201d, se precieaz\u0103 \u00een textul noii legi.<\/p>\n\n\n\n<p>Conform proiectului, interdic\u021bia de a conduce \u00eencepe la ora 00:00 a celei de-a treia zile lucr\u0103toare dup\u0103 expirarea termenului de plat\u0103.<\/p>\n\n\n\n<h2 class=\"wp-block-heading\">Dup\u0103 c\u00e2t timp redob\u00e2nde\u0219ti permisul suspendat pentru neplata amenzilor<\/h2>\n\n\n\n<p>Dreptul de a conduce este redob\u00e2ndit la ora 00:00 a celei de-a treia zile lucr\u0103toare dup\u0103 ce organul fiscal local constat\u0103 achitarea integral\u0103 a datoriei sau dup\u0103 \u00eemplinirea unui termen de doi ani de la luarea \u00een eviden\u021b\u0103 a crean\u021bei.<\/p>\n\n\n\n<p>Aceast\u0103 m\u0103sur\u0103 de restric\u021bionare a dreptului de a conduce nu se suprapune cu suspendarea permisului prev\u0103zut\u0103 de legisla\u021bia rutier\u0103.<\/p>\n\n\n\n<p>Proiectul precizeaz\u0103 c\u0103 perioadele \u00een care \u0219oferul nu are dreptul de a&nbsp;<a href=\"https:\/\/www.promotor.ro\/stiri-auto\/amenda-de-circulatie-se-majoreaza-cu-60-daca-nu-e-achitata-in-termen-de-6-luni-19445418\">conduce<\/a>&nbsp;din cauza nepl\u0103\u021bii amenzii \u201ecurg independent\u201d de eventualele suspend\u0103ri aplicate pentru abateri rutiere \u0219i nu se cumuleaz\u0103 cu acestea.<\/p>\n\n\n\n<p>Pe l\u00e2ng\u0103 pierderea dreptului de a conduce, neplata amenzii atrage \u0219i consecin\u021be financiare. Dac\u0103 sanc\u021biunea este achitat\u0103 la mai mult de 3 luni de la data c\u00e2nd a fost aplicat\u0103, cuantumul amenzii este majorat cu 30%.<\/p>\n\n\n\n<p>Iar dac\u0103 se pl\u0103te\u0219te la peste 6 luni, amenda de circula\u021bie va fi majorat\u0103, \u00een total, cu 60% fa\u021b\u0103 de valoarea ini\u021bial\u0103.<\/p>\n\n\n\n<p>Sursa:promotor<\/p>\n","protected":false},"excerpt":{"rendered":"<p>Guvernul ar putea adopta, \u00een perioada urm\u0103toare, o nou\u0103 lege prin care \u0219oferii care nu achit\u0103 amenzile rutiere \u00een 90<\/p>\n","protected":false},"author":1,"featured_media":108046,"comment_status":"open","ping_status":"closed","sticky":false,"template":"","format":"standard","meta":{"spay_email":"","footnotes":"","jetpack_publicize_message":""},"categories":[82],"tags":[],"class_list":["post-132129","post","type-post","status-publish","format-standard","has-post-thumbnail","hentry","category-auto"],"jetpack_featured_media_url":"https:\/\/i0.wp.com\/realitatearutiera.ro\/wp-content\/uploads\/2024\/02\/masini-politie-politia-2-3ldz.jpg?fit=1224%2C816&ssl=1","jetpack_publicize_connections":[],"jetpack_sharing_enabled":true,"jetpack_shortlink":"https:\/\/wp.me\/p61naM-yn7","jetpack-related-posts":[],"_links":{"self":[{"href":"https:\/\/realitatearutiera.ro\/index.php?rest_route=\/wp\/v2\/posts\/132129","targetHints":{"allow":["GET"]}}],"collection":[{"href":"https:\/\/realitatearutiera.ro\/index.php?rest_route=\/wp\/v2\/posts"}],"about":[{"href":"https:\/\/realitatearutiera.ro\/index.php?rest_route=\/wp\/v2\/types\/post"}],"author":[{"embeddable":true,"href":"https:\/\/realitatearutiera.ro\/index.php?rest_route=\/wp\/v2\/users\/1"}],"replies":[{"embeddable":true,"href":"https:\/\/realitatearutiera.ro\/index.php?rest_route=%2Fwp%2Fv2%2Fcomments&post=132129"}],"version-history":[{"count":2,"href":"https:\/\/realitatearutiera.ro\/index.php?rest_route=\/wp\/v2\/posts\/132129\/revisions"}],"predecessor-version":[{"id":132131,"href":"https:\/\/realitatearutiera.ro\/index.php?rest_route=\/wp\/v2\/posts\/132129\/revisions\/132131"}],"wp:featuredmedia":[{"embeddable":true,"href":"https:\/\/realitatearutiera.ro\/index.php?rest_route=\/wp\/v2\/media\/108046"}],"wp:attachment":[{"href":"https:\/\/realitatearutiera.ro\/index.php?rest_route=%2Fwp%2Fv2%2Fmedia&parent=132129"}],"wp:term":[{"taxonomy":"category","embeddable":true,"href":"https:\/\/realitatearutiera.ro\/index.php?rest_route=%2Fwp%2Fv2%2Fcategories&post=132129"},{"taxonomy":"post_tag","embeddable":true,"href":"https:\/\/realitatearutiera.ro\/index.php?rest_route=%2Fwp%2Fv2%2Ftags&post=132129"}],"curies":[{"name":"wp","href":"https:\/\/api.w.org\/{rel}","templated":true}]}}