{"id":132132,"date":"2026-01-15T08:39:50","date_gmt":"2026-01-15T06:39:50","guid":{"rendered":"https:\/\/realitatearutiera.ro\/?p=132132"},"modified":"2026-01-15T08:39:52","modified_gmt":"2026-01-15T06:39:52","slug":"accident-in-centrul-orasului-piatra-neamt-doua-autoturisme-implicate-un-tanar-asistat-medical","status":"publish","type":"post","link":"https:\/\/realitatearutiera.ro\/?p=132132","title":{"rendered":"Accident \u00een centrul ora\u0219ului Piatra-Neam\u021b: dou\u0103 autoturisme implicate, un t\u00e2n\u0103r asistat medical"},"content":{"rendered":"\n<figure class=\"wp-block-image size-large is-resized\"><img loading=\"lazy\" decoding=\"async\" width=\"800\" height=\"525\" data-attachment-id=\"132133\" data-permalink=\"https:\/\/realitatearutiera.ro\/?attachment_id=132133\" data-orig-file=\"https:\/\/i1.wp.com\/realitatearutiera.ro\/wp-content\/uploads\/2026\/01\/image-63.png?fit=2047%2C1344&amp;ssl=1\" data-orig-size=\"2047,1344\" data-comments-opened=\"1\" data-image-meta=\"{&quot;aperture&quot;:&quot;0&quot;,&quot;credit&quot;:&quot;&quot;,&quot;camera&quot;:&quot;&quot;,&quot;caption&quot;:&quot;&quot;,&quot;created_timestamp&quot;:&quot;0&quot;,&quot;copyright&quot;:&quot;&quot;,&quot;focal_length&quot;:&quot;0&quot;,&quot;iso&quot;:&quot;0&quot;,&quot;shutter_speed&quot;:&quot;0&quot;,&quot;title&quot;:&quot;&quot;,&quot;orientation&quot;:&quot;0&quot;}\" data-image-title=\"image\" data-image-description=\"\" data-medium-file=\"https:\/\/i1.wp.com\/realitatearutiera.ro\/wp-content\/uploads\/2026\/01\/image-63.png?fit=300%2C197&amp;ssl=1\" data-large-file=\"https:\/\/i1.wp.com\/realitatearutiera.ro\/wp-content\/uploads\/2026\/01\/image-63.png?fit=800%2C525&amp;ssl=1\" src=\"https:\/\/i0.wp.com\/realitatearutiera.ro\/wp-content\/uploads\/2026\/01\/image-63-1024x672.png?resize=800%2C525&#038;ssl=1\" alt=\"\" class=\"wp-image-132133\" style=\"aspect-ratio:1.5230756154914016;width:472px;height:auto\" srcset=\"https:\/\/i1.wp.com\/realitatearutiera.ro\/wp-content\/uploads\/2026\/01\/image-63.png?resize=1024%2C672&amp;ssl=1 1024w, https:\/\/i1.wp.com\/realitatearutiera.ro\/wp-content\/uploads\/2026\/01\/image-63.png?resize=300%2C197&amp;ssl=1 300w, https:\/\/i1.wp.com\/realitatearutiera.ro\/wp-content\/uploads\/2026\/01\/image-63.png?resize=768%2C504&amp;ssl=1 768w, https:\/\/i1.wp.com\/realitatearutiera.ro\/wp-content\/uploads\/2026\/01\/image-63.png?resize=1536%2C1008&amp;ssl=1 1536w, https:\/\/i1.wp.com\/realitatearutiera.ro\/wp-content\/uploads\/2026\/01\/image-63.png?w=2047&amp;ssl=1 2047w, https:\/\/i1.wp.com\/realitatearutiera.ro\/wp-content\/uploads\/2026\/01\/image-63.png?w=1600 1600w\" sizes=\"auto, (max-width: 800px) 100vw, 800px\" data-recalc-dims=\"1\" \/><\/figure>\n\n\n\n<p><strong>Accident \u00een centrul ora\u0219ului Piatra-Neam\u021b, \u00een Pia\u021ba Mihail Kog\u0103lniceanu, anun\u021bat prin apel la 112, unde pompierii au intervenit pentru asigurarea zonei \u0219i cur\u0103\u021barea carosabilului.<\/strong><\/p>\n\n\n\n<p><strong>Apelul la 112 \u0219i locul producerii accidentului<\/strong><\/p>\n\n\n\n<p>La ora 22:02, prin apel la 112 a fost anun\u021bat un accident rutier produs \u00een municipiul Piatra-Neam\u021b, pe strada Pia\u021ba Mihail Kog\u0103lniceanu.<\/p>\n\n\n\n<p><strong>For\u021be \u0219i mijloace alocate<\/strong><\/p>\n\n\n\n<p>La locul solicit\u0103rii au fost alocate dou\u0103 echipaje de pompieri cu o autospecial\u0103 de stingere cu modul pentru descarcerare \u0219i o ambulan\u021b\u0103 SMURD din cadrul Deta\u0219amentului Piatra-Neam\u021b,<a href=\"https:\/\/monitorulneamt.ro\/\">&nbsp;precum \u0219i un echipaj d<\/a>in cadrul Inspectoratului de Poli\u021bie Jude\u021bean.<\/p>\n\n\n\n<p><strong>Asisten\u021b\u0103 medical\u0103<\/strong><\/p>\n\n\n\n<p>La sosirea pompierilor, persoanele care s-au aflat \u00een cele dou\u0103 autoturisme erau evacuate. Un b\u0103rbat \u00een v\u00e2rst\u0103 de 21 de ani a fost asistat medical de echipajul SMURD, \u00eens\u0103 a refuzat transportul la spital.<\/p>\n\n\n\n<p><strong>M\u0103suri de siguran\u021b\u0103 \u0219i cur\u0103\u021barea carosabilului<\/strong><\/p>\n\n\n\n<p>Pompierii au ac\u021bionat pentru asigurarea m\u0103surilor de prevenire \u0219i stingere a incendiilor \u0219i pentru cur\u0103\u021barea carosabilului de elementele rezultate \u00een urma accidentului rutier.<\/p>\n\n\n\n<p>Sursa\/foto monitorulneamt<\/p>\n","protected":false},"excerpt":{"rendered":"<p>Accident \u00een centrul ora\u0219ului Piatra-Neam\u021b, \u00een Pia\u021ba Mihail Kog\u0103lniceanu, anun\u021bat prin apel la 112, unde pompierii au intervenit pentru asigurarea<\/p>\n","protected":false},"author":1,"featured_media":132133,"comment_status":"open","ping_status":"closed","sticky":false,"template":"","format":"standard","meta":{"spay_email":"","footnotes":"","jetpack_publicize_message":""},"categories":[1],"tags":[],"class_list":["post-132132","post","type-post","status-publish","format-standard","has-post-thumbnail","hentry","category-uncategorized"],"jetpack_featured_media_url":"https:\/\/i1.wp.com\/realitatearutiera.ro\/wp-content\/uploads\/2026\/01\/image-63.png?fit=2047%2C1344&ssl=1","jetpack_publicize_connections":[],"jetpack_sharing_enabled":true,"jetpack_shortlink":"https:\/\/wp.me\/p61naM-yna","jetpack-related-posts":[],"_links":{"self":[{"href":"https:\/\/realitatearutiera.ro\/index.php?rest_route=\/wp\/v2\/posts\/132132","targetHints":{"allow":["GET"]}}],"collection":[{"href":"https:\/\/realitatearutiera.ro\/index.php?rest_route=\/wp\/v2\/posts"}],"about":[{"href":"https:\/\/realitatearutiera.ro\/index.php?rest_route=\/wp\/v2\/types\/post"}],"author":[{"embeddable":true,"href":"https:\/\/realitatearutiera.ro\/index.php?rest_route=\/wp\/v2\/users\/1"}],"replies":[{"embeddable":true,"href":"https:\/\/realitatearutiera.ro\/index.php?rest_route=%2Fwp%2Fv2%2Fcomments&post=132132"}],"version-history":[{"count":1,"href":"https:\/\/realitatearutiera.ro\/index.php?rest_route=\/wp\/v2\/posts\/132132\/revisions"}],"predecessor-version":[{"id":132134,"href":"https:\/\/realitatearutiera.ro\/index.php?rest_route=\/wp\/v2\/posts\/132132\/revisions\/132134"}],"wp:featuredmedia":[{"embeddable":true,"href":"https:\/\/realitatearutiera.ro\/index.php?rest_route=\/wp\/v2\/media\/132133"}],"wp:attachment":[{"href":"https:\/\/realitatearutiera.ro\/index.php?rest_route=%2Fwp%2Fv2%2Fmedia&parent=132132"}],"wp:term":[{"taxonomy":"category","embeddable":true,"href":"https:\/\/realitatearutiera.ro\/index.php?rest_route=%2Fwp%2Fv2%2Fcategories&post=132132"},{"taxonomy":"post_tag","embeddable":true,"href":"https:\/\/realitatearutiera.ro\/index.php?rest_route=%2Fwp%2Fv2%2Ftags&post=132132"}],"curies":[{"name":"wp","href":"https:\/\/api.w.org\/{rel}","templated":true}]}}