{"id":132138,"date":"2026-01-15T08:50:18","date_gmt":"2026-01-15T06:50:18","guid":{"rendered":"https:\/\/realitatearutiera.ro\/?p=132138"},"modified":"2026-01-15T08:50:20","modified_gmt":"2026-01-15T06:50:20","slug":"15-ianuarie-ziua-culturii-nationale-omagiu-lui-mihai-eminescu","status":"publish","type":"post","link":"https:\/\/realitatearutiera.ro\/?p=132138","title":{"rendered":"15 ianuarie: Ziua Culturii Na\u021bionale, omagiu lui Mihai Eminescu"},"content":{"rendered":"\n<figure class=\"wp-block-image size-full is-resized\"><img loading=\"lazy\" decoding=\"async\" width=\"800\" height=\"600\" data-attachment-id=\"132139\" data-permalink=\"https:\/\/realitatearutiera.ro\/?attachment_id=132139\" data-orig-file=\"https:\/\/i1.wp.com\/realitatearutiera.ro\/wp-content\/uploads\/2026\/01\/image-65.png?fit=800%2C600&amp;ssl=1\" data-orig-size=\"800,600\" data-comments-opened=\"1\" data-image-meta=\"{&quot;aperture&quot;:&quot;0&quot;,&quot;credit&quot;:&quot;&quot;,&quot;camera&quot;:&quot;&quot;,&quot;caption&quot;:&quot;&quot;,&quot;created_timestamp&quot;:&quot;0&quot;,&quot;copyright&quot;:&quot;&quot;,&quot;focal_length&quot;:&quot;0&quot;,&quot;iso&quot;:&quot;0&quot;,&quot;shutter_speed&quot;:&quot;0&quot;,&quot;title&quot;:&quot;&quot;,&quot;orientation&quot;:&quot;0&quot;}\" data-image-title=\"image\" data-image-description=\"\" data-medium-file=\"https:\/\/i1.wp.com\/realitatearutiera.ro\/wp-content\/uploads\/2026\/01\/image-65.png?fit=300%2C225&amp;ssl=1\" data-large-file=\"https:\/\/i1.wp.com\/realitatearutiera.ro\/wp-content\/uploads\/2026\/01\/image-65.png?fit=800%2C600&amp;ssl=1\" src=\"https:\/\/i1.wp.com\/realitatearutiera.ro\/wp-content\/uploads\/2026\/01\/image-65.png?resize=800%2C600&#038;ssl=1\" alt=\"\" class=\"wp-image-132139\" style=\"width:509px;height:auto\" srcset=\"https:\/\/i1.wp.com\/realitatearutiera.ro\/wp-content\/uploads\/2026\/01\/image-65.png?w=800&amp;ssl=1 800w, https:\/\/i1.wp.com\/realitatearutiera.ro\/wp-content\/uploads\/2026\/01\/image-65.png?resize=300%2C225&amp;ssl=1 300w, https:\/\/i1.wp.com\/realitatearutiera.ro\/wp-content\/uploads\/2026\/01\/image-65.png?resize=768%2C576&amp;ssl=1 768w\" sizes=\"auto, (max-width: 800px) 100vw, 800px\" data-recalc-dims=\"1\" \/><\/figure>\n\n\n\n<p id=\"p-1\"><strong>15 ianuarie: Ziua Culturii Na\u021bionale este s\u0103rb\u0103torit\u0103 anual \u00een Rom\u00e2nia la aceast\u0103 dat\u0103, ziua de na\u0219tere a poetului Mihai Eminescu. Aceast\u0103 zi reprezint\u0103 un prilej de reflec\u021bie asupra valorilor care definesc identitatea na\u021bional\u0103 \u0219i asupra rolului culturii \u00een dezvoltarea societ\u0103\u021bii.<\/strong><\/p>\n\n\n\n<p id=\"p-2\">Instituit\u0103 oficial \u00een anul 2010, Ziua Culturii Na\u021bionale are ca scop promovarea crea\u021biei artistice, literare \u0219i \u0219tiin\u021bifice rom\u00e2ne\u0219ti, precum \u0219i recunoa\u0219terea contribu\u021biei personalit\u0103\u021bilor care au marcat patrimoniul cultural al Rom\u00e2niei.<\/p>\n\n\n\n<p id=\"p-3\">Literatura, muzica, artele plastice, teatrul, filmul \u0219i tradi\u021biile populare sunt expresii ale bog\u0103\u021biei culturale transmise din genera\u021bie \u00een genera\u021bie.<\/p>\n\n\n\n<p id=\"p-4\">Mihai Eminescu, considerat poetul na\u021bional al rom\u00e2nilor, \u00eentruchipeaz\u0103 idealurile culturii rom\u00e2ne prin profunzimea g\u00e2ndirii sale, frumuse\u021bea limbajului \u0219i universalitatea temelor abordate.<\/p>\n\n\n\n<p id=\"p-5\">Opera sa r\u0103m\u00e2ne un reper fundamental pentru limba rom\u00e2n\u0103 \u0219i pentru literatura na\u021bional\u0103, fiind studiat\u0103 \u0219i apreciat\u0103 at\u00e2t \u00een \u021bar\u0103, c\u00e2t \u0219i \u00een afara grani\u021belor.<\/p>\n\n\n\n<p id=\"p-6\">Cu ocazia Zilei Culturii Na\u021bionale, \u00een \u00eentreaga \u021bar\u0103 \u0219i \u00een comunit\u0103\u021bile rom\u00e2ne\u0219ti din str\u0103in\u0103tate au loc manifest\u0103ri culturale precum recitaluri de poezie, lans\u0103ri de carte, expozi\u021bii, spectacole \u0219i conferin\u021be.<\/p>\n\n\n\n<p id=\"p-7\">Aceste evenimente contribuie la apropierea publicului de valorile culturale \u0219i la stimularea interesului pentru crea\u021bia contemporan\u0103.<\/p>\n\n\n\n<p id=\"p-8\">\u00centr-o lume aflat\u0103 \u00eentr-o continu\u0103 schimbare, cultura r\u0103m\u00e2ne un element esen\u021bial al identit\u0103\u021bii \u0219i al dialogului \u00eentre genera\u021bii.<\/p>\n\n\n\n<p id=\"p-9\"><a href=\"https:\/\/alba24.ro\/tag\/15-ianuarie\" target=\"_blank\" rel=\"noreferrer noopener\">15 ianuarie Ziua Culturii Na\u021bionale<\/a>&nbsp;ne reaminte\u0219te importan\u021ba p\u0103str\u0103rii \u0219i promov\u0103rii patrimoniului cultural rom\u00e2nesc, dar \u0219i responsabilitatea fiec\u0103ruia de a sus\u021bine cultura ca fundament al educa\u021biei \u0219i al spiritului civic.<\/p>\n\n\n\n<p id=\"p-10\">Astfel, s\u0103rb\u0103torirea acestei zile nu este doar un act simbolic, ci o invita\u021bie la cunoa\u0219tere, respect \u0219i continuitate cultural\u0103.<\/p>\n\n\n\n<h2 class=\"wp-block-heading\" id=\"chapter-1\">15 ianuarie: Ziua Culturii Na\u021bionale \u0219i ziua de na\u0219tere a lui Mihai Eminescu<\/h2>\n\n\n\n<p id=\"p-11\">Pe data de 15 ianuarie 1850, la Boto\u0219ani a venit pe lume cel de-al \u0219aptelea copil, din cei 11, ai c\u0103minarului Gheorghe \u0219i Raluc\u0103i Eminovici, Mihai Eminescu (n\u0103scut Mihai Eminovici).<\/p>\n\n\n\n<p id=\"p-12\">\u00ce\u0219i petrece copil\u0103ria la Boto\u015fani \u015fi Ipote\u015fti, \u00een casa p\u0103rinteasc\u0103, \u00eentr-o total\u0103 libertate de mi\u015fcare \u015fi de contact cu oamenii \u015fi cu natura.<\/p>\n\n\n\n<p id=\"p-13\">Aceste momente le evoc\u0103 \u0219i \u00een poeziile &#8220;Fiind b\u0103iet\u2026\u201d sau &#8220;O, r\u0103m\u00e2i&#8221;.<\/p>\n\n\n\n<p id=\"p-14\">\u00centre 1858 \u015fi 1866, urmeaz\u0103 cu intermiten\u0163e \u015fcoala la Cern\u0103u\u0163i \u0219i termin\u0103 clasa a IV-a, fiind al cincilea elevi din cei 82 de colegi.<\/p>\n\n\n\n<p id=\"p-15\">Dup\u0103 terminarea claselor primare face dou\u0103 clase de gimnaziu \u0219i p\u0103r\u0103se\u015fte \u015fcoala \u00een 1863. Revine ca privatist \u00een 1865 \u015fi pleac\u0103 din nou \u00een 1866.<\/p>\n\n\n\n<p id=\"p-16\">Se angajeaz\u0103 ca func\u0163ionar la diverse institu\u0163ii din Boto\u015fani, la tribunal \u015fi prim\u0103rie \u0219i mai pribege\u015fte cu trupa Tardini-Vl\u0103dicescu.<\/p>\n\n\n\n<p id=\"p-17\">Anul 1866 este anul primelor manifest\u0103ri literare ale lui Eminescu. Astfel c\u0103, \u00een luna ianuarie a anului 1866, c\u00e2nd moare profesorul de limba rom\u00e2n\u0103, Aron Pumnul, elevii scot o bro\u015fur\u0103, \u201eL\u0103cr\u0103mioarele \u00eenv\u0103\u0163\u0103ceilor gimnazi\u015fti\u201d, \u00een care apare \u015fi poezia &#8220;La morm\u00e2ntul lui Aron Pumnul\u201d semnat\u0103 Mihai Eminovici.<\/p>\n\n\n\n<p id=\"p-18\">La 25 februarie \/ 9 martie pe stil nou debuteaz\u0103 \u00een revista &#8220;Familia\u201d, din Pesta, a lui Iosif Vulcan, cu poezia &#8220;De-a\u015f avea\u201d.<\/p>\n\n\n\n<p id=\"p-19\">Iosif Vulcan este cel care \u00eei schimb\u0103 numele \u00een Mihai Eminescu, adoptat apoi de poet \u015fi, mai t\u00e2rziu, \u015fi de al\u0163i membri ai familiei sale. \u00cen acela\u015fi an \u00eei mai apar \u00een &#8220;Familia\u201d \u00eenc\u0103 cinci poezii.<\/p>\n\n\n\n<p id=\"p-20\">Din 1866 p\u00e2n\u0103 \u00een 1869, pribege\u015fte pe traseul Cern\u0103u\u0163i-Blaj-Sibiu-Giurgiu-Bucure\u015fti. \u00cen ace\u0219ti ani a vrut s\u0103 aib\u0103 contact direct cu poporul, limba, obiceiurile \u015fi realitatea rom\u00e2neasc\u0103.<\/p>\n\n\n\n<p id=\"p-21\">A inten\u0163ionat s\u0103-\u015fi continue studiile, dar nu-\u015fi duce la cap\u0103t proiectul \u0219i ajunge sufleor \u0219i copist de roluri \u00een trupa lui Iorgu Caragiali, apoi la Teatrul Na\u0163ional, unde \u00eel cunoa\u015fte pe Ion Luca Caragiale.<\/p>\n\n\n\n<p id=\"p-22\">Continu\u0103 s\u0103 publice \u00een &#8220;Familia&#8221;, scrie poezii, drame (Mira), fragmente de roman ,&#8221;Geniu pustiu\u201d, r\u0103mase \u00een manuscris \u0219i face traduceri din german\u0103.<\/p>\n\n\n\n<p id=\"p-23\">\u00centre 1869 \u015fi 1862 este student la Viena unde urmeaz\u0103 ca auditor extraordinar Facultatea de Filozofie \u015fi Drept, dar audiaz\u0103 \u015fi cursuri de la alte facult\u0103\u0163i.<\/p>\n\n\n\n<p id=\"p-24\">Activeaz\u0103 \u00een r\u00e2ndul societ\u0103\u0163ilor studen\u0163e\u015fti, se \u00eemprietene\u015fte cu Ioan Slavici, o cunoa\u015fte la Viena pe Veronica Micle \u0219i \u00eencepe colaborarea la &#8220;Convorbiri Literare\u201d. Tot \u00een aceast\u0103 perioad\u0103 debuteaz\u0103 ca publicist \u00een ziarul &#8220;Albina\u201d din Pesta.<\/p>\n\n\n\n<p id=\"p-25\">\u00centre 1872 \u015fi 1874 este student la Berlin, iar Junimea \u00eei acord\u0103 o burs\u0103 cu condi\u0163ia s\u0103-\u015fi ia doctoratul \u00een filozofie. Urmeaz\u0103 cu regularitate dou\u0103 semestre, dar nu se prezint\u0103 la examene.<\/p>\n\n\n\n<p id=\"p-26\">Se \u00eentoarce \u00een \u0163ar\u0103, tr\u0103ind la Ia\u015fi \u00eentre 1874-1877. Director al Bibliotecii Centrale, profesor suplinitor, revizor \u015fcolar pentru jude\u0163ele Ia\u015fi \u015fi Vaslui \u0219i redactor la ziarul &#8220;Curierul de Ia\u015fi \u201c sunt activit\u0103\u021bile poetului la Ia\u0219i.<\/p>\n\n\n\n<p id=\"p-27\">Continu\u0103 s\u0103 publice \u00een &#8220;Convorbiri Literare\u201d \u0219i devine bun prieten cu Ion Creang\u0103 pe care \u00eel introduce la Junimea. Situa\u0163ia lui material\u0103 este nesigur\u0103 \u0219i necazuri \u00een familie, i-au murit mai mul\u021bi fra\u021bi \u0219i \u00ee\u0219i pierde \u0219i mama.<\/p>\n\n\n\n<p id=\"p-28\">S-a \u00eendr\u0103gostit de Veronica Micle, poet\u0103 cunoscut\u0103 oamenilor \u00eentocmai pentru iubirea care a legat-o de Mihai Eminescu.<\/p>\n\n\n\n<p id=\"p-29\">\u00cen 1877 se mut\u0103 la Bucure\u015fti, unde p\u00e2n\u0103 \u00een 1883 este redactor, apoi redactor-\u015fef la ziarul &#8220;Timpul\u201c. Desf\u0103\u015foar\u0103 o activitate publicistic\u0103 \u0219i aici i se ruineaz\u0103 s\u0103n\u0103tatea. \u00cen 1833 scrie \u0219i marile lui poeme, \u201eScrisorile\u201d \u0219i \u201eLuceaf\u0103rul\u201d.<\/p>\n\n\n\n<p id=\"p-30\">Pe data de 15 ianuarie 1850, la Boto\u0219ani a venit pe lume cel de-al \u0219aptelea copil, din cei 11, ai c\u0103minarului Gheorghe \u0219i Raluc\u0103i Eminovici, Mihai Eminescu (n\u0103scut Mihai Eminovici).<\/p>\n\n\n\n<p id=\"p-31\">\u00ce\u0219i petrece copil\u0103ria la Boto\u015fani \u015fi Ipote\u015fti, \u00een casa p\u0103rinteasc\u0103, \u00eentr-o total\u0103 libertate de mi\u015fcare \u015fi de contact cu oamenii \u015fi cu natura. Aceste momente le evoc\u0103 \u0219i \u00een poeziile &#8220;Fiind b\u0103iet\u2026\u201d sau &#8220;O, r\u0103m\u00e2i&#8221;.<\/p>\n\n\n\n<p id=\"p-32\">\u00centre 1858 \u015fi 1866, urmeaz\u0103 cu intermiten\u0163e \u015fcoala la Cern\u0103u\u0163i \u0219i termin\u0103 clasa a IV-a, fiind al cincilea elevi din cei 82 de colegi.<\/p>\n\n\n\n<p id=\"p-33\">Dup\u0103 terminarea claselor primare face dou\u0103 clase de gimnaziu \u0219i p\u0103r\u0103se\u015fte \u015fcoala \u00een 1863. Revine ca privatist \u00een 1865 \u015fi pleac\u0103 din nou \u00een 1866.<\/p>\n\n\n\n<p id=\"p-34\">Se angajeaz\u0103 ca func\u0163ionar la diverse institu\u0163ii din Boto\u015fani, la tribunal \u015fi prim\u0103rie \u0219i mai pribege\u015fte cu trupa Tardini-Vl\u0103dicescu.<\/p>\n\n\n\n<p id=\"p-35\">Anul 1866 este anul primelor manifest\u0103ri literare ale lui Eminescu. Astfel c\u0103, \u00een luna ianuarie a anului 1866, c\u00e2nd moare profesorul de limba rom\u00e2n\u0103, Aron Pumnul, elevii scot o bro\u015fur\u0103, \u201eL\u0103cr\u0103mioarele \u00eenv\u0103\u0163\u0103ceilor gimnazi\u015fti\u201d, \u00een care apare \u015fi poezia &#8220;La morm\u00e2ntul lui Aron Pumnul\u201d semnat\u0103 Mihai Eminovici.<\/p>\n\n\n\n<p id=\"p-36\">La 25 februarie \/ 9 martie pe stil nou debuteaz\u0103 \u00een revista &#8220;Familia\u201d, din Pesta, a lui Iosif Vulcan, cu poezia &#8220;De-a\u015f avea\u201d. Iosif Vulcan este cel care \u00eei schimb\u0103 numele \u00een Mihai Eminescu, adoptat apoi de poet \u015fi, mai t\u00e2rziu, \u015fi de al\u0163i membri ai familiei sale. \u00cen acela\u015fi an \u00eei mai apar \u00een &#8220;Familia\u201d \u00eenc\u0103 cinci poezii.<\/p>\n\n\n\n<p id=\"p-37\">Din 1866 p\u00e2n\u0103 \u00een 1869, pribege\u015fte pe traseul Cern\u0103u\u0163i-Blaj-Sibiu-Giurgiu-Bucure\u015fti. \u00cen ace\u0219ti ani a vrut s\u0103 aib\u0103 contact direct cu poporul, limba, obiceiurile \u015fi realitatea rom\u00e2neasc\u0103.<\/p>\n\n\n\n<p id=\"p-38\">A inten\u0163ionat s\u0103-\u015fi continue studiile, dar nu-\u015fi duce la cap\u0103t proiectul \u0219i ajunge sufleor \u0219i copist de roluri \u00een trupa lui Iorgu Caragiali, apoi la Teatrul Na\u0163ional, unde \u00eel cunoa\u015fte pe Ion Luca Caragiale.<\/p>\n\n\n\n<p id=\"p-39\">Continu\u0103 s\u0103 publice \u00een &#8220;Familia&#8221;, scrie poezii, drame (Mira), fragmente de roman ,&#8221;Geniu pustiu\u201d, r\u0103mase \u00een manuscris \u0219i face traduceri din german\u0103.<\/p>\n\n\n\n<p id=\"p-40\">\u00centre 1869 \u015fi 1862 este student la Viena unde urmeaz\u0103 ca auditor extraordinar Facultatea de Filozofie \u015fi Drept, dar audiaz\u0103 \u015fi cursuri de la alte facult\u0103\u0163i.<\/p>\n\n\n\n<p id=\"p-41\">Activeaz\u0103 \u00een r\u00e2ndul societ\u0103\u0163ilor studen\u0163e\u015fti, se \u00eemprietene\u015fte cu Ioan Slavici, o cunoa\u015fte la Viena pe Veronica Micle \u0219i \u00eencepe colaborarea la &#8220;Convorbiri Literare\u201d. Tot \u00een aceast\u0103 perioad\u0103 debuteaz\u0103 ca publicist \u00een ziarul &#8220;Albina\u201d din Pesta.<\/p>\n\n\n\n<p id=\"p-42\">\u00centre 1872 \u015fi 1874 este student la Berlin, iar Junimea \u00eei acord\u0103 o burs\u0103 cu condi\u0163ia s\u0103-\u015fi ia doctoratul \u00een filozofie. Urmeaz\u0103 cu regularitate dou\u0103 semestre, dar nu se prezint\u0103 la examene.<\/p>\n\n\n\n<p id=\"p-43\">Se \u00eentoarce \u00een \u0163ar\u0103, tr\u0103ind la Ia\u015fi \u00eentre 1874-1877. Director al Bibliotecii Centrale, profesor suplinitor, revizor \u015fcolar pentru jude\u0163ele Ia\u015fi \u015fi Vaslui \u0219i redactor la ziarul &#8220;Curierul de Ia\u015fi \u201c sunt activit\u0103\u021bile poetului la Ia\u0219i.<\/p>\n\n\n\n<p id=\"p-44\">Continu\u0103 s\u0103 publice \u00een &#8220;Convorbiri Literare\u201d \u0219i devine bun prieten cu Ion Creang\u0103 pe care \u00eel introduce la Junimea. Situa\u0163ia lui material\u0103 este nesigur\u0103 \u0219i necazuri \u00een familie, i-au murit mai mul\u021bi fra\u021bi \u0219i \u00ee\u0219i pierde \u0219i mama.<\/p>\n\n\n\n<p id=\"p-45\">S-a \u00eendr\u0103gostit de Veronica Micle, poet\u0103 cunoscut\u0103 oamenilor \u00eentocmai pentru iubirea care a legat-o de Mihai Eminescu.<\/p>\n\n\n\n<p id=\"p-46\">\u00cen 1877 se mut\u0103 la Bucure\u015fti, unde p\u00e2n\u0103 \u00een 1883 este redactor, apoi redactor-\u015fef la ziarul &#8220;Timpul\u201c. Desf\u0103\u015foar\u0103 o activitate publicistic\u0103 \u0219i aici i se ruineaz\u0103 s\u0103n\u0103tatea. \u00cen 1833 scrie \u0219i marile lui poeme, \u201eScrisorile\u201d \u0219i \u201eLuceaf\u0103rul\u201d.<\/p>\n\n\n\n<p id=\"p-47\">\u00cen iunie 1883, surmenat, poetul se \u00eemboln\u0103ve\u015fte grav, fiind internat la spitalul doctorului \u015eu\u0163u, apoi la un institut pe l\u00eeng\u0103 Viena.<\/p>\n\n\n\n<p id=\"p-48\">\u00cen decembrie \u00eei apare volumul &#8220;Poezii\u201d , cu o prefa\u0163\u0103 \u015fi cu texte selectate de Titu Maiorescu (e singurul volum tip\u0103rit \u00een timpul vie\u0163ii lui Eminescu).<\/p>\n\n\n\n<p id=\"p-49\">Mihai&nbsp; Eminescu se stinge din via\u0163\u0103 \u00een condi\u0163ii dubioase \u015fi interpretate diferit \u00een mai multe surse la 15 iunie 1889 (15&nbsp; iunie, \u00een zori &#8211; ora 03.00) \u00een casa de s\u0103n\u0103tate a doctorului \u015eu\u0163u.<\/p>\n\n\n\n<p id=\"p-50\">E \u00eenmorm\u00e2ntat la Bucure\u015fti, \u00een cimitirul Bellu, sicriul fiind dus pe umeri de patru elevi de la \u015ecoala Normal\u0103 de Institutori.<\/p>\n\n\n\n<p>Sursa:alba24<\/p>\n","protected":false},"excerpt":{"rendered":"<p>15 ianuarie: Ziua Culturii Na\u021bionale este s\u0103rb\u0103torit\u0103 anual \u00een Rom\u00e2nia la aceast\u0103 dat\u0103, ziua de na\u0219tere a poetului Mihai Eminescu.<\/p>\n","protected":false},"author":1,"featured_media":132083,"comment_status":"open","ping_status":"closed","sticky":false,"template":"","format":"standard","meta":{"spay_email":"","footnotes":"","jetpack_publicize_message":""},"categories":[6],"tags":[],"class_list":["post-132138","post","type-post","status-publish","format-standard","has-post-thumbnail","hentry","category-social"],"jetpack_featured_media_url":"https:\/\/i0.wp.com\/realitatearutiera.ro\/wp-content\/uploads\/2026\/01\/img-1.jpg?fit=960%2C540&ssl=1","jetpack_publicize_connections":[],"jetpack_sharing_enabled":true,"jetpack_shortlink":"https:\/\/wp.me\/p61naM-yng","jetpack-related-posts":[],"_links":{"self":[{"href":"https:\/\/realitatearutiera.ro\/index.php?rest_route=\/wp\/v2\/posts\/132138","targetHints":{"allow":["GET"]}}],"collection":[{"href":"https:\/\/realitatearutiera.ro\/index.php?rest_route=\/wp\/v2\/posts"}],"about":[{"href":"https:\/\/realitatearutiera.ro\/index.php?rest_route=\/wp\/v2\/types\/post"}],"author":[{"embeddable":true,"href":"https:\/\/realitatearutiera.ro\/index.php?rest_route=\/wp\/v2\/users\/1"}],"replies":[{"embeddable":true,"href":"https:\/\/realitatearutiera.ro\/index.php?rest_route=%2Fwp%2Fv2%2Fcomments&post=132138"}],"version-history":[{"count":1,"href":"https:\/\/realitatearutiera.ro\/index.php?rest_route=\/wp\/v2\/posts\/132138\/revisions"}],"predecessor-version":[{"id":132140,"href":"https:\/\/realitatearutiera.ro\/index.php?rest_route=\/wp\/v2\/posts\/132138\/revisions\/132140"}],"wp:featuredmedia":[{"embeddable":true,"href":"https:\/\/realitatearutiera.ro\/index.php?rest_route=\/wp\/v2\/media\/132083"}],"wp:attachment":[{"href":"https:\/\/realitatearutiera.ro\/index.php?rest_route=%2Fwp%2Fv2%2Fmedia&parent=132138"}],"wp:term":[{"taxonomy":"category","embeddable":true,"href":"https:\/\/realitatearutiera.ro\/index.php?rest_route=%2Fwp%2Fv2%2Fcategories&post=132138"},{"taxonomy":"post_tag","embeddable":true,"href":"https:\/\/realitatearutiera.ro\/index.php?rest_route=%2Fwp%2Fv2%2Ftags&post=132138"}],"curies":[{"name":"wp","href":"https:\/\/api.w.org\/{rel}","templated":true}]}}