{"id":132141,"date":"2026-01-15T08:55:07","date_gmt":"2026-01-15T06:55:07","guid":{"rendered":"https:\/\/realitatearutiera.ro\/?p=132141"},"modified":"2026-01-15T08:55:10","modified_gmt":"2026-01-15T06:55:10","slug":"proiect-de-lege-amenda-de-circulatie-se-majoreaza-cu-60-daca-nu-e-achitata-in-termen-de-6-luni","status":"publish","type":"post","link":"https:\/\/realitatearutiera.ro\/?p=132141","title":{"rendered":"Proiect de lege: Amenda de circula\u021bie se majoreaz\u0103 cu 60% dac\u0103 nu e achitat\u0103 \u00een termen de 6 luni"},"content":{"rendered":"\n<figure class=\"wp-block-image size-large is-resized\"><img loading=\"lazy\" decoding=\"async\" width=\"800\" height=\"450\" data-attachment-id=\"132142\" data-permalink=\"https:\/\/realitatearutiera.ro\/?attachment_id=132142\" data-orig-file=\"https:\/\/i2.wp.com\/realitatearutiera.ro\/wp-content\/uploads\/2026\/01\/image-66.png?fit=1200%2C675&amp;ssl=1\" data-orig-size=\"1200,675\" data-comments-opened=\"1\" data-image-meta=\"{&quot;aperture&quot;:&quot;0&quot;,&quot;credit&quot;:&quot;&quot;,&quot;camera&quot;:&quot;&quot;,&quot;caption&quot;:&quot;&quot;,&quot;created_timestamp&quot;:&quot;0&quot;,&quot;copyright&quot;:&quot;&quot;,&quot;focal_length&quot;:&quot;0&quot;,&quot;iso&quot;:&quot;0&quot;,&quot;shutter_speed&quot;:&quot;0&quot;,&quot;title&quot;:&quot;&quot;,&quot;orientation&quot;:&quot;0&quot;}\" data-image-title=\"image\" data-image-description=\"\" data-medium-file=\"https:\/\/i2.wp.com\/realitatearutiera.ro\/wp-content\/uploads\/2026\/01\/image-66.png?fit=300%2C169&amp;ssl=1\" data-large-file=\"https:\/\/i2.wp.com\/realitatearutiera.ro\/wp-content\/uploads\/2026\/01\/image-66.png?fit=800%2C450&amp;ssl=1\" src=\"https:\/\/i2.wp.com\/realitatearutiera.ro\/wp-content\/uploads\/2026\/01\/image-66-1024x576.png?resize=800%2C450&#038;ssl=1\" alt=\"\" class=\"wp-image-132142\" style=\"width:612px;height:auto\" srcset=\"https:\/\/i2.wp.com\/realitatearutiera.ro\/wp-content\/uploads\/2026\/01\/image-66.png?resize=1024%2C576&amp;ssl=1 1024w, https:\/\/i2.wp.com\/realitatearutiera.ro\/wp-content\/uploads\/2026\/01\/image-66.png?resize=300%2C169&amp;ssl=1 300w, https:\/\/i2.wp.com\/realitatearutiera.ro\/wp-content\/uploads\/2026\/01\/image-66.png?resize=768%2C432&amp;ssl=1 768w, https:\/\/i2.wp.com\/realitatearutiera.ro\/wp-content\/uploads\/2026\/01\/image-66.png?w=1200&amp;ssl=1 1200w\" sizes=\"auto, (max-width: 800px) 100vw, 800px\" data-recalc-dims=\"1\" \/><\/figure>\n\n\n\n<p>Amenda de circula\u021bie neachitat\u0103 \u00een primele 6 luni de la momentul emiterii se va majora cu p\u00e2n\u0103 la 60%, potrivit unui proiect de lege pus \u00een dezbatere public\u0103 de&nbsp;<a href=\"https:\/\/www.mdlpa.ro\/pages\/proiectlegeadoptaremasuricapacitateadm13012026\" target=\"_blank\" rel=\"noreferrer noopener\">Ministerul Dezvolt\u0103rii<\/a>.<\/p>\n\n\n\n<p>Proiectul de lege, care face parte dintr-un pachet amplu de m\u0103suri fiscal-bugetare, urm\u0103re\u0219te cre\u0219terea capacit\u0103\u021bii financiare a unit\u0103\u021bilor administrativ-teritoriale \u0219i \u00eembun\u0103t\u0103\u021birea gradului de colectare a veniturilor locale.<\/p>\n\n\n\n<p>Printre problemele identificate se afl\u0103 nivelul ridicat al&nbsp;<a href=\"https:\/\/www.promotor.ro\/stiri-auto\/amenda-uriasa-pentru-o-femeie-care-conducea-pe-autostrada-acoperita-de-zapada-cu-anvelope-de-vara-19444527\">amenzilor<\/a>&nbsp;contraven\u021bionale ne\u00eencasate, inclusiv al celor rutiere.<\/p>\n\n\n\n<p>\u00cen prezent, sanc\u021biunile aplicate persoanelor fizice reprezint\u0103 venit integral la bugetele locale. Dar, numeroase administra\u021bii locale se confrunt\u0103 cu dificult\u0103\u021bi \u00een acoperirea cheltuielilor curente din venituri proprii. Iar neplata sanc\u021biunilor contraven\u021bionale este una dintre cauzele importante ale acestui dezechilibru.<\/p>\n\n\n\n<h2 class=\"wp-block-heading\">Amenda de circula\u021bie se majoreaz\u0103 cu 60%<\/h2>\n\n\n\n<p>Procesul-verbal de contraven\u021bie are dublu rol, fiind at\u00e2t titlu de crean\u021b\u0103, c\u00e2t \u0219i \u00een\u0219tiin\u021bare de plat\u0103. \u0218oferul sanc\u021bionat are posibilitatea de a achita jum\u0103tate din minimul amenzii \u00een termen de 15 zile de la comunicare.<\/p>\n\n\n\n<p>\u00cens\u0103, dac\u0103 acest termen este dep\u0103\u0219it, obliga\u021bia fiscal\u0103 r\u0103m\u00e2ne \u00een sarcina contravenientului. Neplata amenzii \u00een termenul legal permite autorit\u0103\u021bilor locale s\u0103 aplice procedurile prev\u0103zute de Codul de procedur\u0103 fiscal\u0103, inclusiv calcularea de major\u0103ri \u0219i penalit\u0103\u021bi de \u00eent\u00e2rziere.<\/p>\n\n\n\n<p>Dar, noua propunere de modificare a legii stabile\u0219te c\u0103, dac\u0103 amenda nu e pl\u0103tit\u0103 \u00een 3 luni de la data emiterii, valoarea acesteia se majoreaz\u0103 cu 30%. Iar dac\u0103 trec alte 3 luni f\u0103r\u0103 a fi achitat\u0103, se aplic\u0103 o nou\u0103 majorare de 30 de procente la suma ini\u021bial\u0103.<\/p>\n\n\n\n<p>A\u0219adar, dac\u0103 \u00een 6 luni \u0219oferii nu achit\u0103 amenda de&nbsp;<a href=\"https:\/\/www.promotor.ro\/stiri-auto\/amenda-uriasa-pentru-o-femeie-care-conducea-pe-autostrada-acoperita-de-zapada-cu-anvelope-de-vara-19444527\">circula\u021bie<\/a>, valoarea acesteia va fi majorat\u0103 cu 60%.<\/p>\n\n\n\n<h2 class=\"wp-block-heading\">Cum se stabile\u0219te valoarea unei amenzi<\/h2>\n\n\n\n<p>De exemplu, un conduc\u0103tor auto este sanc\u021bionat cu 2 puncte de amend\u0103, pe 15 ianuarie, ceea ce \u00eenseamn\u0103 405 lei. Dac\u0103 pl\u0103te\u0219te amenda p\u00e2n\u0103 pe 30 ianuarie, va da la jum\u0103tate, adic\u0103 202,5 lei.<\/p>\n\n\n\n<p>Conform noii legi, \u00een cazul \u00een care achit\u0103 dup\u0103 data de 15 aprilie aceast\u0103 amend\u0103, va pl\u0103ti o penalitate de 121,5 lei. Adic\u0103, va fi obligat s\u0103 achite 526,5 lei.<\/p>\n\n\n\n<p>Iar dac\u0103 va achita amenda dup\u0103 15 iulie, majorarea va fi de peste 240 de lei. Ceea ce \u00eenseamn\u0103 c\u0103 va pl\u0103ti, \u00een total, 648 de lei.<\/p>\n\n\n\n<p>Practic, este o diferen\u021b\u0103 de 220% \u00eentre valoarea sanc\u021biunii la nivelul minim \u0219i cea majorat\u0103. Desigur, valoarea minim\u0103 este cea pl\u0103tit\u0103 \u00een primele 15 zile de la data emiterii amenzii.<\/p>\n\n\n\n<p>Deci, \u0219oferii care vor \u00eent\u00e2rzia mai mult de o jum\u0103tate de an plata amenzilor de circula\u021bie vor ajunge s\u0103 dea de trei ori mai mult dec\u00e2t cei care le achit\u0103 \u00een mai pu\u021bin de 15 zile.<\/p>\n\n\n\n<p>Sursa\/foto:promotor<\/p>\n","protected":false},"excerpt":{"rendered":"<p>Amenda de circula\u021bie neachitat\u0103 \u00een primele 6 luni de la momentul emiterii se va majora cu p\u00e2n\u0103 la 60%, potrivit<\/p>\n","protected":false},"author":1,"featured_media":132142,"comment_status":"open","ping_status":"closed","sticky":false,"template":"","format":"standard","meta":{"spay_email":"","footnotes":"","jetpack_publicize_message":""},"categories":[82],"tags":[],"class_list":["post-132141","post","type-post","status-publish","format-standard","has-post-thumbnail","hentry","category-auto"],"jetpack_featured_media_url":"https:\/\/i2.wp.com\/realitatearutiera.ro\/wp-content\/uploads\/2026\/01\/image-66.png?fit=1200%2C675&ssl=1","jetpack_publicize_connections":[],"jetpack_sharing_enabled":true,"jetpack_shortlink":"https:\/\/wp.me\/p61naM-ynj","jetpack-related-posts":[],"_links":{"self":[{"href":"https:\/\/realitatearutiera.ro\/index.php?rest_route=\/wp\/v2\/posts\/132141","targetHints":{"allow":["GET"]}}],"collection":[{"href":"https:\/\/realitatearutiera.ro\/index.php?rest_route=\/wp\/v2\/posts"}],"about":[{"href":"https:\/\/realitatearutiera.ro\/index.php?rest_route=\/wp\/v2\/types\/post"}],"author":[{"embeddable":true,"href":"https:\/\/realitatearutiera.ro\/index.php?rest_route=\/wp\/v2\/users\/1"}],"replies":[{"embeddable":true,"href":"https:\/\/realitatearutiera.ro\/index.php?rest_route=%2Fwp%2Fv2%2Fcomments&post=132141"}],"version-history":[{"count":1,"href":"https:\/\/realitatearutiera.ro\/index.php?rest_route=\/wp\/v2\/posts\/132141\/revisions"}],"predecessor-version":[{"id":132143,"href":"https:\/\/realitatearutiera.ro\/index.php?rest_route=\/wp\/v2\/posts\/132141\/revisions\/132143"}],"wp:featuredmedia":[{"embeddable":true,"href":"https:\/\/realitatearutiera.ro\/index.php?rest_route=\/wp\/v2\/media\/132142"}],"wp:attachment":[{"href":"https:\/\/realitatearutiera.ro\/index.php?rest_route=%2Fwp%2Fv2%2Fmedia&parent=132141"}],"wp:term":[{"taxonomy":"category","embeddable":true,"href":"https:\/\/realitatearutiera.ro\/index.php?rest_route=%2Fwp%2Fv2%2Fcategories&post=132141"},{"taxonomy":"post_tag","embeddable":true,"href":"https:\/\/realitatearutiera.ro\/index.php?rest_route=%2Fwp%2Fv2%2Ftags&post=132141"}],"curies":[{"name":"wp","href":"https:\/\/api.w.org\/{rel}","templated":true}]}}