{"id":132262,"date":"2026-01-19T10:51:36","date_gmt":"2026-01-19T08:51:36","guid":{"rendered":"https:\/\/realitatearutiera.ro\/?p=132262"},"modified":"2026-01-19T10:51:38","modified_gmt":"2026-01-19T08:51:38","slug":"accident-mortal-pe-dj-546-in-comuna-curtisoara-soferul-a-fugit-de-la-locul-faptei","status":"publish","type":"post","link":"https:\/\/realitatearutiera.ro\/?p=132262","title":{"rendered":"Accident mortal \u00a0pe DJ 546, \u00een comuna Curti\u015foara.\u00a0\u0218oferul a fugit de la locul faptei"},"content":{"rendered":"\n<p>O femeie de 47 de ani a murit, duminic\u0103 seara, dup\u0103 ce a fost lovit\u0103 de o ma\u015fin\u0103 care a p\u0103r\u0103sit locul accidentului. Poli\u0163i\u015ftii au reu\u015fit, dup\u0103 c\u00e2teva minute, prinderea conduc\u0103torului auto, un t\u00e2n\u0103r de 21 de ani.<img loading=\"lazy\" decoding=\"async\" src=\"https:\/\/i1.wp.com\/cdn.adh.reperio.news\/image-c\/c4275aee-0d76-401d-977c-1736ddfe76ac\/index.jpeg?resize=800%2C429&#038;ssl=1\" alt=\"Accident mortal \u00een jude\u021bul Olt FOTO: IPJ Olt\" width=\"800\" height=\"429\"  data-recalc-dims=\"1\"><\/p>\n\n\n\n<p>Accident mortal \u00een jude\u021bul Olt FOTO: IPJ Olt<\/p>\n\n\n\n<p>&nbsp; Reprezentan\u0163ii Inspectoratului de Poli\u0163ie al Jude\u0163ului Olt au declarat c\u0103 poli\u0163i\u015ftii au fost sesiza\u0163i, duminic\u0103, la ora 18.05, c\u0103 o persoan\u0103 se afl\u0103 \u00eentins\u0103 pe DJ 546, \u00een comuna Curti\u015foara.&nbsp;<\/p>\n\n\n\n<p><em>\u201dDin primele verific\u0103ri, poli\u0163i\u015ftii au constatat faptul c\u0103 o femeie de 47 de ani, din ora\u015ful Segarcea, jude\u0163ul Dolj, a fost victima unui eveniment rutier. Din nefericire, \u00een urma evenimentului rutier, femeia a decedat\u201d,&nbsp;<\/em>au afirmat reprezentan\u0163ii IPJ Olt, scrie&nbsp;<a href=\"https:\/\/www.news.ro\/eveniment\/olt-o-femeie-a-fost-accidentata-mortal-de-un-sofer-care-a-fugit-conducatorul-auto-a-fost-prins-de-politisti-1922404618552026011922313730\">News.<\/a><\/p>\n\n\n\n<p>Ei au men\u0163ionat c\u0103 poli\u0163i\u015ftii&nbsp;<a href=\"https:\/\/adevarul.ro\/stiri-locale\/slatina\/accident-cumplit-in-olt-un-baiat-de-15-ani-aflat-2501458.html\">au reu\u015fit identificarea conduc\u0103torului auto,<\/a>&nbsp;un t\u00e2n\u0103r de 21 de ani, din comuna Movileni, jude\u0163ul Olt.&nbsp;<\/p>\n\n\n\n<p>El a fost testat pentru consum de alcool, rezultatul fiind negativ.&nbsp;Poli\u0163i\u015ftii continu\u0103 cercet\u0103rile pentru comiterea infrac\u0163iunii de ucidere din culp\u0103 \u015fi<a href=\"https:\/\/adevarul.ro\/stiri-locale\/cluj-napoca\/barbat-lovit-mortal-de-o-masina-si-tarat-un-2499474.html\">&nbsp;p\u0103r\u0103sirea locului accidentului&nbsp;<\/a>ori modificarea sau \u015ftergerea urmelor acestuia.&nbsp;&nbsp;<\/p>\n\n\n\n<p>Sursa:adevarul<\/p>\n\n\n\n<p><\/p>\n","protected":false},"excerpt":{"rendered":"<p>O femeie de 47 de ani a murit, duminic\u0103 seara, dup\u0103 ce a fost lovit\u0103 de o ma\u015fin\u0103 care a<\/p>\n","protected":false},"author":1,"featured_media":121916,"comment_status":"open","ping_status":"closed","sticky":false,"template":"","format":"standard","meta":{"spay_email":"","footnotes":"","jetpack_publicize_message":""},"categories":[1],"tags":[],"class_list":["post-132262","post","type-post","status-publish","format-standard","has-post-thumbnail","hentry","category-uncategorized"],"jetpack_featured_media_url":"https:\/\/i2.wp.com\/realitatearutiera.ro\/wp-content\/uploads\/2025\/03\/accident-rutier-cu-victima.jpg?fit=1191%2C568&ssl=1","jetpack_publicize_connections":[],"jetpack_sharing_enabled":true,"jetpack_shortlink":"https:\/\/wp.me\/p61naM-ypg","jetpack-related-posts":[],"_links":{"self":[{"href":"https:\/\/realitatearutiera.ro\/index.php?rest_route=\/wp\/v2\/posts\/132262","targetHints":{"allow":["GET"]}}],"collection":[{"href":"https:\/\/realitatearutiera.ro\/index.php?rest_route=\/wp\/v2\/posts"}],"about":[{"href":"https:\/\/realitatearutiera.ro\/index.php?rest_route=\/wp\/v2\/types\/post"}],"author":[{"embeddable":true,"href":"https:\/\/realitatearutiera.ro\/index.php?rest_route=\/wp\/v2\/users\/1"}],"replies":[{"embeddable":true,"href":"https:\/\/realitatearutiera.ro\/index.php?rest_route=%2Fwp%2Fv2%2Fcomments&post=132262"}],"version-history":[{"count":1,"href":"https:\/\/realitatearutiera.ro\/index.php?rest_route=\/wp\/v2\/posts\/132262\/revisions"}],"predecessor-version":[{"id":132263,"href":"https:\/\/realitatearutiera.ro\/index.php?rest_route=\/wp\/v2\/posts\/132262\/revisions\/132263"}],"wp:featuredmedia":[{"embeddable":true,"href":"https:\/\/realitatearutiera.ro\/index.php?rest_route=\/wp\/v2\/media\/121916"}],"wp:attachment":[{"href":"https:\/\/realitatearutiera.ro\/index.php?rest_route=%2Fwp%2Fv2%2Fmedia&parent=132262"}],"wp:term":[{"taxonomy":"category","embeddable":true,"href":"https:\/\/realitatearutiera.ro\/index.php?rest_route=%2Fwp%2Fv2%2Fcategories&post=132262"},{"taxonomy":"post_tag","embeddable":true,"href":"https:\/\/realitatearutiera.ro\/index.php?rest_route=%2Fwp%2Fv2%2Ftags&post=132262"}],"curies":[{"name":"wp","href":"https:\/\/api.w.org\/{rel}","templated":true}]}}