{"id":132272,"date":"2026-01-19T11:11:38","date_gmt":"2026-01-19T09:11:38","guid":{"rendered":"https:\/\/realitatearutiera.ro\/?p=132272"},"modified":"2026-01-19T11:11:41","modified_gmt":"2026-01-19T09:11:41","slug":"accident-pe-strada-horea-cluj-trei-persoane-au-fost-duse-la-spital","status":"publish","type":"post","link":"https:\/\/realitatearutiera.ro\/?p=132272","title":{"rendered":"Accident pe strada Horea, Cluj. Trei persoane au fost duse la spital"},"content":{"rendered":"\n<p><strong>Un accident rutier petrecut \u00een aceast\u0103 diminea\u021b\u0103 pe strada Horea din municipiul Cluj-Napoca a dat peste cap traficul rutier \u0219i transportul public, bloc\u00e2nd circula\u021bia tramvaielor, troleibuzelor \u0219i autobuzelor timp de aproape o or\u0103.<\/strong><\/p>\n\n\n\n<p>Trei persoane au ajuns la spital dup\u0103 coliziunea dintre dou\u0103 ma\u0219ini<\/p>\n\n\n\n<h2 class=\"wp-block-heading\">Accident pe strada Horea. Trei persoane au fost duse la spital<\/h2>\n\n\n\n<p>Pompierii din cadrul Deta\u0219amentului 1 Cluj-Napoca au intervenit la fa\u021ba locului dup\u0103 ce dou\u0103 autoturisme au fost implicate \u00eentr-o coliziune. Din fericire, nu au existat victime \u00eencarcerate, \u00eens\u0103 trei persoane, o femeie, un b\u0103rbat \u0219i o adolescent\u0103 de aproximativ 16 ani, au fost transportate la spital de echipajele SAJ pentru investiga\u021bii suplimentare.Cluj24.ro<\/p>\n\n\n\n<figure class=\"wp-block-image\"><img decoding=\"async\" src=\"https:\/\/i0.wp.com\/cdn.cluj24.ro\/wp-content\/uploads\/2026\/01\/accident-horea3.jpg?w=800&#038;ssl=1\" alt=\"\" class=\"wp-image-276193\" data-recalc-dims=\"1\"\/><\/figure>\n\n\n\n<p><a href=\"https:\/\/cdn.cluj24.ro\/wp-content\/uploads\/2026\/01\/accident-horea3.jpg\"><\/a><\/p>\n\n\n\n<p>ISU Cluj a trimis dou\u0103 autospeciale dotate cu modul de descarcerare.<\/p>\n\n\n\n<h2 class=\"wp-block-heading\">Circula\u021bia, dat\u0103 peste cap. Tramvaiele au fost blocate<\/h2>\n\n\n\n<p>Accidentul a avut un impact major \u0219i asupra transportului public. Potrivit CTP Cluj-Napoca \u00een intervalul orar 7:25 \u2013 08:23, circula\u021bia mijloacelor de transport \u00een comun pe strada Horea, pe sensul spre Gar\u0103, a fost grav perturbat\u0103.<\/p>\n\n\n<div class=\"wp-block-image\">\n<figure class=\"aligncenter\"><img decoding=\"async\" src=\"https:\/\/i0.wp.com\/cdn.cluj24.ro\/wp-content\/uploads\/2026\/01\/accident-horea2.jpg?w=800&#038;ssl=1\" alt=\"\" class=\"wp-image-276192\" data-recalc-dims=\"1\"\/><\/figure>\n<\/div>\n\n\n<p><a href=\"https:\/\/cdn.cluj24.ro\/wp-content\/uploads\/2026\/01\/accident-horea2.jpg\"><\/a><\/p>\n\n\n\n<p>Astfel, tramvaiele au fost blocate total \u00een zon\u0103, iar troleibuzele \u0219i autobuzele au circulat alternativ, \u00een condi\u021bii dificile, \u00een func\u021bie de posibilit\u0103\u021bile de deblocare a carosabilului.<\/p>\n\n\n\n<p>Reluarea circula\u021biei \u00een condi\u021bii normale a fost posibil\u0103 abia dup\u0103 finalizarea cercet\u0103rilor de c\u0103tre poli\u021bi\u0219ti \u0219i dup\u0103 degajarea carosabilului.<\/p>\n\n\n\n<p>Evenimentul a provocat \u00eent\u00e2rzieri semnificative pentru sute de c\u0103l\u0103tori \u0219i a dus la formarea unor coloane de ma\u0219ini pe una dintre cele mai circulate artere din ora\u0219. Autorit\u0103\u021bile urmeaz\u0103 s\u0103 stabileasc\u0103 exact cauzele producerii accidentului.<\/p>\n\n\n\n<p>Sursa:cluj24<\/p>\n\n\n\n<p><\/p>\n","protected":false},"excerpt":{"rendered":"<p>Un accident rutier petrecut \u00een aceast\u0103 diminea\u021b\u0103 pe strada Horea din municipiul Cluj-Napoca a dat peste cap traficul rutier \u0219i<\/p>\n","protected":false},"author":1,"featured_media":99387,"comment_status":"open","ping_status":"closed","sticky":false,"template":"","format":"standard","meta":{"spay_email":"","footnotes":"","jetpack_publicize_message":""},"categories":[1],"tags":[],"class_list":["post-132272","post","type-post","status-publish","format-standard","has-post-thumbnail","hentry","category-uncategorized"],"jetpack_featured_media_url":"https:\/\/i0.wp.com\/realitatearutiera.ro\/wp-content\/uploads\/2023\/05\/accident-ambulanta-poza-buna_b920cdfaf1.jpg?fit=1920%2C1080&ssl=1","jetpack_publicize_connections":[],"jetpack_sharing_enabled":true,"jetpack_shortlink":"https:\/\/wp.me\/p61naM-ypq","jetpack-related-posts":[],"_links":{"self":[{"href":"https:\/\/realitatearutiera.ro\/index.php?rest_route=\/wp\/v2\/posts\/132272","targetHints":{"allow":["GET"]}}],"collection":[{"href":"https:\/\/realitatearutiera.ro\/index.php?rest_route=\/wp\/v2\/posts"}],"about":[{"href":"https:\/\/realitatearutiera.ro\/index.php?rest_route=\/wp\/v2\/types\/post"}],"author":[{"embeddable":true,"href":"https:\/\/realitatearutiera.ro\/index.php?rest_route=\/wp\/v2\/users\/1"}],"replies":[{"embeddable":true,"href":"https:\/\/realitatearutiera.ro\/index.php?rest_route=%2Fwp%2Fv2%2Fcomments&post=132272"}],"version-history":[{"count":1,"href":"https:\/\/realitatearutiera.ro\/index.php?rest_route=\/wp\/v2\/posts\/132272\/revisions"}],"predecessor-version":[{"id":132273,"href":"https:\/\/realitatearutiera.ro\/index.php?rest_route=\/wp\/v2\/posts\/132272\/revisions\/132273"}],"wp:featuredmedia":[{"embeddable":true,"href":"https:\/\/realitatearutiera.ro\/index.php?rest_route=\/wp\/v2\/media\/99387"}],"wp:attachment":[{"href":"https:\/\/realitatearutiera.ro\/index.php?rest_route=%2Fwp%2Fv2%2Fmedia&parent=132272"}],"wp:term":[{"taxonomy":"category","embeddable":true,"href":"https:\/\/realitatearutiera.ro\/index.php?rest_route=%2Fwp%2Fv2%2Fcategories&post=132272"},{"taxonomy":"post_tag","embeddable":true,"href":"https:\/\/realitatearutiera.ro\/index.php?rest_route=%2Fwp%2Fv2%2Ftags&post=132272"}],"curies":[{"name":"wp","href":"https:\/\/api.w.org\/{rel}","templated":true}]}}