{"id":132274,"date":"2026-01-19T11:12:59","date_gmt":"2026-01-19T09:12:59","guid":{"rendered":"https:\/\/realitatearutiera.ro\/?p=132274"},"modified":"2026-01-19T11:13:02","modified_gmt":"2026-01-19T09:13:02","slug":"judetul-ialomita-circulatie-deviata-de-pe-autostrada-a2-bucuresti-constanta","status":"publish","type":"post","link":"https:\/\/realitatearutiera.ro\/?p=132274","title":{"rendered":"JUDE\u021aUL IALOMI\u021aA: CIRCULA\u021aIE DEVIAT\u0102 DE PE AUTOSTRADA A2 BUCURE\u0218TI-CONSTAN\u021aA"},"content":{"rendered":"\n<p><strong>Ora:&nbsp;<\/strong>10:35<\/p>\n\n\n\n<p><strong>Centrul INFOTRAFIC din Inspectoratul General al Poli\u0163iei Rom\u00e2ne<\/strong>&nbsp;informeaz\u0103 c\u0103 pe autostrada A2 Bucure\u0219ti-Constan\u021ba, la kilometrul 139, pe sensul de mers spre litoral, \u00een apropierea localit\u0103\u021bii Fete\u0219ti, jude\u021bul Ialomi\u021ba, s-a produs un eveniment rutier soldat doar cu pagube materiale, \u00een care au fost implicate dou\u0103 autotrenuri, ce au r\u0103mas imobilizate pe suprafa\u021ba de rulare.<\/p>\n\n\n\n<p>Traficul rutier este oprit pe sensul de mers spre litoral, urm\u00e2nd s\u0103 fie deviat pe la nodul rutier de la kilometrul 105, localitatea Drajna. Se estimeaz\u0103 reluarea normal\u0103 a traficului dup\u0103 ora 11:00.<\/p>\n","protected":false},"excerpt":{"rendered":"<p>Ora:&nbsp;10:35 Centrul INFOTRAFIC din Inspectoratul General al Poli\u0163iei Rom\u00e2ne&nbsp;informeaz\u0103 c\u0103 pe autostrada A2 Bucure\u0219ti-Constan\u021ba, la kilometrul 139, pe sensul de<\/p>\n","protected":false},"author":1,"featured_media":92211,"comment_status":"open","ping_status":"closed","sticky":false,"template":"","format":"standard","meta":{"spay_email":"","footnotes":"","jetpack_publicize_message":""},"categories":[54],"tags":[],"class_list":["post-132274","post","type-post","status-publish","format-standard","has-post-thumbnail","hentry","category-informatii-rutiere"],"jetpack_featured_media_url":"https:\/\/realitatearutiera.ro\/wp-content\/uploads\/2022\/11\/info-trafic-observatorulnational-1.webp","jetpack_publicize_connections":[],"jetpack_sharing_enabled":true,"jetpack_shortlink":"https:\/\/wp.me\/p61naM-yps","jetpack-related-posts":[],"_links":{"self":[{"href":"https:\/\/realitatearutiera.ro\/index.php?rest_route=\/wp\/v2\/posts\/132274","targetHints":{"allow":["GET"]}}],"collection":[{"href":"https:\/\/realitatearutiera.ro\/index.php?rest_route=\/wp\/v2\/posts"}],"about":[{"href":"https:\/\/realitatearutiera.ro\/index.php?rest_route=\/wp\/v2\/types\/post"}],"author":[{"embeddable":true,"href":"https:\/\/realitatearutiera.ro\/index.php?rest_route=\/wp\/v2\/users\/1"}],"replies":[{"embeddable":true,"href":"https:\/\/realitatearutiera.ro\/index.php?rest_route=%2Fwp%2Fv2%2Fcomments&post=132274"}],"version-history":[{"count":1,"href":"https:\/\/realitatearutiera.ro\/index.php?rest_route=\/wp\/v2\/posts\/132274\/revisions"}],"predecessor-version":[{"id":132275,"href":"https:\/\/realitatearutiera.ro\/index.php?rest_route=\/wp\/v2\/posts\/132274\/revisions\/132275"}],"wp:featuredmedia":[{"embeddable":true,"href":"https:\/\/realitatearutiera.ro\/index.php?rest_route=\/wp\/v2\/media\/92211"}],"wp:attachment":[{"href":"https:\/\/realitatearutiera.ro\/index.php?rest_route=%2Fwp%2Fv2%2Fmedia&parent=132274"}],"wp:term":[{"taxonomy":"category","embeddable":true,"href":"https:\/\/realitatearutiera.ro\/index.php?rest_route=%2Fwp%2Fv2%2Fcategories&post=132274"},{"taxonomy":"post_tag","embeddable":true,"href":"https:\/\/realitatearutiera.ro\/index.php?rest_route=%2Fwp%2Fv2%2Ftags&post=132274"}],"curies":[{"name":"wp","href":"https:\/\/api.w.org\/{rel}","templated":true}]}}