{"id":132449,"date":"2026-01-22T11:13:36","date_gmt":"2026-01-22T09:13:36","guid":{"rendered":"https:\/\/realitatearutiera.ro\/?p=132449"},"modified":"2026-01-22T11:13:51","modified_gmt":"2026-01-22T09:13:51","slug":"descopera-romania-iarna-locuri-de-vizitat-in-sezonul-rece","status":"publish","type":"post","link":"https:\/\/realitatearutiera.ro\/?p=132449","title":{"rendered":"Descoper\u0103 Rom\u00e2nia iarna: locuri de vizitat \u00een sezonul rece"},"content":{"rendered":"\n<p>Iarna este superb\u0103 \u00een Rom\u00e2nia, iar dac\u0103 nu faci o vacan\u021b\u0103 \u00een aceast\u0103 perioad\u0103 a anului, nu vei \u0219ti niciodat\u0103 c\u00e2te peisaje spectaculoase \u0219i activit\u0103\u021bi frumoase pierzi. Exist\u0103 o mul\u021bime de locuri perfecte pentru a le vizita anul acesta \u00een sezonul rece.<\/p>\n\n\n\n<h2 class=\"wp-block-heading\">Destina\u021bii de iarn\u0103 \u00een Rom\u00e2nia de vizitat \u00een 2026<\/h2>\n\n\n\n<h2 class=\"wp-block-heading\"><strong>Vatra Dornei<\/strong><\/h2>\n\n\n\n<p>Vatra Dornei este o destina\u021bie perfect\u0103 pentru o vacan\u021b\u0103 de iarn\u0103 \u00een Rom\u00e2nia. Ai parte de activit\u0103\u021bi diverse \u0219i p\u00e2rtii excelente pe care po\u021bi practica schiul sau snowboard-ul. \u00cen plus, ora\u0219ul dispune de muzee precum Muzeul Etnografic \u0219i Muzeul V\u00e2n\u0103torii \u0219i al \u0218tiin\u021belor Naturale. Iarna, patinoarul din Parcul Central func\u021bioneaz\u0103, iar domeniul schiabil include patru p\u00e2rtii cu grade diferite de dificultate, \u00een total peste 5 kilometri. De aici po\u021bi merge s\u0103 vizitezi o mul\u021bime de&nbsp;<a href=\"https:\/\/stirileprotv.ro\/stiri\/travel\/manastirile-din-moldova-de-la-voronet-si-putna-la-manastirile-mai-putin-cunoscute.html\">m\u0103n\u0103stiri din Bucovina&nbsp;<\/a>care se afl\u0103 la distan\u021be relativ mici.<\/p>\n\n\n\n<figure class=\"wp-block-image\"><img decoding=\"async\" src=\"https:\/\/i1.wp.com\/stirileprotv.ro\/img\/2026\/01\/21\/142059\/shutterstock-1566139735.jpg?w=800&#038;ssl=1\" alt=\"\" data-recalc-dims=\"1\"\/><\/figure>\n\n\n\n<h2 class=\"wp-block-heading\"><strong>Colibi\u021ba\u2028<\/strong><\/h2>\n\n\n\n<p>Colibi\u021ba este o destina\u021bie superb\u0103 pe timp de iarn\u0103, ideal\u0103 pentru cei care vor s\u0103 se relaxeze \u00eentr-un peisaj spectaculos. Zona are multe de oferit, iar peisajul de iarn\u0103 include lacul, p\u0103durile \u0219i a\u0219ez\u0103rile locale acoperite de z\u0103pad\u0103. Pe timp de iarn\u0103, pensiunile din zon\u0103 \u0219i hotelurile pun la dispozi\u021bie spa, piscine \u0219i jacuzzi.<\/p>\n\n\n\n<p>Lacul Colibi\u021ba este vizitat frecvent iarna datorit\u0103 peisajului \u0219i aerului curat. \u00cen sezonul rece, lacul poate \u00eenghe\u021ba par\u021bial sau total, iar zona este potrivit\u0103 pentru plimb\u0103ri \u0219i drume\u021bii u\u0219oare. \u0218i aici g\u0103se\u0219ti spa \u0219i caz\u0103ri cu jacuzzi, perfecte pentru a te relaxa.<\/p>\n\n\n\n<figure class=\"wp-block-image\"><img decoding=\"async\" src=\"https:\/\/i2.wp.com\/stirileprotv.ro\/img\/2026\/01\/21\/140749\/shutterstock-1698854890.jpg?w=800&#038;ssl=1\" alt=\"\" data-recalc-dims=\"1\"\/><\/figure>\n\n\n\n<h2 class=\"wp-block-heading\"><strong>R\u00e2nca\u2028<\/strong><\/h2>\n\n\n\n<p><a href=\"https:\/\/stirileprotv.ro\/stiri\/travel\/statiunea-ranca-trasee-montane-cum-ajungi-si-ce-poti-face-aici.html\">R\u00e2nca&nbsp;<\/a>este una dintre principalele sta\u021biuni de schi din Carpa\u021bii Olteniei. Se afl\u0103 la peste 1600 de metri altitudine, are un strat de z\u0103pad\u0103 stabil pe o perioad\u0103 lung\u0103 \u0219i lini\u0219tea de aici este \u00eenc\u00e2nt\u0103toare, ideal\u0103 pentru o vacan\u021b\u0103 plin\u0103 de relaxare. Accesul se face prin Transalpina, iar domeniul schiabil include \u0219ase p\u00e2rtii, cu altitudini de p\u00e2n\u0103 la 2100 de metri, deservite de instala\u021bii de teleschi. Exist\u0103 \u0219i o p\u00e2rtie dedicat\u0103 s\u0103niu\u0219ului pentru copii.<\/p>\n\n\n\n<figure class=\"wp-block-image\"><img decoding=\"async\" src=\"https:\/\/i2.wp.com\/stirileprotv.ro\/img\/2026\/01\/21\/140937\/62504425.jpg?w=800&#038;ssl=1\" alt=\"\" data-recalc-dims=\"1\"\/><\/figure>\n\n\n\n<h2 class=\"wp-block-heading\"><strong>Cascada V\u0103lul Miresei\u2028<\/strong><\/h2>\n\n\n\n<p><a href=\"https:\/\/stirileprotv.ro\/stiri\/travel\/cascada-valul-miresei-legenda-trasee-si-tot-ce-trebuie-sa-stii-inainte-sa-o-vizitezi.html\">Cascada V\u0103lul Miresei<\/a>, din Mun\u021bii Apuseni, poate fi vizitat\u0103 \u0219i iarna. \u00cen perioadele cu temperaturi sc\u0103zute, apa \u00eenghea\u021b\u0103 par\u021bial \u0219i formeaz\u0103 structuri de ghea\u021b\u0103 vizibile.<\/p>\n\n\n\n<figure class=\"wp-block-image\"><img decoding=\"async\" src=\"https:\/\/i0.wp.com\/stirileprotv.ro\/img\/2026\/01\/21\/141105\/61863551.jpg?w=800&#038;ssl=1\" alt=\"\" data-recalc-dims=\"1\"\/><\/figure>\n\n\n\n<h2 class=\"wp-block-heading\"><strong>Harghita\u2028<\/strong><\/h2>\n\n\n\n<p><a href=\"https:\/\/stirileprotv.ro\/stiri\/travel\/obiective-turistice-in-harghita-unul-dintre-cele-mai-spectaculoase-judete-din-romania.html\">Jude\u021bul Harghita&nbsp;<\/a>este o destina\u021bie superb\u0103 de iarn\u0103, cu p\u00e2rtiile de schi \u00eentinse, izvoarele minerale \u0219i peisajele spectaculoase. Ca activit\u0103\u021bi po\u021bi face schi, drume\u021bii de iarn\u0103 \u0219i plimb\u0103ri cu sania.<\/p>\n\n\n\n<figure class=\"wp-block-image\"><img decoding=\"async\" src=\"https:\/\/i2.wp.com\/stirileprotv.ro\/img\/2026\/01\/21\/141936\/shutterstock-1045009951.jpg?w=800&#038;ssl=1\" alt=\"\" data-recalc-dims=\"1\"\/><\/figure>\n\n\n\n<h2 class=\"wp-block-heading\"><strong>Timi\u0219oara\u2028<\/strong><\/h2>\n\n\n\n<p><a href=\"https:\/\/stirileprotv.ro\/divers\/timisoara-obiective-turistice-ce-poti-vedea-intr-unul-din-cele-mai-frumoase-orase-din-romania.html\">Timi\u0219oara&nbsp;<\/a>este o destina\u021bie de vacan\u021b\u0103 superb\u0103, indiferent de anotimp. Iarna, ora\u0219ul pare \u0219i mai frumos. Viziteaz\u0103 muzeele \u0219i obiective istorice. \u00cen plus, de aici po\u021bi porni spre alte destina\u021bii.<\/p>\n\n\n\n<figure class=\"wp-block-image\"><img decoding=\"async\" src=\"https:\/\/i2.wp.com\/stirileprotv.ro\/img\/2026\/01\/21\/141645\/shutterstock-2097039964.jpg?w=800&#038;ssl=1\" alt=\"\" data-recalc-dims=\"1\"\/><\/figure>\n\n\n\n<h2 class=\"wp-block-heading\"><strong>Sibiu<\/strong><\/h2>\n\n\n\n<p>Un alt ora\u0219 superb de vizitat pe timp de iarn\u0103 este&nbsp;<a href=\"https:\/\/stirileprotv.ro\/stiri\/travel\/ce-poti-vizita-in-orasul-sibiu-care-sunt-principalele-obiective-din-unul-dintre-cele-mai-frumoase-orase-din-romania.html\">Sibiu<\/a>. Pia\u021ba Mare \u0219i cl\u0103dirile sale colorate cap\u0103t\u0103 un farmec aparte \u00een sezonul rece.<\/p>\n\n\n\n<figure class=\"wp-block-image\"><img decoding=\"async\" src=\"https:\/\/i0.wp.com\/stirileprotv.ro\/img\/2026\/01\/21\/141825\/shutterstock-2265845091.jpg?w=800&#038;ssl=1\" alt=\"\" data-recalc-dims=\"1\"\/><\/figure>\n\n\n\n<h2 class=\"wp-block-heading\"><strong>Maramure\u0219<\/strong><\/h2>\n\n\n\n<p><a href=\"https:\/\/stirileprotv.ro\/stiri\/travel\/locuri-de-vizitat-in-maramures-cele-mai-frumoase-obiective-turistice-din-nordul-tarii.html\">Maramure\u0219ul&nbsp;<\/a>este o zon\u0103 unic\u0103 \u00een Rom\u00e2nia. Iarna, locul devine \u0219i mai frumos, cu satele sale tradi\u021bionale \u0219i peisajele montane impresionante. Tradi\u021biile r\u0103m\u00e2n vii aici \u0219i po\u021bi participa la evenimente speciale din zon\u0103, inclusiv la ateliere de artizanat. Ia-\u021bi o pauz\u0103 de la agita\u021bia Capitalei \u0219i viziteaz\u0103 aceast\u0103 zon\u0103 a Rom\u00e2niei unic\u0103.<\/p>\n\n\n\n<figure class=\"wp-block-image\"><img decoding=\"async\" src=\"https:\/\/i2.wp.com\/stirileprotv.ro\/img\/2026\/01\/21\/142318\/shutterstock-2371942663-2.jpg?w=800&#038;ssl=1\" alt=\"\" data-recalc-dims=\"1\"\/><\/figure>\n\n\n\n<p>Sursa\/foto:adevarul<\/p>\n","protected":false},"excerpt":{"rendered":"<p>Iarna este superb\u0103 \u00een Rom\u00e2nia, iar dac\u0103 nu faci o vacan\u021b\u0103 \u00een aceast\u0103 perioad\u0103 a anului, nu vei \u0219ti niciodat\u0103<\/p>\n","protected":false},"author":1,"featured_media":132450,"comment_status":"open","ping_status":"closed","sticky":false,"template":"","format":"standard","meta":{"spay_email":"","footnotes":"","jetpack_publicize_message":""},"categories":[53],"tags":[],"class_list":["post-132449","post","type-post","status-publish","format-standard","has-post-thumbnail","hentry","category-periplu-prin-romania"],"jetpack_featured_media_url":"https:\/\/i2.wp.com\/realitatearutiera.ro\/wp-content\/uploads\/2026\/01\/62504425.jpg?fit=1024%2C576&ssl=1","jetpack_publicize_connections":[],"jetpack_sharing_enabled":true,"jetpack_shortlink":"https:\/\/wp.me\/p61naM-ysh","jetpack-related-posts":[],"_links":{"self":[{"href":"https:\/\/realitatearutiera.ro\/index.php?rest_route=\/wp\/v2\/posts\/132449","targetHints":{"allow":["GET"]}}],"collection":[{"href":"https:\/\/realitatearutiera.ro\/index.php?rest_route=\/wp\/v2\/posts"}],"about":[{"href":"https:\/\/realitatearutiera.ro\/index.php?rest_route=\/wp\/v2\/types\/post"}],"author":[{"embeddable":true,"href":"https:\/\/realitatearutiera.ro\/index.php?rest_route=\/wp\/v2\/users\/1"}],"replies":[{"embeddable":true,"href":"https:\/\/realitatearutiera.ro\/index.php?rest_route=%2Fwp%2Fv2%2Fcomments&post=132449"}],"version-history":[{"count":1,"href":"https:\/\/realitatearutiera.ro\/index.php?rest_route=\/wp\/v2\/posts\/132449\/revisions"}],"predecessor-version":[{"id":132451,"href":"https:\/\/realitatearutiera.ro\/index.php?rest_route=\/wp\/v2\/posts\/132449\/revisions\/132451"}],"wp:featuredmedia":[{"embeddable":true,"href":"https:\/\/realitatearutiera.ro\/index.php?rest_route=\/wp\/v2\/media\/132450"}],"wp:attachment":[{"href":"https:\/\/realitatearutiera.ro\/index.php?rest_route=%2Fwp%2Fv2%2Fmedia&parent=132449"}],"wp:term":[{"taxonomy":"category","embeddable":true,"href":"https:\/\/realitatearutiera.ro\/index.php?rest_route=%2Fwp%2Fv2%2Fcategories&post=132449"},{"taxonomy":"post_tag","embeddable":true,"href":"https:\/\/realitatearutiera.ro\/index.php?rest_route=%2Fwp%2Fv2%2Ftags&post=132449"}],"curies":[{"name":"wp","href":"https:\/\/api.w.org\/{rel}","templated":true}]}}