{"id":132506,"date":"2026-01-23T10:06:23","date_gmt":"2026-01-23T08:06:23","guid":{"rendered":"https:\/\/realitatearutiera.ro\/?p=132506"},"modified":"2026-01-23T10:06:26","modified_gmt":"2026-01-23T08:06:26","slug":"accident-mortal-in-apropierea-localitatii-bailesti-dolj","status":"publish","type":"post","link":"https:\/\/realitatearutiera.ro\/?p=132506","title":{"rendered":"Accident mortal \u00een apropierea localit\u0103\u0163ii B\u0103ile\u015fti-Dolj"},"content":{"rendered":"\n<p>Doi b\u0103rba\u0163i au murit \u00een urma unui accident rutier grav care s-a produs joi sear\u0103 \u00een jude\u021bul Dolj. Autoturismul \u00een care se aflau s-a r\u0103sturnat \u00een afara carosabilului. Poli\u021bi\u0219tii au deschis un dosar penal pentru ucidere din culp\u0103.<a href=\"https:\/\/observatornews.ro\/autori\/redactia-observator-id29.html\"><\/a><\/p>\n\n\n\n<p><img loading=\"lazy\" decoding=\"async\" src=\"https:\/\/img.observatornews.ro\/0\/2026\/1\/23\/643601\/fotojet-42-e2912815.webp?w=430&amp;f=2&amp;v=2\" alt=\"Doi b\u0103rba\u021bi au murit dup\u0103 ce s-au r\u0103sturnat cu ma\u015fina pe un drum jude\u021bean din Dolj\" width=\"430\" height=\"320\"><\/p>\n\n\n\n<p>Doi b\u0103rba\u021bi au murit dup\u0103 ce s-au r\u0103sturnat cu ma\u015fina pe un drum jude\u021bean din Dolj &#8211; IPJ Dolj<\/p>\n\n\n\n<p>Reprezentan\u0163ii Inspectoratului de Poli\u0163ie al Jude\u0163ului Dolj au anun\u0163at c\u0103 poli\u0163i\u015ftii au fost sesiza\u0163i, joi sear\u0103, cu privire la faptul c\u0103 pe DJ 561 A, \u00een apropierea localit\u0103\u0163ii B\u0103ile\u015fti, s-a produs un accident rutier, potrivit News.ro.<\/p>\n\n\n\n<p><em>&#8220;La fa\u0163a locului s-au deplasat poli\u0163i\u015fti din cadrul Forma\u0163iunii Rutiere B\u0103ile\u015fti care au stabilit faptul c\u0103 un t\u00e2n\u0103r, de 23 de ani, din comuna Afuma\u0163i, \u00een timp ce conducea un autoturism pe D.J. 561 A, din direc\u0163ia B\u0103ile\u015fti c\u0103tre Boureni, din cauze ce urmeaz\u0103 a fi stabilite \u00een urma cercet\u0103rilor, a pierdut controlul direc\u0163iei de deplasare, a p\u0103r\u0103sit partea carosabil\u0103 \u015fi s-a r\u0103sturnat&#8221;<\/em>, potrivit&nbsp;<strong>IPJ Dolj.<\/strong><\/p>\n\n\n\n<p>\u00cen urma evenimentului rutier, conduc\u0103torul auto \u015fi un b\u0103rbat de 56 de ani din comuna Afuma\u0163i, pasager \u00een autoturism, au decedat.<\/p>\n\n\n\n<p>Poli\u0163i\u015ftii au deschis dosar penal pentru&nbsp; comiterea infrac\u0163iunii de ucidere din culp\u0103. Ei continu\u0103 cercet\u0103rile pentru a stabili \u00eemprejur\u0103rile exacte \u00een care s-a produs evenimentul.<\/p>\n\n\n\n<p>Sursa:observatornews<\/p>\n\n\n\n<p><\/p>\n","protected":false},"excerpt":{"rendered":"<p>Doi b\u0103rba\u0163i au murit \u00een urma unui accident rutier grav care s-a produs joi sear\u0103 \u00een jude\u021bul Dolj. Autoturismul \u00een<\/p>\n","protected":false},"author":1,"featured_media":116078,"comment_status":"open","ping_status":"closed","sticky":false,"template":"","format":"standard","meta":{"spay_email":"","footnotes":"","jetpack_publicize_message":""},"categories":[1],"tags":[],"class_list":["post-132506","post","type-post","status-publish","format-standard","has-post-thumbnail","hentry","category-uncategorized"],"jetpack_featured_media_url":"https:\/\/i1.wp.com\/realitatearutiera.ro\/wp-content\/uploads\/2024\/09\/accident.jpg?fit=630%2C365&ssl=1","jetpack_publicize_connections":[],"jetpack_sharing_enabled":true,"jetpack_shortlink":"https:\/\/wp.me\/p61naM-ytc","jetpack-related-posts":[],"_links":{"self":[{"href":"https:\/\/realitatearutiera.ro\/index.php?rest_route=\/wp\/v2\/posts\/132506","targetHints":{"allow":["GET"]}}],"collection":[{"href":"https:\/\/realitatearutiera.ro\/index.php?rest_route=\/wp\/v2\/posts"}],"about":[{"href":"https:\/\/realitatearutiera.ro\/index.php?rest_route=\/wp\/v2\/types\/post"}],"author":[{"embeddable":true,"href":"https:\/\/realitatearutiera.ro\/index.php?rest_route=\/wp\/v2\/users\/1"}],"replies":[{"embeddable":true,"href":"https:\/\/realitatearutiera.ro\/index.php?rest_route=%2Fwp%2Fv2%2Fcomments&post=132506"}],"version-history":[{"count":1,"href":"https:\/\/realitatearutiera.ro\/index.php?rest_route=\/wp\/v2\/posts\/132506\/revisions"}],"predecessor-version":[{"id":132507,"href":"https:\/\/realitatearutiera.ro\/index.php?rest_route=\/wp\/v2\/posts\/132506\/revisions\/132507"}],"wp:featuredmedia":[{"embeddable":true,"href":"https:\/\/realitatearutiera.ro\/index.php?rest_route=\/wp\/v2\/media\/116078"}],"wp:attachment":[{"href":"https:\/\/realitatearutiera.ro\/index.php?rest_route=%2Fwp%2Fv2%2Fmedia&parent=132506"}],"wp:term":[{"taxonomy":"category","embeddable":true,"href":"https:\/\/realitatearutiera.ro\/index.php?rest_route=%2Fwp%2Fv2%2Fcategories&post=132506"},{"taxonomy":"post_tag","embeddable":true,"href":"https:\/\/realitatearutiera.ro\/index.php?rest_route=%2Fwp%2Fv2%2Ftags&post=132506"}],"curies":[{"name":"wp","href":"https:\/\/api.w.org\/{rel}","templated":true}]}}